{"id":2972,"date":"2021-02-26T10:02:27","date_gmt":"2021-02-26T13:02:27","guid":{"rendered":"https:\/\/radiorevelacionfm.cl\/?p=2972"},"modified":"2021-02-26T10:02:27","modified_gmt":"2021-02-26T13:02:27","slug":"nutrida-agenda-de-subsecretario-de-energia-en-la-region-de-aysen","status":"publish","type":"post","link":"https:\/\/radiorevelacionfm.cl\/?p=2972","title":{"rendered":"Nutrida agenda de Subsecretario de Energ\u00eda en la regi\u00f3n de Ays\u00e9n"},"content":{"rendered":"<div class=\"flex_column av_one_full  flex_column_div av-zero-column-padding first  avia-builder-el-0  el_before_av_one_full  avia-builder-el-first  \" style='border-radius:0px; '><div  class='avia-image-container  av-styling-    avia-builder-el-1  avia-builder-el-no-sibling  avia-align-center '  itemprop=\"image\" itemscope=\"itemscope\" itemtype=\"https:\/\/schema.org\/ImageObject\"  ><div class='avia-image-container-inner'><div class='avia-image-overlay-wrap'><img decoding=\"async\" class='wp-image-0 avia-img-lazy-loading-not-0 avia_image' src=\"https:\/\/radiorevelacionfm.cl\/wp-content\/uploads\/2021\/02\/3-pyme-1.jpg\" alt='' title=''   itemprop=\"thumbnailUrl\"  \/><\/div><\/div><\/div><\/div><div class=\"flex_column av_one_full  flex_column_div av-zero-column-padding first  avia-builder-el-2  el_after_av_one_full  el_before_av_one_full  column-top-margin\" style='border-radius:0px; '><section class=\"av_textblock_section \"  itemscope=\"itemscope\" itemtype=\"https:\/\/schema.org\/BlogPosting\" itemprop=\"blogPost\" ><div class='avia_textblock  '   itemprop=\"text\" ><p style=\"text-align: center;\"><span style=\"font-size: 18pt;\"><strong>Nutrida agenda de Subsecretario de Energ\u00eda en la regi\u00f3n de Ays\u00e9n <\/strong><\/span><\/p>\n<div id=\"gtx-trans\" style=\"position: absolute; left: -50px; top: 4.31534px;\">\n<div class=\"gtx-trans-icon\"><\/div>\n<\/div>\n<\/div><\/section><\/div><div class=\"flex_column av_one_full  flex_column_div av-zero-column-padding first  avia-builder-el-4  el_after_av_one_full  el_before_av_hr  column-top-margin\" style='border-radius:0px; '><section class=\"av_textblock_section \"  itemscope=\"itemscope\" itemtype=\"https:\/\/schema.org\/BlogPosting\" itemprop=\"blogPost\" ><div class='avia_textblock  '   itemprop=\"text\" ><p style=\"text-align: justify;\"><em>Durante su visita en la regi\u00f3n, la autoridad comparti\u00f3 con la comunidad y comprob\u00f3 en terreno, los diversos avances de los programas que el sector desarrolla en la zona.<\/em><\/p>\n<p style=\"text-align: justify;\">Aprovechando cada minuto del d\u00eda, desde su arribo a la regi\u00f3n este mi\u00e9rcoles reci\u00e9n pasado, el Subsecretario de Energ\u00eda, Francisco L\u00f3pez, realiz\u00f3 diversas actividades contempladas en su agenda.<\/p>\n<p style=\"text-align: justify;\">Una de ellas tuvo lugar en la\u00a0 comuna de Coyhaique, donde se reuni\u00f3 con Sandra Cadag\u00e1n, beneficiaria del programa \u2018Ponle Energ\u00eda a tu Pyme\u2019. Esta iniciativa, desarrollada por el Ministerio de Energ\u00eda (MEN) y la Agencia de Sostenibilidad Energ\u00e9tica, apunta a promover la eficiencia energ\u00e9tica y las energ\u00edas renovables en micro, peque\u00f1as y medianas empresas.<\/p>\n<p style=\"text-align: justify;\">El programa cont\u00f3 con un total de $1.000 millones a nivel nacional para implementar proyectos energ\u00e9ticos, entregando un cofinanciamiento de hasta $8 millones por proyecto, beneficiando a 11 emprendedores en la regi\u00f3n de Ays\u00e9n. Asimismo, surgi\u00f3 tambi\u00e9n como una oportunidad de sostenibilidad econ\u00f3mica, social y ambiental, para aminorar los efectos negativos de la situaci\u00f3n producto de la pandemia por Covid 19.<\/p>\n<p style=\"text-align: justify;\">\u201cEl programa \u2018Ponle Energ\u00eda a tu Pyme\u2019 fue desarrollado por el Ministerio de Energ\u00eda y la Agencia de Sostenibilidad Energ\u00e9tica, y ten\u00eda como foco poder ayudar a las peque\u00f1as y medianas empresas de nuestro pa\u00eds en los momentos m\u00e1s duros de la pandemia, para que pudieran reducir sus costos de energ\u00eda e implementar medidas de eficiencia energ\u00e9tica. Asimismo, buscaba dar un impulso a las peque\u00f1as y medianas empresas del sector energ\u00eda para que pudieran continuar desarrollando proyectos, as\u00ed por cada uno de los proyectos que fueron adjudicados, son dos pymes las que fueron beneficiadas\u201d, destac\u00f3 el Subsecretario L\u00f3pez.<\/p>\n<p style=\"text-align: justify;\">Otro de los puntos que resalt\u00f3 la autoridad de Energ\u00eda, fue que \u201cen la regi\u00f3n de Ays\u00e9n son 11 los proyectos, por cerca de 40 millones de pesos, los que fueron beneficiados. Tuvimos la posibilidad de estar con do\u00f1a Sandra Cadag\u00e1n, due\u00f1a del Almac\u00e9n Coyhaique, que nos mostr\u00f3 los paneles solares que instalaron en sus dependencias y nos cont\u00f3 con mucha alegr\u00eda, que el consumo energ\u00e9tico, la cuenta de la luz,\u00a0 ha disminuido cerca de un 30% gracias a estos paneles que fueron cofinanciados\u00a0 por el Ministerio de Energ\u00eda en cerca de un 80%\u201d.<\/p>\n<p style=\"text-align: justify;\">El proyecto de Sandra, consisti\u00f3 en la instalaci\u00f3n fotovoltaica on grid de 1,32 kWp sobre el techo de su negocio de abarrotes y papeler\u00eda, abarcando un total de 10 metros cuadrados. De este modo, ahora tiene un ahorro estimado en su cuenta de electricidad de $225.000 anuales, y sus paneles solares tienen una durabilidad superior a los 25 a\u00f1os.<\/p>\n<p style=\"text-align: justify;\">\u201cSobre la visita del Subsecretario de Energ\u00eda, encuentro que es bueno que vengan autoridades a la regi\u00f3n,\u00a0 y agradezco mucho el reconocimiento que me dieron. Los paneles solares que tengo en mi Pyme me han ayudado, puedo tener las m\u00e1quinas siempre funcionando, tambi\u00e9n con las cuarentenas que hay por la pandemia, ayuda al \u2018bolsillo\u2019 y he visto el ahorro, la boleta de la luz me baj\u00f3 como un 30% mensual. Ojal\u00e1 hayan otros programas y m\u00e1s mujeres participen porque cuando nosotras nos proponemos algo, lo logramos\u201d, coment\u00f3 el emprendedora, Sandra Cadag\u00e1n.<\/p>\n<p style=\"text-align: justify;\">Posteriormente, el Subsecretario L\u00f3pez junto a la Intendente Regional, Margarita Ossa; el Seremi de Energ\u00eda, Juan Luis Amen\u00e1bar; y la Seremi de Medio Ambiente, M\u00f3nica Sald\u00edas, se dirigi\u00f3 a la zona de Villa Ortega, para ver el estado de avance del primer Centro Integral de Biomasa del pa\u00eds, a cargo de la empresa Biopatagonia, el cual est\u00e1 en plena etapa de ejecuci\u00f3n en sus dos l\u00edneas de trabajo: el centro de secado de le\u00f1a y la planta de pellet de pino.<\/p>\n<p style=\"text-align: justify;\">Esta iniciativa, enmarcada la Estrategia de Transici\u00f3n Energ\u00e9tica Residencial que impulsa el MEN, atiende a la necesidad de avanzar en la descontaminaci\u00f3n de las ciudades de la regi\u00f3n, cont\u00f3 con un fondo sectorial del MEN de $210 millones de pesos, y benefici\u00f3 a tres proyectos de la regi\u00f3n de Ays\u00e9n: dos en Coyhaique, y uno en Cochrane. De esta forma, se busca fomentar la producci\u00f3n de le\u00f1a y otros biocombustibles a mayor escala, que permitan aumentar la oferta de energ\u00e9ticos de calidad y con humedad menor al 25%, apuntando a la futura Ley de Biocombustibles S\u00f3lidos.<\/p>\n<p style=\"text-align: justify;\">Finalmente, el Seremi de Energ\u00eda de Ays\u00e9n, Juan Luis Amen\u00e1bar, destac\u00f3 que \u201cel Centro Integral de Biomasa ha sido una gran oportunidad para que los productores y comercializadores de le\u00f1a, pellet o astillas se sumen a la cruzada y, entre todos, mejoremos los est\u00e1ndares de le\u00f1a y productos derivados de la biomasa que aborden la demanda de calefacci\u00f3n y aporten a la descontaminaci\u00f3n de nuestra regi\u00f3n\u201d.<\/p>\n<\/div><\/section><\/div><div  style='height:50px' class='hr hr-invisible   avia-builder-el-6  el_after_av_one_full  el_before_av_social_share '><span class='hr-inner ' ><span class='hr-inner-style'><\/span><\/span><\/div><\/p>\n<div  class='av-social-sharing-box  avia-builder-el-7  el_after_av_hr  el_before_av_hr  '><div class='av-share-box'><h5 class='av-share-link-description av-no-toc '>Compartir esta noticia<\/h5><ul class='av-share-box-list noLightbox'><li class='av-share-link av-social-link-facebook' ><a target=\"_blank\" aria-label=\"Compartir en Facebook\" href='https:\/\/www.facebook.com\/sharer.php?u=https:\/\/radiorevelacionfm.cl\/?p=2972&#038;t=Nutrida%20agenda%20de%20Subsecretario%20de%20Energ%C3%ADa%20en%20la%20regi%C3%B3n%20de%20Ays%C3%A9n' aria-hidden='false' data-av_icon='\ue8f3' data-av_iconfont='entypo-fontello' title='' data-avia-related-tooltip='Compartir en Facebook' rel=\"noopener\"><span class='avia_hidden_link_text'>Compartir en Facebook<\/span><\/a><\/li><li class='av-share-link av-social-link-twitter' ><a target=\"_blank\" aria-label=\"Compartir en Twitter\" href='https:\/\/twitter.com\/share?text=Nutrida%20agenda%20de%20Subsecretario%20de%20Energ%C3%ADa%20en%20la%20regi%C3%B3n%20de%20Ays%C3%A9n&#038;url=https:\/\/radiorevelacionfm.cl\/?p=2972' aria-hidden='false' data-av_icon='\ue8f1' data-av_iconfont='entypo-fontello' title='' data-avia-related-tooltip='Compartir en Twitter' rel=\"noopener\"><span class='avia_hidden_link_text'>Compartir en Twitter<\/span><\/a><\/li><li class='av-share-link av-social-link-whatsapp' ><a target=\"_blank\" aria-label=\"Compartir en Whatsapp\" href='https:\/\/api.whatsapp.com\/send?text=https:\/\/radiorevelacionfm.cl\/?p=2972' aria-hidden='false' data-av_icon='\uf232' data-av_iconfont='entypo-fontello' title='' data-avia-related-tooltip='Compartir en Whatsapp' rel=\"noopener\"><span class='avia_hidden_link_text'>Compartir en Whatsapp<\/span><\/a><\/li><li class='av-share-link av-social-link-linkedin' ><a target=\"_blank\" aria-label=\"Compartir en LinkedIn\" href='https:\/\/linkedin.com\/shareArticle?mini=true&#038;title=Nutrida%20agenda%20de%20Subsecretario%20de%20Energ%C3%ADa%20en%20la%20regi%C3%B3n%20de%20Ays%C3%A9n&#038;url=https:\/\/radiorevelacionfm.cl\/?p=2972' aria-hidden='false' data-av_icon='\ue8fc' data-av_iconfont='entypo-fontello' title='' data-avia-related-tooltip='Compartir en LinkedIn' rel=\"noopener\"><span class='avia_hidden_link_text'>Compartir en LinkedIn<\/span><\/a><\/li><li class='av-share-link av-social-link-mail' ><a  aria-label=\"Compartir por correo\" href='mailto:?subject=Nutrida%20agenda%20de%20Subsecretario%20de%20Energ%C3%ADa%20en%20la%20regi%C3%B3n%20de%20Ays%C3%A9n&#038;body=https:\/\/radiorevelacionfm.cl\/?p=2972' aria-hidden='false' data-av_icon='\ue805' data-av_iconfont='entypo-fontello' title='' data-avia-related-tooltip='Compartir por correo'><span class='avia_hidden_link_text'>Compartir por correo<\/span><\/a><\/li><\/ul><\/div><\/div>\n<div  style='height:50px' class='hr hr-invisible   avia-builder-el-8  el_after_av_social_share  el_before_av_comments_list '><span class='hr-inner ' ><span class='hr-inner-style'><\/span><\/span><\/div>\n<div  class='av-buildercomment  av-blog-meta-html-info-disabled av-blog-meta-tag-disabled  '><\/div>\n","protected":false},"excerpt":{"rendered":"","protected":false},"author":1,"featured_media":0,"comment_status":"open","ping_status":"open","sticky":false,"template":"","format":"standard","meta":{"footnotes":""},"categories":[38],"tags":[],"class_list":["post-2972","post","type-post","status-publish","format-standard","hentry","category-regional"],"jetpack_featured_media_url":"","_links":{"self":[{"href":"https:\/\/radiorevelacionfm.cl\/index.php?rest_route=\/wp\/v2\/posts\/2972","targetHints":{"allow":["GET"]}}],"collection":[{"href":"https:\/\/radiorevelacionfm.cl\/index.php?rest_route=\/wp\/v2\/posts"}],"about":[{"href":"https:\/\/radiorevelacionfm.cl\/index.php?rest_route=\/wp\/v2\/types\/post"}],"author":[{"embeddable":true,"href":"https:\/\/radiorevelacionfm.cl\/index.php?rest_route=\/wp\/v2\/users\/1"}],"replies":[{"embeddable":true,"href":"https:\/\/radiorevelacionfm.cl\/index.php?rest_route=%2Fwp%2Fv2%2Fcomments&post=2972"}],"version-history":[{"count":1,"href":"https:\/\/radiorevelacionfm.cl\/index.php?rest_route=\/wp\/v2\/posts\/2972\/revisions"}],"predecessor-version":[{"id":2974,"href":"https:\/\/radiorevelacionfm.cl\/index.php?rest_route=\/wp\/v2\/posts\/2972\/revisions\/2974"}],"wp:attachment":[{"href":"https:\/\/radiorevelacionfm.cl\/index.php?rest_route=%2Fwp%2Fv2%2Fmedia&parent=2972"}],"wp:term":[{"taxonomy":"category","embeddable":true,"href":"https:\/\/radiorevelacionfm.cl\/index.php?rest_route=%2Fwp%2Fv2%2Fcategories&post=2972"},{"taxonomy":"post_tag","embeddable":true,"href":"https:\/\/radiorevelacionfm.cl\/index.php?rest_route=%2Fwp%2Fv2%2Ftags&post=2972"}],"curies":[{"name":"wp","href":"https:\/\/api.w.org\/{rel}","templated":true}]}}