{"id":29717,"date":"2023-04-04T18:18:53","date_gmt":"2023-04-04T21:18:53","guid":{"rendered":"https:\/\/radiorevelacionfm.cl\/?p=29717"},"modified":"2023-04-04T18:18:53","modified_gmt":"2023-04-04T21:18:53","slug":"barrio-comercial-cordon-barros-arana-de-la-junta-tuvo-su-hito-inaugural","status":"publish","type":"post","link":"https:\/\/radiorevelacionfm.cl\/?p=29717","title":{"rendered":"Barrio Comercial \u201cCord\u00f3n Barros Arana\u201d de La Junta tuvo su hito inaugural"},"content":{"rendered":"<div class=\"flex_column av_one_full  flex_column_div av-zero-column-padding first  avia-builder-el-0  el_before_av_one_full  avia-builder-el-first  \" style='border-radius:0px; '><div  class='avia-image-container  av-styling-    avia-builder-el-1  avia-builder-el-no-sibling  avia-align-center '  itemprop=\"image\" itemscope=\"itemscope\" itemtype=\"https:\/\/schema.org\/ImageObject\"  ><div class='avia-image-container-inner'><div class='avia-image-overlay-wrap'><img decoding=\"async\" class='wp-image-29718 avia-img-lazy-loading-not-29718 avia_image' src=\"https:\/\/radiorevelacionfm.cl\/wp-content\/uploads\/2023\/04\/barrio-comercial-lj-1-1_optimized-1.jpg\" alt='' title='barrio-comercial-lj-1-(1)_optimized (1)' height=\"600\" width=\"1601\"  itemprop=\"thumbnailUrl\" srcset=\"https:\/\/radiorevelacionfm.cl\/wp-content\/uploads\/2023\/04\/barrio-comercial-lj-1-1_optimized-1.jpg 1601w, https:\/\/radiorevelacionfm.cl\/wp-content\/uploads\/2023\/04\/barrio-comercial-lj-1-1_optimized-1-300x112.jpg 300w, https:\/\/radiorevelacionfm.cl\/wp-content\/uploads\/2023\/04\/barrio-comercial-lj-1-1_optimized-1-1030x386.jpg 1030w, https:\/\/radiorevelacionfm.cl\/wp-content\/uploads\/2023\/04\/barrio-comercial-lj-1-1_optimized-1-768x288.jpg 768w, https:\/\/radiorevelacionfm.cl\/wp-content\/uploads\/2023\/04\/barrio-comercial-lj-1-1_optimized-1-1536x576.jpg 1536w, https:\/\/radiorevelacionfm.cl\/wp-content\/uploads\/2023\/04\/barrio-comercial-lj-1-1_optimized-1-1500x562.jpg 1500w, https:\/\/radiorevelacionfm.cl\/wp-content\/uploads\/2023\/04\/barrio-comercial-lj-1-1_optimized-1-705x264.jpg 705w, https:\/\/radiorevelacionfm.cl\/wp-content\/uploads\/2023\/04\/barrio-comercial-lj-1-1_optimized-1-450x169.jpg 450w, https:\/\/radiorevelacionfm.cl\/wp-content\/uploads\/2023\/04\/barrio-comercial-lj-1-1_optimized-1-600x225.jpg 600w\" sizes=\"(max-width: 1601px) 100vw, 1601px\" \/><\/div><\/div><\/div><\/div><div class=\"flex_column av_one_full  flex_column_div av-zero-column-padding first  avia-builder-el-2  el_after_av_one_full  el_before_av_one_full  column-top-margin\" style='border-radius:0px; '><section class=\"av_textblock_section \"  itemscope=\"itemscope\" itemtype=\"https:\/\/schema.org\/BlogPosting\" itemprop=\"blogPost\" ><div class='avia_textblock  '   itemprop=\"text\" ><p style=\"text-align: center;\"><strong><span style=\"font-size: 18pt;\">Barrio Comercial \u201cCord\u00f3n Barros Arana\u201d de La Junta tuvo su hito inaugural<\/span><\/strong><\/p>\n<div id=\"gtx-trans\" style=\"position: absolute; left: -50px; top: 4.31534px;\">\n<div class=\"gtx-trans-icon\"><\/div>\n<\/div>\n<\/div><\/section><\/div><div class=\"flex_column av_one_full  flex_column_div av-zero-column-padding first  avia-builder-el-4  el_after_av_one_full  el_before_av_hr  column-top-margin\" style='border-radius:0px; '><section class=\"av_textblock_section \"  itemscope=\"itemscope\" itemtype=\"https:\/\/schema.org\/BlogPosting\" itemprop=\"blogPost\" ><div class='avia_textblock  '   itemprop=\"text\" ><p style=\"text-align: justify;\">La semana reci\u00e9n pasada, se llev\u00f3 a cabo el hito inaugural del Barrio Comercial y Tur\u00edstico \u201cCord\u00f3n Barros Arana\u201d de La Junta, en el marco de la ejecuci\u00f3n del Programa \u201cFortalecimiento de Barrios Comerciales\u201d de Sercotec, con la presencia de la Directora de Sercotec Regi\u00f3n Ays\u00e9n Nelly Vargas Mansilla, Alcalde de la Comuna de Cisnes Francisco Roncagliolo Lepio, Ram\u00f3n Antiman Moreira Gerente Codesser Ays\u00e9n, el presidente del Barrio Comercial Cesar Vidal, socios y socias de la organizaci\u00f3n, as\u00ed como tambi\u00e9n, el equipo de Fomento Productivo de la Municipalidad.<\/p>\n<p style=\"text-align: justify;\">En la mencionada actividad, se dio la bienvenida y se entregaron detalles de las acciones que debe realizar el Barrio en un plazo de tres a\u00f1os con la colaboraci\u00f3n de Codesser y el Municipio de Cisnes.\u00a0 La organizaci\u00f3n cuenta con 15 socios, los cuales tendr\u00e1n el acompa\u00f1amiento de la gestora del Barrio Comercial, Marisel Lobos, quien asesorar\u00e1 en las etapas de ejecuci\u00f3n del programa.<\/p>\n<p style=\"text-align: justify;\">\u201cComo comuna Cisnes estamos muy contentos de este nuevo barrio comercial en nuestro territorio, espec\u00edficamente en La Junta, el barrio comercial Barros Arana, que une a peque\u00f1os comerciantes de la localidad para buscar fortalecimiento, para buscar c\u00f3mo sacar adelante sus emprendimientos y obviamente con trabajo asociativo, fortalecer tambi\u00e9n el comercio local, considerando que esta es la puerta de entrada norte a la regi\u00f3n de Ays\u00e9n. Nuestro Municipio va a seguir apoyando con nuestro equipo de fomento productivo el desarrollo de esta iniciativa y agradecemos tambi\u00e9n el esfuerzo que ha hecho Sercotec para tener esta nueva herramienta de fortalecimiento en nuestra comuna\u201d, recalc\u00f3 el Alcalde de la Comuna de Cisnes, Francisco Roncagliolo.<\/p>\n<p style=\"text-align: justify;\">En tanto, la Directora Regional de Sercotec, Nelly Vargas, remarc\u00f3 que el programa que han puesto a disposici\u00f3n busca, entre otras cosas, potenciar la competitividad y mejorar el entorno donde se desenvuelven. \u201cEste es un programa asociativo que lo que busca es potenciar la competitividad de los socios y socias del Barrio Comercial y mejorar el entorno en donde se desenvuelven. Para nosotros como Sercotec es s\u00faper importante el programa porque es una intervenci\u00f3n a tres a\u00f1os, donde el primer a\u00f1o los beneficiarios reciben $20.000.000 millones de pesos para distintas iniciativas enfocadas en la asociatividad, en fortalecer las confianzas, en poder tambi\u00e9n trabajar la imagen del barrio comercial, cosa que nosotros lo encontramos s\u00faper importante, considerando que La Junta es una ciudad bastante tur\u00edstica\u201d.<\/p>\n<p style=\"text-align: justify;\">Cesar Vidal, presidente del barrio comercial \u201cCord\u00f3n Barros Arana\u201d, puso en valor el trabajo colaborativo que han tenido con los servicios p\u00fablicos como Sercotec y la Municipalidad de Cisnes.<\/p>\n<p style=\"text-align: justify;\">\u201cSe ha realiz\u00f3 el hito inaugural de este proyecto que est\u00e1 haciendo barrios comerciales, apoyados por la Ilustre Municipalidad de Cisnes junto a Lorena, H\u00e9ctor de la oficina de turismo y por todo el equipo municipal. Para nosotros es un agrado participar de esta instancia, de este proyecto de fortalecimiento de barrios comerciales de Sercotec, somos 15 emprendedores y que sin duda este proyecto viene a dar el realce que cada uno de nuestros emprendimientos necesita\u201d.<\/p>\n<p style=\"text-align: justify;\">Por su parte, el gerente de Codesser Ays\u00e9n, Ram\u00f3n Antiman, se\u00f1al\u00f3 estar, \u201cmuy contento como Codesser en el hito inaugural del barrio comercial La Junta. Para nosotros es un programa s\u00faper importante, muy estrat\u00e9gico, que evidentemente potencia el desarrollo de la comuna, potencia el desarrollo del comercio, pero por, sobre todo, potencia la asociatividad de las empresas que participan. As\u00ed es que, nosotros como agente operador que ejecuta el programa a trav\u00e9s del trabajo con nuestra gestora del barrio comercial, estamos muy contentos y seguros que este programa va a ser muy exitoso\u201d.<\/p>\n<p style=\"text-align: justify;\">La iniciativa busca generar un modelo de gesti\u00f3n asociativa del barrio comercial que sustente las acciones e intervenciones que se\u00a0realicen en el marco del programa, promoviendo un desarrollo econ\u00f3mico del barrio con un enfoque colaborativo, participativo y sostenible, poniendo en valor la identidad cultural del barrio comercial y mejorando la calidad de vida de sus habitantes.<\/p>\n<\/div><\/section><\/div><div  style='height:50px' class='hr hr-invisible   avia-builder-el-6  el_after_av_one_full  el_before_av_social_share '><span class='hr-inner ' ><span class='hr-inner-style'><\/span><\/span><\/div><\/p>\n<div  class='av-social-sharing-box  avia-builder-el-7  el_after_av_hr  el_before_av_hr  '><div class='av-share-box'><h5 class='av-share-link-description av-no-toc '>Compartir esta noticia<\/h5><ul class='av-share-box-list noLightbox'><li class='av-share-link av-social-link-facebook' ><a target=\"_blank\" aria-label=\"Compartir en Facebook\" href='https:\/\/www.facebook.com\/sharer.php?u=https:\/\/radiorevelacionfm.cl\/?p=29717&#038;t=Barrio%20Comercial%20%E2%80%9CCord%C3%B3n%20Barros%20Arana%E2%80%9D%20de%20La%20Junta%20tuvo%20su%20hito%20inaugural' aria-hidden='false' data-av_icon='\ue8f3' data-av_iconfont='entypo-fontello' title='' data-avia-related-tooltip='Compartir en Facebook' rel=\"noopener\"><span class='avia_hidden_link_text'>Compartir en Facebook<\/span><\/a><\/li><li class='av-share-link av-social-link-twitter' ><a target=\"_blank\" aria-label=\"Compartir en Twitter\" href='https:\/\/twitter.com\/share?text=Barrio%20Comercial%20%E2%80%9CCord%C3%B3n%20Barros%20Arana%E2%80%9D%20de%20La%20Junta%20tuvo%20su%20hito%20inaugural&#038;url=https:\/\/radiorevelacionfm.cl\/?p=29717' aria-hidden='false' data-av_icon='\ue8f1' data-av_iconfont='entypo-fontello' title='' data-avia-related-tooltip='Compartir en Twitter' rel=\"noopener\"><span class='avia_hidden_link_text'>Compartir en Twitter<\/span><\/a><\/li><li class='av-share-link av-social-link-whatsapp' ><a target=\"_blank\" aria-label=\"Compartir en Whatsapp\" href='https:\/\/api.whatsapp.com\/send?text=https:\/\/radiorevelacionfm.cl\/?p=29717' aria-hidden='false' data-av_icon='\uf232' data-av_iconfont='entypo-fontello' title='' data-avia-related-tooltip='Compartir en Whatsapp' rel=\"noopener\"><span class='avia_hidden_link_text'>Compartir en Whatsapp<\/span><\/a><\/li><li class='av-share-link av-social-link-linkedin' ><a target=\"_blank\" aria-label=\"Compartir en LinkedIn\" href='https:\/\/linkedin.com\/shareArticle?mini=true&#038;title=Barrio%20Comercial%20%E2%80%9CCord%C3%B3n%20Barros%20Arana%E2%80%9D%20de%20La%20Junta%20tuvo%20su%20hito%20inaugural&#038;url=https:\/\/radiorevelacionfm.cl\/?p=29717' aria-hidden='false' data-av_icon='\ue8fc' data-av_iconfont='entypo-fontello' title='' data-avia-related-tooltip='Compartir en LinkedIn' rel=\"noopener\"><span class='avia_hidden_link_text'>Compartir en LinkedIn<\/span><\/a><\/li><li class='av-share-link av-social-link-mail' ><a  aria-label=\"Compartir por correo\" href='mailto:?subject=Barrio%20Comercial%20%E2%80%9CCord%C3%B3n%20Barros%20Arana%E2%80%9D%20de%20La%20Junta%20tuvo%20su%20hito%20inaugural&#038;body=https:\/\/radiorevelacionfm.cl\/?p=29717' aria-hidden='false' data-av_icon='\ue805' data-av_iconfont='entypo-fontello' title='' data-avia-related-tooltip='Compartir por correo'><span class='avia_hidden_link_text'>Compartir por correo<\/span><\/a><\/li><\/ul><\/div><\/div>\n<div  style='height:50px' class='hr hr-invisible   avia-builder-el-8  el_after_av_social_share  el_before_av_comments_list '><span class='hr-inner ' ><span class='hr-inner-style'><\/span><\/span><\/div>\n<div  class='av-buildercomment  av-blog-meta-html-info-disabled av-blog-meta-tag-disabled  '><\/div>\n","protected":false},"excerpt":{"rendered":"","protected":false},"author":1,"featured_media":29718,"comment_status":"open","ping_status":"open","sticky":false,"template":"","format":"standard","meta":{"footnotes":""},"categories":[38],"tags":[],"class_list":["post-29717","post","type-post","status-publish","format-standard","has-post-thumbnail","hentry","category-regional"],"jetpack_featured_media_url":"https:\/\/radiorevelacionfm.cl\/wp-content\/uploads\/2023\/04\/barrio-comercial-lj-1-1_optimized-1.jpg","_links":{"self":[{"href":"https:\/\/radiorevelacionfm.cl\/index.php?rest_route=\/wp\/v2\/posts\/29717","targetHints":{"allow":["GET"]}}],"collection":[{"href":"https:\/\/radiorevelacionfm.cl\/index.php?rest_route=\/wp\/v2\/posts"}],"about":[{"href":"https:\/\/radiorevelacionfm.cl\/index.php?rest_route=\/wp\/v2\/types\/post"}],"author":[{"embeddable":true,"href":"https:\/\/radiorevelacionfm.cl\/index.php?rest_route=\/wp\/v2\/users\/1"}],"replies":[{"embeddable":true,"href":"https:\/\/radiorevelacionfm.cl\/index.php?rest_route=%2Fwp%2Fv2%2Fcomments&post=29717"}],"version-history":[{"count":1,"href":"https:\/\/radiorevelacionfm.cl\/index.php?rest_route=\/wp\/v2\/posts\/29717\/revisions"}],"predecessor-version":[{"id":29719,"href":"https:\/\/radiorevelacionfm.cl\/index.php?rest_route=\/wp\/v2\/posts\/29717\/revisions\/29719"}],"wp:featuredmedia":[{"embeddable":true,"href":"https:\/\/radiorevelacionfm.cl\/index.php?rest_route=\/wp\/v2\/media\/29718"}],"wp:attachment":[{"href":"https:\/\/radiorevelacionfm.cl\/index.php?rest_route=%2Fwp%2Fv2%2Fmedia&parent=29717"}],"wp:term":[{"taxonomy":"category","embeddable":true,"href":"https:\/\/radiorevelacionfm.cl\/index.php?rest_route=%2Fwp%2Fv2%2Fcategories&post=29717"},{"taxonomy":"post_tag","embeddable":true,"href":"https:\/\/radiorevelacionfm.cl\/index.php?rest_route=%2Fwp%2Fv2%2Ftags&post=29717"}],"curies":[{"name":"wp","href":"https:\/\/api.w.org\/{rel}","templated":true}]}}