{"id":29714,"date":"2023-04-04T20:34:50","date_gmt":"2023-04-04T23:34:50","guid":{"rendered":"https:\/\/radiorevelacionfm.cl\/?p=29714"},"modified":"2023-04-04T20:34:50","modified_gmt":"2023-04-04T23:34:50","slug":"marcia-raphael-critica-proyecto-del-gobierno-para-subir-impuestos-a-combustibles-argumentando-impacto-en-la-clase-media-y-zonas-extremas","status":"publish","type":"post","link":"https:\/\/radiorevelacionfm.cl\/?p=29714","title":{"rendered":"Marcia Raphael critica proyecto del gobierno para subir impuestos a combustibles, argumentando impacto en la clase media y zonas extremas"},"content":{"rendered":"<div class=\"flex_column av_one_full  flex_column_div av-zero-column-padding first  avia-builder-el-0  el_before_av_one_full  avia-builder-el-first  \" style='border-radius:0px; '><div  class='avia-image-container  av-styling-    avia-builder-el-1  avia-builder-el-no-sibling  avia-align-center '  itemprop=\"image\" itemscope=\"itemscope\" itemtype=\"https:\/\/schema.org\/ImageObject\"  ><div class='avia-image-container-inner'><div class='avia-image-overlay-wrap'><img decoding=\"async\" class='wp-image-29715 avia-img-lazy-loading-not-29715 avia_image' src=\"https:\/\/radiorevelacionfm.cl\/wp-content\/uploads\/2023\/04\/Foto-M-Raphael-1-1.jpg\" alt='' title='Foto M Raphael (1) (1)' height=\"600\" width=\"901\"  itemprop=\"thumbnailUrl\" srcset=\"https:\/\/radiorevelacionfm.cl\/wp-content\/uploads\/2023\/04\/Foto-M-Raphael-1-1.jpg 901w, https:\/\/radiorevelacionfm.cl\/wp-content\/uploads\/2023\/04\/Foto-M-Raphael-1-1-300x200.jpg 300w, https:\/\/radiorevelacionfm.cl\/wp-content\/uploads\/2023\/04\/Foto-M-Raphael-1-1-768x511.jpg 768w, https:\/\/radiorevelacionfm.cl\/wp-content\/uploads\/2023\/04\/Foto-M-Raphael-1-1-705x469.jpg 705w, https:\/\/radiorevelacionfm.cl\/wp-content\/uploads\/2023\/04\/Foto-M-Raphael-1-1-450x300.jpg 450w, https:\/\/radiorevelacionfm.cl\/wp-content\/uploads\/2023\/04\/Foto-M-Raphael-1-1-600x400.jpg 600w\" sizes=\"(max-width: 901px) 100vw, 901px\" \/><\/div><\/div><\/div><\/div><div class=\"flex_column av_one_full  flex_column_div av-zero-column-padding first  avia-builder-el-2  el_after_av_one_full  el_before_av_one_full  column-top-margin\" style='border-radius:0px; '><section class=\"av_textblock_section \"  itemscope=\"itemscope\" itemtype=\"https:\/\/schema.org\/BlogPosting\" itemprop=\"blogPost\" ><div class='avia_textblock  '   itemprop=\"text\" ><p style=\"text-align: center;\"><span style=\"font-size: 18pt;\"><strong>Marcia Raphael critica proyecto del gobierno para subir impuestos a combustibles, argumentando impacto en la clase media y zonas extremas <\/strong><\/span><\/p>\n<div id=\"gtx-trans\" style=\"position: absolute; left: -50px; top: 4.31534px;\">\n<div class=\"gtx-trans-icon\"><\/div>\n<\/div>\n<\/div><\/section><\/div><div class=\"flex_column av_one_full  flex_column_div av-zero-column-padding first  avia-builder-el-4  el_after_av_one_full  el_before_av_hr  column-top-margin\" style='border-radius:0px; '><section class=\"av_textblock_section \"  itemscope=\"itemscope\" itemtype=\"https:\/\/schema.org\/BlogPosting\" itemprop=\"blogPost\" ><div class='avia_textblock  '   itemprop=\"text\" ><p style=\"text-align: justify;\">La Diputada Marcia Raphael Mora calific\u00f3 como un \u201ctriste y preocupante anuncio\u201d lo se\u00f1alado durante una entrevista a un medio de comunicaci\u00f3n, por la Ministra de Medio Ambiente, Maisa Rojas. Quien se\u00f1al\u00f3 que el ejecutivo tiene \u201ccasi listo\u201d el proyecto de ley que tiene como fin subir el impuesto espec\u00edfico, que poseen los combustibles.<\/p>\n<p style=\"text-align: justify;\">Para la Diputada de Renovaci\u00f3n Nacional, esta es una p\u00e9sima decisi\u00f3n, que afectar\u00e1 profundamente a la clase media a lo largo de Chile, pero principalmente, tambi\u00e9n afectar\u00e1 a\u00fan m\u00e1s a la Regi\u00f3n de Ays\u00e9n, que tiene el triste r\u00e9cord de tener los combustibles m\u00e1s caros de Chile.<\/p>\n<p style=\"text-align: justify;\">\u201cLamentablemente vemos\u00a0nuevamente la obsesi\u00f3n del gobierno del Presidente Boric, la misma que se reflejaba en la reforma tributaria, en subir los tributos, que la experiencia comparada es muy categ\u00f3rica en reflejar, que termina siempre afectando a los m\u00e1s vulnerables y a la clase media, quienes son los que realmente sostienen la econom\u00eda local y nacional\u201d, sentenci\u00f3 Raphael.<\/p>\n<p style=\"text-align: justify;\">Para la legisladora de Renovaci\u00f3n Nacional, este tipo de decisiones demuestran el centralismo y la falta de descentralizaci\u00f3n del ejecutivo en los proyectos de Ley que se env\u00edan al Congreso. \u201cEntiendo y valoro que el ejecutivo quiera contribuir al medio ambiente, disminuyendo el uso de combustibles f\u00f3siles, pero en nuestra regi\u00f3n es imposible por razones meteorol\u00f3gicas y de grandes distancias. Desincentivar el uso de veh\u00edculos, cuando inclusive nuestro transporte interno posee muchas falencias, incluida nuestra capital regional, hace que esto se vea muy lejano\u201d<\/p>\n<p style=\"text-align: justify;\">La Diputada Raphael, se\u00f1ala desde ya que rechazar\u00e1 este proyecto de ley, calific\u00e1ndolo como \u201cUn enorme golpe a las familias de clase media y m\u00e1s a\u00fan para las zonas extremas, y las distintas comunas de nuestra regi\u00f3n\u201d y, por \u00faltimo, refiri\u00e9ndose a que\u00a0\u201cSi este proyecto se llega a aprobar nuestra regi\u00f3n ser\u00e1 mucho m\u00e1s golpeada que el resto de Chile\u201d, sentenci\u00f3.<\/p>\n<\/div><\/section><\/div><div  style='height:50px' class='hr hr-invisible   avia-builder-el-6  el_after_av_one_full  el_before_av_social_share '><span class='hr-inner ' ><span class='hr-inner-style'><\/span><\/span><\/div><\/p>\n<div  class='av-social-sharing-box  avia-builder-el-7  el_after_av_hr  el_before_av_hr  '><div class='av-share-box'><h5 class='av-share-link-description av-no-toc '>Compartir esta noticia<\/h5><ul class='av-share-box-list noLightbox'><li class='av-share-link av-social-link-facebook' ><a target=\"_blank\" aria-label=\"Compartir en Facebook\" href='https:\/\/www.facebook.com\/sharer.php?u=https:\/\/radiorevelacionfm.cl\/?p=29714&#038;t=Marcia%20Raphael%20critica%20proyecto%20del%20gobierno%20para%20subir%20impuestos%20a%20combustibles%2C%20argumentando%20impacto%20en%20la%20clase%20media%20y%20zonas%20extremas' aria-hidden='false' data-av_icon='\ue8f3' data-av_iconfont='entypo-fontello' title='' data-avia-related-tooltip='Compartir en Facebook' rel=\"noopener\"><span class='avia_hidden_link_text'>Compartir en Facebook<\/span><\/a><\/li><li class='av-share-link av-social-link-twitter' ><a target=\"_blank\" aria-label=\"Compartir en Twitter\" href='https:\/\/twitter.com\/share?text=Marcia%20Raphael%20critica%20proyecto%20del%20gobierno%20para%20subir%20impuestos%20a%20combustibles%2C%20argumentando%20impacto%20en%20la%20clase%20media%20y%20zonas%20extremas&#038;url=https:\/\/radiorevelacionfm.cl\/?p=29714' aria-hidden='false' data-av_icon='\ue8f1' data-av_iconfont='entypo-fontello' title='' data-avia-related-tooltip='Compartir en Twitter' rel=\"noopener\"><span class='avia_hidden_link_text'>Compartir en Twitter<\/span><\/a><\/li><li class='av-share-link av-social-link-whatsapp' ><a target=\"_blank\" aria-label=\"Compartir en Whatsapp\" href='https:\/\/api.whatsapp.com\/send?text=https:\/\/radiorevelacionfm.cl\/?p=29714' aria-hidden='false' data-av_icon='\uf232' data-av_iconfont='entypo-fontello' title='' data-avia-related-tooltip='Compartir en Whatsapp' rel=\"noopener\"><span class='avia_hidden_link_text'>Compartir en Whatsapp<\/span><\/a><\/li><li class='av-share-link av-social-link-linkedin' ><a target=\"_blank\" aria-label=\"Compartir en LinkedIn\" href='https:\/\/linkedin.com\/shareArticle?mini=true&#038;title=Marcia%20Raphael%20critica%20proyecto%20del%20gobierno%20para%20subir%20impuestos%20a%20combustibles%2C%20argumentando%20impacto%20en%20la%20clase%20media%20y%20zonas%20extremas&#038;url=https:\/\/radiorevelacionfm.cl\/?p=29714' aria-hidden='false' data-av_icon='\ue8fc' data-av_iconfont='entypo-fontello' title='' data-avia-related-tooltip='Compartir en LinkedIn' rel=\"noopener\"><span class='avia_hidden_link_text'>Compartir en LinkedIn<\/span><\/a><\/li><li class='av-share-link av-social-link-mail' ><a  aria-label=\"Compartir por correo\" href='mailto:?subject=Marcia%20Raphael%20critica%20proyecto%20del%20gobierno%20para%20subir%20impuestos%20a%20combustibles%2C%20argumentando%20impacto%20en%20la%20clase%20media%20y%20zonas%20extremas&#038;body=https:\/\/radiorevelacionfm.cl\/?p=29714' aria-hidden='false' data-av_icon='\ue805' data-av_iconfont='entypo-fontello' title='' data-avia-related-tooltip='Compartir por correo'><span class='avia_hidden_link_text'>Compartir por correo<\/span><\/a><\/li><\/ul><\/div><\/div>\n<div  style='height:50px' class='hr hr-invisible   avia-builder-el-8  el_after_av_social_share  el_before_av_comments_list '><span class='hr-inner ' ><span class='hr-inner-style'><\/span><\/span><\/div>\n<div  class='av-buildercomment  av-blog-meta-html-info-disabled av-blog-meta-tag-disabled  '><\/div>\n","protected":false},"excerpt":{"rendered":"","protected":false},"author":1,"featured_media":29715,"comment_status":"open","ping_status":"open","sticky":false,"template":"","format":"standard","meta":{"footnotes":""},"categories":[35],"tags":[],"class_list":["post-29714","post","type-post","status-publish","format-standard","has-post-thumbnail","hentry","category-politica"],"jetpack_featured_media_url":"https:\/\/radiorevelacionfm.cl\/wp-content\/uploads\/2023\/04\/Foto-M-Raphael-1-1.jpg","_links":{"self":[{"href":"https:\/\/radiorevelacionfm.cl\/index.php?rest_route=\/wp\/v2\/posts\/29714","targetHints":{"allow":["GET"]}}],"collection":[{"href":"https:\/\/radiorevelacionfm.cl\/index.php?rest_route=\/wp\/v2\/posts"}],"about":[{"href":"https:\/\/radiorevelacionfm.cl\/index.php?rest_route=\/wp\/v2\/types\/post"}],"author":[{"embeddable":true,"href":"https:\/\/radiorevelacionfm.cl\/index.php?rest_route=\/wp\/v2\/users\/1"}],"replies":[{"embeddable":true,"href":"https:\/\/radiorevelacionfm.cl\/index.php?rest_route=%2Fwp%2Fv2%2Fcomments&post=29714"}],"version-history":[{"count":1,"href":"https:\/\/radiorevelacionfm.cl\/index.php?rest_route=\/wp\/v2\/posts\/29714\/revisions"}],"predecessor-version":[{"id":29716,"href":"https:\/\/radiorevelacionfm.cl\/index.php?rest_route=\/wp\/v2\/posts\/29714\/revisions\/29716"}],"wp:featuredmedia":[{"embeddable":true,"href":"https:\/\/radiorevelacionfm.cl\/index.php?rest_route=\/wp\/v2\/media\/29715"}],"wp:attachment":[{"href":"https:\/\/radiorevelacionfm.cl\/index.php?rest_route=%2Fwp%2Fv2%2Fmedia&parent=29714"}],"wp:term":[{"taxonomy":"category","embeddable":true,"href":"https:\/\/radiorevelacionfm.cl\/index.php?rest_route=%2Fwp%2Fv2%2Fcategories&post=29714"},{"taxonomy":"post_tag","embeddable":true,"href":"https:\/\/radiorevelacionfm.cl\/index.php?rest_route=%2Fwp%2Fv2%2Ftags&post=29714"}],"curies":[{"name":"wp","href":"https:\/\/api.w.org\/{rel}","templated":true}]}}