{"id":29711,"date":"2023-04-04T16:16:28","date_gmt":"2023-04-04T19:16:28","guid":{"rendered":"https:\/\/radiorevelacionfm.cl\/?p=29711"},"modified":"2023-04-04T16:16:28","modified_gmt":"2023-04-04T19:16:28","slug":"llaman-a-postular-a-lineas-de-apoyo-del-programa-de-fomento-y-diversificacion-de-la-pesca-artesanal","status":"publish","type":"post","link":"https:\/\/radiorevelacionfm.cl\/?p=29711","title":{"rendered":"Llaman a postular a l\u00edneas de apoyo del Programa de Fomento y Diversificaci\u00f3n de la Pesca Artesanal"},"content":{"rendered":"<div class=\"flex_column av_one_full  flex_column_div av-zero-column-padding first  avia-builder-el-0  el_before_av_one_full  avia-builder-el-first  \" style='border-radius:0px; '><div  class='avia-image-container  av-styling-    avia-builder-el-1  avia-builder-el-no-sibling  avia-align-center '  itemprop=\"image\" itemscope=\"itemscope\" itemtype=\"https:\/\/schema.org\/ImageObject\"  ><div class='avia-image-container-inner'><div class='avia-image-overlay-wrap'><img decoding=\"async\" class='wp-image-29712 avia-img-lazy-loading-not-29712 avia_image' src=\"https:\/\/radiorevelacionfm.cl\/wp-content\/uploads\/2023\/04\/melinka-4-1_optimized-1.jpg\" alt='' title='melinka-(4)-(1)_optimized (1)' height=\"600\" width=\"800\"  itemprop=\"thumbnailUrl\" srcset=\"https:\/\/radiorevelacionfm.cl\/wp-content\/uploads\/2023\/04\/melinka-4-1_optimized-1.jpg 800w, https:\/\/radiorevelacionfm.cl\/wp-content\/uploads\/2023\/04\/melinka-4-1_optimized-1-300x225.jpg 300w, https:\/\/radiorevelacionfm.cl\/wp-content\/uploads\/2023\/04\/melinka-4-1_optimized-1-768x576.jpg 768w, https:\/\/radiorevelacionfm.cl\/wp-content\/uploads\/2023\/04\/melinka-4-1_optimized-1-705x529.jpg 705w, https:\/\/radiorevelacionfm.cl\/wp-content\/uploads\/2023\/04\/melinka-4-1_optimized-1-450x338.jpg 450w, https:\/\/radiorevelacionfm.cl\/wp-content\/uploads\/2023\/04\/melinka-4-1_optimized-1-600x450.jpg 600w\" sizes=\"(max-width: 800px) 100vw, 800px\" \/><\/div><\/div><\/div><\/div><div class=\"flex_column av_one_full  flex_column_div av-zero-column-padding first  avia-builder-el-2  el_after_av_one_full  el_before_av_one_full  column-top-margin\" style='border-radius:0px; '><section class=\"av_textblock_section \"  itemscope=\"itemscope\" itemtype=\"https:\/\/schema.org\/BlogPosting\" itemprop=\"blogPost\" ><div class='avia_textblock  '   itemprop=\"text\" ><p style=\"text-align: center;\"><strong><span style=\"font-size: 18pt;\">Llaman a postular a l\u00edneas de apoyo del Programa de Fomento y Diversificaci\u00f3n de la Pesca Artesanal<\/span><\/strong><\/p>\n<div id=\"gtx-trans\" style=\"position: absolute; left: -50px; top: 4.31534px;\">\n<div class=\"gtx-trans-icon\"><\/div>\n<\/div>\n<\/div><\/section><\/div><div class=\"flex_column av_one_full  flex_column_div av-zero-column-padding first  avia-builder-el-4  el_after_av_one_full  el_before_av_hr  column-top-margin\" style='border-radius:0px; '><section class=\"av_textblock_section \"  itemscope=\"itemscope\" itemtype=\"https:\/\/schema.org\/BlogPosting\" itemprop=\"blogPost\" ><div class='avia_textblock  '   itemprop=\"text\" ><p dir=\"ltr\" style=\"text-align: justify;\">El Gobierno Regional de Ays\u00e9n y la Fundaci\u00f3n por la Superaci\u00f3n de la Pobreza (Fusupo) dieron inicio esta semana al programa de apoyo a los pescadores artesanales de todo el litoral de la regi\u00f3n. De esta manera, y con el objetivo de fomentar la diversificaci\u00f3n y fortalecimiento de esta actividad econ\u00f3mica, desde este martes 4 de abril se abrir\u00e1n las postulaciones a tres l\u00edneas de apoyo.<\/p>\n<p dir=\"ltr\" style=\"text-align: justify;\">\u00abPara nosotros como Gobierno Regional, tomar la decisi\u00f3n de llevar adelante este programa, es un compromiso pol\u00edtico, uno que asumimos con el sector cuando iniciamos esta administraci\u00f3n. Pero, adem\u00e1s, viene a poner en valor y a relevar una labor hist\u00f3rica, un espacio de fomento hist\u00f3rico de nuestra regi\u00f3n que es parte de nuestra identidad, y que de cierta forma se ha ido perdiendo. Creemos que es necesario generar todos los mecanismos para poder fortalecer al sector de la pesca artesanal\u00bb, manifest\u00f3 la Gobernadora Regional Andrea Mac\u00edas Palma.<\/p>\n<p dir=\"ltr\" style=\"text-align: justify;\">La primera l\u00ednea de apoyo (L\u00ednea 1) est\u00e1 destinada a la reparaci\u00f3n de embarcaciones y equipamiento para seguridad mar\u00edtima. Se financiar\u00e1n gastos relacionados con la reparaci\u00f3n estructural y\/o mec\u00e1nica de embarcaciones artesanales afectadas por marejadas, desastres naturales, problemas mec\u00e1nicos y estructurales. Adem\u00e1s, se podr\u00e1 adquirir equipos de seguridad como chalecos salvavidas, balsas, radio VHF, GPS, entre otros.<\/p>\n<p dir=\"ltr\" style=\"text-align: justify;\">La segunda l\u00ednea de apoyo (L\u00ednea 2) se enfoca en la reposici\u00f3n de motores para embarcaciones artesanales. Dependiendo de la eslora de la embarcaci\u00f3n, se podr\u00e1n seleccionar motores de hasta 100, 115 o 150 HP.<\/p>\n<p dir=\"ltr\" style=\"text-align: justify;\">Mientras, la tercera l\u00ednea de apoyo (L\u00ednea 5) est\u00e1 destinada a la renovaci\u00f3n de indumentaria para buzos mariscadores. Gracias al subsidio entregado por el Gobierno Regional de Ays\u00e9n, se podr\u00e1n financiar gastos para la renovaci\u00f3n de la indumentaria de los buzos mariscadores, adquiriendo desde trajes de buceo hasta guantes, reguladores de presi\u00f3n, linternas y m\u00e1s.<\/p>\n<p dir=\"ltr\" style=\"text-align: justify;\">Por su parte, el director de la Fundaci\u00f3n por la Superaci\u00f3n de la Pobreza, Ricardo Villalobos, se\u00f1al\u00f3 que este programa es una excelente oportunidad para que los pescadores artesanales de Ays\u00e9n fortalezcan su actividad econ\u00f3mica. \u00abInvitamos a todos quienes cumplan con los requisitos, pescadores artesanales que tengan la categor\u00eda de armador con el registro vigente en Sernapesca, que se acerquen a las oficinas del programa que est\u00e1n ubicadas en las comunas de Melinka, Caleta Andrade, Puerto Ays\u00e9n y tambi\u00e9n en Puerto Cisnes, para que puedan conocer en detalle los requisitos y los plazos, las bases se lanzan la primera semana de abril y van a estar en funcionamiento aproximadamente 32 d\u00edas corridos\u00bb, explic\u00f3.<\/p>\n<p dir=\"ltr\" style=\"text-align: justify;\">Las y los interesados en postular a las distintas l\u00edneas pueden acercarse a las oficinas de Fusupo, ubicadas en:<\/p>\n<ul style=\"text-align: justify;\">\n<li dir=\"ltr\">\n<p dir=\"ltr\">Puerto Ays\u00e9n: calle Galvarino Riveros N\u00b0334.<\/p>\n<\/li>\n<li dir=\"ltr\">\n<p dir=\"ltr\">Puerto Cisnes: avenida Arturo Prat N\u00ba 835<\/p>\n<\/li>\n<li dir=\"ltr\">\n<p dir=\"ltr\">Caleta Andrade: calle Manuel Rodr\u00edguez N\u00ba 306<\/p>\n<\/li>\n<li dir=\"ltr\">\n<p dir=\"ltr\">Melinka: calle Felipe Whestoff S\/N.<\/p>\n<\/li>\n<\/ul>\n<p dir=\"ltr\" style=\"text-align: justify;\">Por \u00faltimo, en la p\u00e1gina web <a href=\"https:\/\/pesca.goreaysen.gob.cl\/\" target=\"_blank\" rel=\"noopener noreferrer\">https:\/\/pesca.goreaysen.gob.cl<\/a> se encuentra habilitado un formulario online para recibir informaci\u00f3n sobre la serie de iniciativas para el fomento y promoci\u00f3n de la pesca artesanal en las comunas del litoral.<\/p>\n<\/div><\/section><\/div><div  style='height:50px' class='hr hr-invisible   avia-builder-el-6  el_after_av_one_full  el_before_av_social_share '><span class='hr-inner ' ><span class='hr-inner-style'><\/span><\/span><\/div><\/p>\n<div  class='av-social-sharing-box  avia-builder-el-7  el_after_av_hr  el_before_av_hr  '><div class='av-share-box'><h5 class='av-share-link-description av-no-toc '>Compartir esta noticia<\/h5><ul class='av-share-box-list noLightbox'><li class='av-share-link av-social-link-facebook' ><a target=\"_blank\" aria-label=\"Compartir en Facebook\" href='https:\/\/www.facebook.com\/sharer.php?u=https:\/\/radiorevelacionfm.cl\/?p=29711&#038;t=Llaman%20a%20postular%20a%20l%C3%ADneas%20de%20apoyo%20del%20Programa%20de%20Fomento%20y%20Diversificaci%C3%B3n%20de%20la%20Pesca%20Artesanal' aria-hidden='false' data-av_icon='\ue8f3' data-av_iconfont='entypo-fontello' title='' data-avia-related-tooltip='Compartir en Facebook' rel=\"noopener\"><span class='avia_hidden_link_text'>Compartir en Facebook<\/span><\/a><\/li><li class='av-share-link av-social-link-twitter' ><a target=\"_blank\" aria-label=\"Compartir en Twitter\" href='https:\/\/twitter.com\/share?text=Llaman%20a%20postular%20a%20l%C3%ADneas%20de%20apoyo%20del%20Programa%20de%20Fomento%20y%20Diversificaci%C3%B3n%20de%20la%20Pesca%20Artesanal&#038;url=https:\/\/radiorevelacionfm.cl\/?p=29711' aria-hidden='false' data-av_icon='\ue8f1' data-av_iconfont='entypo-fontello' title='' data-avia-related-tooltip='Compartir en Twitter' rel=\"noopener\"><span class='avia_hidden_link_text'>Compartir en Twitter<\/span><\/a><\/li><li class='av-share-link av-social-link-whatsapp' ><a target=\"_blank\" aria-label=\"Compartir en Whatsapp\" href='https:\/\/api.whatsapp.com\/send?text=https:\/\/radiorevelacionfm.cl\/?p=29711' aria-hidden='false' data-av_icon='\uf232' data-av_iconfont='entypo-fontello' title='' data-avia-related-tooltip='Compartir en Whatsapp' rel=\"noopener\"><span class='avia_hidden_link_text'>Compartir en Whatsapp<\/span><\/a><\/li><li class='av-share-link av-social-link-linkedin' ><a target=\"_blank\" aria-label=\"Compartir en LinkedIn\" href='https:\/\/linkedin.com\/shareArticle?mini=true&#038;title=Llaman%20a%20postular%20a%20l%C3%ADneas%20de%20apoyo%20del%20Programa%20de%20Fomento%20y%20Diversificaci%C3%B3n%20de%20la%20Pesca%20Artesanal&#038;url=https:\/\/radiorevelacionfm.cl\/?p=29711' aria-hidden='false' data-av_icon='\ue8fc' data-av_iconfont='entypo-fontello' title='' data-avia-related-tooltip='Compartir en LinkedIn' rel=\"noopener\"><span class='avia_hidden_link_text'>Compartir en LinkedIn<\/span><\/a><\/li><li class='av-share-link av-social-link-mail' ><a  aria-label=\"Compartir por correo\" href='mailto:?subject=Llaman%20a%20postular%20a%20l%C3%ADneas%20de%20apoyo%20del%20Programa%20de%20Fomento%20y%20Diversificaci%C3%B3n%20de%20la%20Pesca%20Artesanal&#038;body=https:\/\/radiorevelacionfm.cl\/?p=29711' aria-hidden='false' data-av_icon='\ue805' data-av_iconfont='entypo-fontello' title='' data-avia-related-tooltip='Compartir por correo'><span class='avia_hidden_link_text'>Compartir por correo<\/span><\/a><\/li><\/ul><\/div><\/div>\n<div  style='height:50px' class='hr hr-invisible   avia-builder-el-8  el_after_av_social_share  el_before_av_comments_list '><span class='hr-inner ' ><span class='hr-inner-style'><\/span><\/span><\/div>\n<div  class='av-buildercomment  av-blog-meta-html-info-disabled av-blog-meta-tag-disabled  '><\/div>\n","protected":false},"excerpt":{"rendered":"","protected":false},"author":1,"featured_media":29712,"comment_status":"open","ping_status":"open","sticky":false,"template":"","format":"standard","meta":{"footnotes":""},"categories":[60],"tags":[],"class_list":["post-29711","post","type-post","status-publish","format-standard","has-post-thumbnail","hentry","category-pesca"],"jetpack_featured_media_url":"https:\/\/radiorevelacionfm.cl\/wp-content\/uploads\/2023\/04\/melinka-4-1_optimized-1.jpg","_links":{"self":[{"href":"https:\/\/radiorevelacionfm.cl\/index.php?rest_route=\/wp\/v2\/posts\/29711","targetHints":{"allow":["GET"]}}],"collection":[{"href":"https:\/\/radiorevelacionfm.cl\/index.php?rest_route=\/wp\/v2\/posts"}],"about":[{"href":"https:\/\/radiorevelacionfm.cl\/index.php?rest_route=\/wp\/v2\/types\/post"}],"author":[{"embeddable":true,"href":"https:\/\/radiorevelacionfm.cl\/index.php?rest_route=\/wp\/v2\/users\/1"}],"replies":[{"embeddable":true,"href":"https:\/\/radiorevelacionfm.cl\/index.php?rest_route=%2Fwp%2Fv2%2Fcomments&post=29711"}],"version-history":[{"count":1,"href":"https:\/\/radiorevelacionfm.cl\/index.php?rest_route=\/wp\/v2\/posts\/29711\/revisions"}],"predecessor-version":[{"id":29713,"href":"https:\/\/radiorevelacionfm.cl\/index.php?rest_route=\/wp\/v2\/posts\/29711\/revisions\/29713"}],"wp:featuredmedia":[{"embeddable":true,"href":"https:\/\/radiorevelacionfm.cl\/index.php?rest_route=\/wp\/v2\/media\/29712"}],"wp:attachment":[{"href":"https:\/\/radiorevelacionfm.cl\/index.php?rest_route=%2Fwp%2Fv2%2Fmedia&parent=29711"}],"wp:term":[{"taxonomy":"category","embeddable":true,"href":"https:\/\/radiorevelacionfm.cl\/index.php?rest_route=%2Fwp%2Fv2%2Fcategories&post=29711"},{"taxonomy":"post_tag","embeddable":true,"href":"https:\/\/radiorevelacionfm.cl\/index.php?rest_route=%2Fwp%2Fv2%2Ftags&post=29711"}],"curies":[{"name":"wp","href":"https:\/\/api.w.org\/{rel}","templated":true}]}}