{"id":29700,"date":"2023-04-04T11:47:04","date_gmt":"2023-04-04T14:47:04","guid":{"rendered":"https:\/\/radiorevelacionfm.cl\/?p=29700"},"modified":"2023-04-04T11:47:04","modified_gmt":"2023-04-04T14:47:04","slug":"cochrane-tortel-y-villa-ohiggins-contaran-con-oficinas-de-gestion-territorial-de-bienes-nacionales","status":"publish","type":"post","link":"https:\/\/radiorevelacionfm.cl\/?p=29700","title":{"rendered":"Cochrane, Tortel y Villa O\u00b4Higgins contar\u00e1n con oficinas de Gesti\u00f3n Territorial de Bienes Nacionales"},"content":{"rendered":"<div class=\"flex_column av_one_full  flex_column_div av-zero-column-padding first  avia-builder-el-0  el_before_av_one_full  avia-builder-el-first  \" style='border-radius:0px; '><div  class='avia-image-container  av-styling-    avia-builder-el-1  avia-builder-el-no-sibling  avia-align-center '  itemprop=\"image\" itemscope=\"itemscope\" itemtype=\"https:\/\/schema.org\/ImageObject\"  ><div class='avia-image-container-inner'><div class='avia-image-overlay-wrap'><img decoding=\"async\" class='wp-image-29701 avia-img-lazy-loading-not-29701 avia_image' src=\"https:\/\/radiorevelacionfm.cl\/wp-content\/uploads\/2023\/04\/presentaciOn-tortel_optimized-1.jpg\" alt='' title='presentaci\u00d3n-tortel_optimized (1)' height=\"600\" width=\"1251\"  itemprop=\"thumbnailUrl\" srcset=\"https:\/\/radiorevelacionfm.cl\/wp-content\/uploads\/2023\/04\/presentaciOn-tortel_optimized-1.jpg 1251w, https:\/\/radiorevelacionfm.cl\/wp-content\/uploads\/2023\/04\/presentaciOn-tortel_optimized-1-300x144.jpg 300w, https:\/\/radiorevelacionfm.cl\/wp-content\/uploads\/2023\/04\/presentaciOn-tortel_optimized-1-1030x494.jpg 1030w, https:\/\/radiorevelacionfm.cl\/wp-content\/uploads\/2023\/04\/presentaciOn-tortel_optimized-1-768x368.jpg 768w, https:\/\/radiorevelacionfm.cl\/wp-content\/uploads\/2023\/04\/presentaciOn-tortel_optimized-1-705x338.jpg 705w, https:\/\/radiorevelacionfm.cl\/wp-content\/uploads\/2023\/04\/presentaciOn-tortel_optimized-1-450x216.jpg 450w, https:\/\/radiorevelacionfm.cl\/wp-content\/uploads\/2023\/04\/presentaciOn-tortel_optimized-1-600x288.jpg 600w\" sizes=\"(max-width: 1251px) 100vw, 1251px\" \/><\/div><\/div><\/div><\/div><div class=\"flex_column av_one_full  flex_column_div av-zero-column-padding first  avia-builder-el-2  el_after_av_one_full  el_before_av_one_full  column-top-margin\" style='border-radius:0px; '><section class=\"av_textblock_section \"  itemscope=\"itemscope\" itemtype=\"https:\/\/schema.org\/BlogPosting\" itemprop=\"blogPost\" ><div class='avia_textblock  '   itemprop=\"text\" ><p style=\"text-align: center;\"><strong><span style=\"font-size: 18pt;\">Cochrane, Tortel y Villa O\u00b4Higgins contar\u00e1n con oficinas de Gesti\u00f3n Territorial de Bienes Nacionales<\/span><\/strong><\/p>\n<div id=\"gtx-trans\" style=\"position: absolute; left: -50px; top: 4.31534px;\">\n<div class=\"gtx-trans-icon\"><\/div>\n<\/div>\n<\/div><\/section><\/div><div class=\"flex_column av_one_full  flex_column_div av-zero-column-padding first  avia-builder-el-4  el_after_av_one_full  el_before_av_hr  column-top-margin\" style='border-radius:0px; '><section class=\"av_textblock_section \"  itemscope=\"itemscope\" itemtype=\"https:\/\/schema.org\/BlogPosting\" itemprop=\"blogPost\" ><div class='avia_textblock  '   itemprop=\"text\" ><p style=\"text-align: justify;\">Durante una semana la Seremi de Bienes Nacionales, Irina Morend Valdebenito, junto a funcionarios del \u201cPlan de Regularizaci\u00f3n de la Propiedad Ra\u00edz de la Provincia de Capit\u00e1n Prat\u201d, recorrieron las comunas de Cochrane, Tortel y Villa O\u00b4Higgins, esto con el objetivo de oficializar la puesta en marcha de la iniciativa.<\/p>\n<p style=\"text-align: justify;\">El Plan que ejecuta la Seremi de Bienes Nacionales, es un proyecto de 350 millones financiado por el Gobierno Regional y tiene por objetivo principal, reducir la ocupaci\u00f3n irregular y\/o ilegal de la propiedad rural y urbana, fiscal y privada de la Provincia de Capit\u00e1n Prat, especialmente dirigido a personas con ocupaciones actuales de predios fiscales rurales a las cuales se les pueda dar soluci\u00f3n por medio de los instrumentos de administraci\u00f3n del Ministerio; adem\u00e1s de la instalaci\u00f3n de tres oficinas de Gesti\u00f3n Territorial en Cochrane, Tortel y Villa O\u00b4Higgins.<\/p>\n<p style=\"text-align: justify;\">Asimismo, el Programa nace de la necesidad de acercar la institucionalidad a los territorios, de ofrecer mayor acceso a la informaci\u00f3n, mejorar los canales de comunicaci\u00f3n hacia los ciudadanos, y entregar respuestas m\u00e1s oportunas a los requerimientos y a las necesidades de la poblaci\u00f3n en materia de ocupaci\u00f3n irregular e ilegal de la propiedad fiscal y particular, esto fue destacado por a Seremi Irina Morend Valdebenito, en momentos en que se present\u00f3 a la gestora de Villa O\u00b4Higgins. \u201cEste es un hito hist\u00f3rico para nosotros, es la primera oficina de atenci\u00f3n del Ministerio de Bienes Nacionales en Villa O\u00b4Higgins. La que hemos logrado instalar gracias al trabajo conjunto con el Municipio y el Gobierno Regional, alianza que busca llegar a la comunidad con nuestros servicios y especialmente a nuestros usuarios en el territorio\u201d.<\/p>\n<p style=\"text-align: justify;\">En el caso de la comuna de O\u00b4Higgins, Bienes Nacionales y el Municipio, suscribieron un Convenio de Colaboraci\u00f3n, el que permiti\u00f3 habilitar la nueva oficina de atenciones, lo que valor\u00f3 el alcalde, Jos\u00e9 Fica G\u00f3mez. \u201cPara nuestra comuna es un gran avance contar con una oficina de atenciones, tenemos vecinos que requieren conocer sobre sus arriendos, otros que por ignorancia no inscribieron sus escrituras en el conservador de bienes ra\u00edces, por lo que no son propietarios y otros que est\u00e1n interesados en postular a tierras fiscales\u201d, detall\u00f3 la autoridad comunal.<\/p>\n<p style=\"text-align: justify;\">En el caso de Tortel el Municipio y su Concejo, al igual que Villa O\u00b4Higgins, apoyan la iniciativa con la oficina que actualmente alberga a la gestora territorial de dicha comuna y en el caso de Cochrane, ha sido la Delegaci\u00f3n Presidencial Provincial Capit\u00e1n Prat, la que ha puesto a disposici\u00f3n sus instalaciones para que opere la oficina.<\/p>\n<p style=\"text-align: justify;\"><strong>\u00a0<\/strong><\/p>\n<p style=\"text-align: justify;\"><strong>\u00a0<\/strong><\/p>\n<\/div><\/section><\/div><div  style='height:50px' class='hr hr-invisible   avia-builder-el-6  el_after_av_one_full  el_before_av_social_share '><span class='hr-inner ' ><span class='hr-inner-style'><\/span><\/span><\/div><\/p>\n<div  class='av-social-sharing-box  avia-builder-el-7  el_after_av_hr  el_before_av_hr  '><div class='av-share-box'><h5 class='av-share-link-description av-no-toc '>Compartir esta noticia<\/h5><ul class='av-share-box-list noLightbox'><li class='av-share-link av-social-link-facebook' ><a target=\"_blank\" aria-label=\"Compartir en Facebook\" href='https:\/\/www.facebook.com\/sharer.php?u=https:\/\/radiorevelacionfm.cl\/?p=29700&#038;t=Cochrane%2C%20Tortel%20y%20Villa%20O%C2%B4Higgins%20contar%C3%A1n%20con%20oficinas%20de%20Gesti%C3%B3n%20Territorial%20de%20Bienes%20Nacionales' aria-hidden='false' data-av_icon='\ue8f3' data-av_iconfont='entypo-fontello' title='' data-avia-related-tooltip='Compartir en Facebook' rel=\"noopener\"><span class='avia_hidden_link_text'>Compartir en Facebook<\/span><\/a><\/li><li class='av-share-link av-social-link-twitter' ><a target=\"_blank\" aria-label=\"Compartir en Twitter\" href='https:\/\/twitter.com\/share?text=Cochrane%2C%20Tortel%20y%20Villa%20O%C2%B4Higgins%20contar%C3%A1n%20con%20oficinas%20de%20Gesti%C3%B3n%20Territorial%20de%20Bienes%20Nacionales&#038;url=https:\/\/radiorevelacionfm.cl\/?p=29700' aria-hidden='false' data-av_icon='\ue8f1' data-av_iconfont='entypo-fontello' title='' data-avia-related-tooltip='Compartir en Twitter' rel=\"noopener\"><span class='avia_hidden_link_text'>Compartir en Twitter<\/span><\/a><\/li><li class='av-share-link av-social-link-whatsapp' ><a target=\"_blank\" aria-label=\"Compartir en Whatsapp\" href='https:\/\/api.whatsapp.com\/send?text=https:\/\/radiorevelacionfm.cl\/?p=29700' aria-hidden='false' data-av_icon='\uf232' data-av_iconfont='entypo-fontello' title='' data-avia-related-tooltip='Compartir en Whatsapp' rel=\"noopener\"><span class='avia_hidden_link_text'>Compartir en Whatsapp<\/span><\/a><\/li><li class='av-share-link av-social-link-linkedin' ><a target=\"_blank\" aria-label=\"Compartir en LinkedIn\" href='https:\/\/linkedin.com\/shareArticle?mini=true&#038;title=Cochrane%2C%20Tortel%20y%20Villa%20O%C2%B4Higgins%20contar%C3%A1n%20con%20oficinas%20de%20Gesti%C3%B3n%20Territorial%20de%20Bienes%20Nacionales&#038;url=https:\/\/radiorevelacionfm.cl\/?p=29700' aria-hidden='false' data-av_icon='\ue8fc' data-av_iconfont='entypo-fontello' title='' data-avia-related-tooltip='Compartir en LinkedIn' rel=\"noopener\"><span class='avia_hidden_link_text'>Compartir en LinkedIn<\/span><\/a><\/li><li class='av-share-link av-social-link-mail' ><a  aria-label=\"Compartir por correo\" href='mailto:?subject=Cochrane%2C%20Tortel%20y%20Villa%20O%C2%B4Higgins%20contar%C3%A1n%20con%20oficinas%20de%20Gesti%C3%B3n%20Territorial%20de%20Bienes%20Nacionales&#038;body=https:\/\/radiorevelacionfm.cl\/?p=29700' aria-hidden='false' data-av_icon='\ue805' data-av_iconfont='entypo-fontello' title='' data-avia-related-tooltip='Compartir por correo'><span class='avia_hidden_link_text'>Compartir por correo<\/span><\/a><\/li><\/ul><\/div><\/div>\n<div  style='height:50px' class='hr hr-invisible   avia-builder-el-8  el_after_av_social_share  el_before_av_comments_list '><span class='hr-inner ' ><span class='hr-inner-style'><\/span><\/span><\/div>\n<div  class='av-buildercomment  av-blog-meta-html-info-disabled av-blog-meta-tag-disabled  '><\/div>\n","protected":false},"excerpt":{"rendered":"","protected":false},"author":1,"featured_media":29701,"comment_status":"open","ping_status":"open","sticky":false,"template":"","format":"standard","meta":{"footnotes":""},"categories":[38],"tags":[],"class_list":["post-29700","post","type-post","status-publish","format-standard","has-post-thumbnail","hentry","category-regional"],"jetpack_featured_media_url":"https:\/\/radiorevelacionfm.cl\/wp-content\/uploads\/2023\/04\/presentaciOn-tortel_optimized-1.jpg","_links":{"self":[{"href":"https:\/\/radiorevelacionfm.cl\/index.php?rest_route=\/wp\/v2\/posts\/29700","targetHints":{"allow":["GET"]}}],"collection":[{"href":"https:\/\/radiorevelacionfm.cl\/index.php?rest_route=\/wp\/v2\/posts"}],"about":[{"href":"https:\/\/radiorevelacionfm.cl\/index.php?rest_route=\/wp\/v2\/types\/post"}],"author":[{"embeddable":true,"href":"https:\/\/radiorevelacionfm.cl\/index.php?rest_route=\/wp\/v2\/users\/1"}],"replies":[{"embeddable":true,"href":"https:\/\/radiorevelacionfm.cl\/index.php?rest_route=%2Fwp%2Fv2%2Fcomments&post=29700"}],"version-history":[{"count":2,"href":"https:\/\/radiorevelacionfm.cl\/index.php?rest_route=\/wp\/v2\/posts\/29700\/revisions"}],"predecessor-version":[{"id":29703,"href":"https:\/\/radiorevelacionfm.cl\/index.php?rest_route=\/wp\/v2\/posts\/29700\/revisions\/29703"}],"wp:featuredmedia":[{"embeddable":true,"href":"https:\/\/radiorevelacionfm.cl\/index.php?rest_route=\/wp\/v2\/media\/29701"}],"wp:attachment":[{"href":"https:\/\/radiorevelacionfm.cl\/index.php?rest_route=%2Fwp%2Fv2%2Fmedia&parent=29700"}],"wp:term":[{"taxonomy":"category","embeddable":true,"href":"https:\/\/radiorevelacionfm.cl\/index.php?rest_route=%2Fwp%2Fv2%2Fcategories&post=29700"},{"taxonomy":"post_tag","embeddable":true,"href":"https:\/\/radiorevelacionfm.cl\/index.php?rest_route=%2Fwp%2Fv2%2Ftags&post=29700"}],"curies":[{"name":"wp","href":"https:\/\/api.w.org\/{rel}","templated":true}]}}