{"id":29693,"date":"2023-04-04T17:07:18","date_gmt":"2023-04-04T20:07:18","guid":{"rendered":"https:\/\/radiorevelacionfm.cl\/?p=29693"},"modified":"2023-04-04T17:07:18","modified_gmt":"2023-04-04T20:07:18","slug":"alcaldes-evaluan-congelar-relaciones-con-seremi-de-educacion-de-la-region-de-aysen-isabel-garrido-casassa","status":"publish","type":"post","link":"https:\/\/radiorevelacionfm.cl\/?p=29693","title":{"rendered":"Alcaldes eval\u00faan congelar relaciones con Seremi de Educaci\u00f3n de la Regi\u00f3n de Ays\u00e9n, Isabel Garrido Casassa"},"content":{"rendered":"<div class=\"flex_column av_one_full  flex_column_div av-zero-column-padding first  avia-builder-el-0  el_before_av_one_full  avia-builder-el-first  \" style='border-radius:0px; '><div  class='avia-image-container  av-styling-    avia-builder-el-1  avia-builder-el-no-sibling  avia-align-center '  itemprop=\"image\" itemscope=\"itemscope\" itemtype=\"https:\/\/schema.org\/ImageObject\"  ><div class='avia-image-container-inner'><div class='avia-image-overlay-wrap'><img decoding=\"async\" class='wp-image-25764 avia-img-lazy-loading-not-25764 avia_image' src=\"https:\/\/radiorevelacionfm.cl\/wp-content\/uploads\/2022\/12\/alcaldes-dsc_0526-1_optimized.jpg\" alt='' title='alcaldes-dsc_0526-(1)_optimized' height=\"600\" width=\"900\"  itemprop=\"thumbnailUrl\" srcset=\"https:\/\/radiorevelacionfm.cl\/wp-content\/uploads\/2022\/12\/alcaldes-dsc_0526-1_optimized.jpg 900w, https:\/\/radiorevelacionfm.cl\/wp-content\/uploads\/2022\/12\/alcaldes-dsc_0526-1_optimized-300x200.jpg 300w, https:\/\/radiorevelacionfm.cl\/wp-content\/uploads\/2022\/12\/alcaldes-dsc_0526-1_optimized-768x512.jpg 768w, https:\/\/radiorevelacionfm.cl\/wp-content\/uploads\/2022\/12\/alcaldes-dsc_0526-1_optimized-705x470.jpg 705w, https:\/\/radiorevelacionfm.cl\/wp-content\/uploads\/2022\/12\/alcaldes-dsc_0526-1_optimized-600x400.jpg 600w\" sizes=\"(max-width: 900px) 100vw, 900px\" \/><\/div><\/div><\/div><\/div><div class=\"flex_column av_one_full  flex_column_div av-zero-column-padding first  avia-builder-el-2  el_after_av_one_full  el_before_av_one_full  column-top-margin\" style='border-radius:0px; '><section class=\"av_textblock_section \"  itemscope=\"itemscope\" itemtype=\"https:\/\/schema.org\/BlogPosting\" itemprop=\"blogPost\" ><div class='avia_textblock  '   itemprop=\"text\" ><p style=\"text-align: center;\"><span style=\"font-size: 18pt;\"><strong>Alcaldes eval\u00faan congelar relaciones con Seremi de Educaci\u00f3n de la Regi\u00f3n de Ays\u00e9n, Isabel Garrido Casassa<\/strong><\/span><\/p>\n<div id=\"gtx-trans\" style=\"position: absolute; left: -50px; top: 4.31534px;\">\n<div class=\"gtx-trans-icon\"><\/div>\n<\/div>\n<\/div><\/section><\/div><\/p>\n<div class=\"flex_column av_one_full  flex_column_div av-zero-column-padding first  avia-builder-el-4  el_after_av_one_full  el_before_av_hr  column-top-margin\" style='border-radius:0px; '><section class=\"av_textblock_section \"  itemscope=\"itemscope\" itemtype=\"https:\/\/schema.org\/BlogPosting\" itemprop=\"blogPost\" ><div class='avia_textblock  '   itemprop=\"text\" ><p style=\"text-align: justify;\">Ante las desafortunadas declaraciones emitidas por Ia Secretaria Regional Ministerial de Educaci\u00f3n de Ays\u00e9n, Isabel Garrido Casassa, en las cuales se muestra medi\u00e1tica y prejuiciosamente opinando sobre un tema delicado y complejo como ha sido el proceso de traspaso de la educaci\u00f3n municipal al Servicio Local de Educaci\u00f3n de Ays\u00e9n, rechazamos profundamente el tenor de su opini\u00f3n y evaluamos seriamente congelar relaciones con dicha autoridad regional.<\/p>\n<p style=\"text-align: justify;\">Como alcaldes, rechazamos categ\u00f3ricamente las insinuaciones da\u00f1inas de la SEREMI Garrido, toda vez que no aportan a un proceso que ha sido complejo para las comunidades educativas, de las cuales hoy somos sus sostenedores y que, adem\u00e1s, son contrarias al trabajo colaborativo que se ha realizado en este contexto con el Servicio Local de Educaci\u00f3n, proceso que esperamos sea exitoso y sin contratiempos a enero del pr\u00f3ximo a\u00f1o.<\/p>\n<p style=\"text-align: justify;\">La SEREMI de Educaci\u00f3n de Ays\u00e9n, Isabel Garrido, no s\u00f3lo ha estado ausente en este camino de transici\u00f3n, sino que tambi\u00e9n desconoce c\u00f3mo se han estado tratando de sortear las dificultades de una ley centralista y precaria en certezas, como lo es la Ley N\u00b0 21.040. Hacemos un llamado transversal a la autoridad regional de educaci\u00f3n a preocuparse en gestionar los problemas que durante el a\u00f1o 2022 y 2023 le hemos planteado como municipios y que, hasta el d\u00eda de hoy, est\u00e1n carentes de respuestas dada su inacci\u00f3n, lo que nos ha obligado a tratar los temas regionales y locales con autoridades de nivel nacional.<\/p>\n<p style=\"text-align: justify;\">Finalmente comunicamos que, como alcaldes de la Regi\u00f3n de Ays\u00e9n, seguiremos aportando al desarrollo exitoso del proceso de traspaso y que nuestro interlocutor, para tales efectos, ser\u00e1 el Servicio Local de Educaci\u00f3n de Ays\u00e9n y la Direcci\u00f3n de Educaci\u00f3n P\u00fablica.<\/p>\n<p style=\"text-align: justify;\">AREMU \u2013 AYS\u00c9N<\/p>\n<\/div><\/section><\/div>\n<div  style='height:50px' class='hr hr-invisible   avia-builder-el-6  el_after_av_one_full  el_before_av_social_share '><span class='hr-inner ' ><span class='hr-inner-style'><\/span><\/span><\/div>\n<div  class='av-social-sharing-box  avia-builder-el-7  el_after_av_hr  el_before_av_hr  '><div class='av-share-box'><h5 class='av-share-link-description av-no-toc '>Compartir esta noticia<\/h5><ul class='av-share-box-list noLightbox'><li class='av-share-link av-social-link-facebook' ><a target=\"_blank\" aria-label=\"Compartir en Facebook\" href='https:\/\/www.facebook.com\/sharer.php?u=https:\/\/radiorevelacionfm.cl\/?p=29693&#038;t=Alcaldes%20eval%C3%BAan%20congelar%20relaciones%20con%20Seremi%20de%20Educaci%C3%B3n%20de%20la%20Regi%C3%B3n%20de%20Ays%C3%A9n%2C%20Isabel%20Garrido%20Casassa' aria-hidden='false' data-av_icon='\ue8f3' data-av_iconfont='entypo-fontello' title='' data-avia-related-tooltip='Compartir en Facebook' rel=\"noopener\"><span class='avia_hidden_link_text'>Compartir en Facebook<\/span><\/a><\/li><li class='av-share-link av-social-link-twitter' ><a target=\"_blank\" aria-label=\"Compartir en Twitter\" href='https:\/\/twitter.com\/share?text=Alcaldes%20eval%C3%BAan%20congelar%20relaciones%20con%20Seremi%20de%20Educaci%C3%B3n%20de%20la%20Regi%C3%B3n%20de%20Ays%C3%A9n%2C%20Isabel%20Garrido%20Casassa&#038;url=https:\/\/radiorevelacionfm.cl\/?p=29693' aria-hidden='false' data-av_icon='\ue8f1' data-av_iconfont='entypo-fontello' title='' data-avia-related-tooltip='Compartir en Twitter' rel=\"noopener\"><span class='avia_hidden_link_text'>Compartir en Twitter<\/span><\/a><\/li><li class='av-share-link av-social-link-whatsapp' ><a target=\"_blank\" aria-label=\"Compartir en Whatsapp\" href='https:\/\/api.whatsapp.com\/send?text=https:\/\/radiorevelacionfm.cl\/?p=29693' aria-hidden='false' data-av_icon='\uf232' data-av_iconfont='entypo-fontello' title='' data-avia-related-tooltip='Compartir en Whatsapp' rel=\"noopener\"><span class='avia_hidden_link_text'>Compartir en Whatsapp<\/span><\/a><\/li><li class='av-share-link av-social-link-linkedin' ><a target=\"_blank\" aria-label=\"Compartir en LinkedIn\" href='https:\/\/linkedin.com\/shareArticle?mini=true&#038;title=Alcaldes%20eval%C3%BAan%20congelar%20relaciones%20con%20Seremi%20de%20Educaci%C3%B3n%20de%20la%20Regi%C3%B3n%20de%20Ays%C3%A9n%2C%20Isabel%20Garrido%20Casassa&#038;url=https:\/\/radiorevelacionfm.cl\/?p=29693' aria-hidden='false' data-av_icon='\ue8fc' data-av_iconfont='entypo-fontello' title='' data-avia-related-tooltip='Compartir en LinkedIn' rel=\"noopener\"><span class='avia_hidden_link_text'>Compartir en LinkedIn<\/span><\/a><\/li><li class='av-share-link av-social-link-mail' ><a  aria-label=\"Compartir por correo\" href='mailto:?subject=Alcaldes%20eval%C3%BAan%20congelar%20relaciones%20con%20Seremi%20de%20Educaci%C3%B3n%20de%20la%20Regi%C3%B3n%20de%20Ays%C3%A9n%2C%20Isabel%20Garrido%20Casassa&#038;body=https:\/\/radiorevelacionfm.cl\/?p=29693' aria-hidden='false' data-av_icon='\ue805' data-av_iconfont='entypo-fontello' title='' data-avia-related-tooltip='Compartir por correo'><span class='avia_hidden_link_text'>Compartir por correo<\/span><\/a><\/li><\/ul><\/div><\/div>\n<div  style='height:50px' class='hr hr-invisible   avia-builder-el-8  el_after_av_social_share  el_before_av_comments_list '><span class='hr-inner ' ><span class='hr-inner-style'><\/span><\/span><\/div>\n<div  class='av-buildercomment  av-blog-meta-html-info-disabled av-blog-meta-tag-disabled  '><\/div>\n","protected":false},"excerpt":{"rendered":"","protected":false},"author":1,"featured_media":25764,"comment_status":"open","ping_status":"open","sticky":false,"template":"","format":"standard","meta":{"footnotes":""},"categories":[49],"tags":[],"class_list":["post-29693","post","type-post","status-publish","format-standard","has-post-thumbnail","hentry","category-educacion"],"jetpack_featured_media_url":"https:\/\/radiorevelacionfm.cl\/wp-content\/uploads\/2022\/12\/alcaldes-dsc_0526-1_optimized.jpg","_links":{"self":[{"href":"https:\/\/radiorevelacionfm.cl\/index.php?rest_route=\/wp\/v2\/posts\/29693","targetHints":{"allow":["GET"]}}],"collection":[{"href":"https:\/\/radiorevelacionfm.cl\/index.php?rest_route=\/wp\/v2\/posts"}],"about":[{"href":"https:\/\/radiorevelacionfm.cl\/index.php?rest_route=\/wp\/v2\/types\/post"}],"author":[{"embeddable":true,"href":"https:\/\/radiorevelacionfm.cl\/index.php?rest_route=\/wp\/v2\/users\/1"}],"replies":[{"embeddable":true,"href":"https:\/\/radiorevelacionfm.cl\/index.php?rest_route=%2Fwp%2Fv2%2Fcomments&post=29693"}],"version-history":[{"count":2,"href":"https:\/\/radiorevelacionfm.cl\/index.php?rest_route=\/wp\/v2\/posts\/29693\/revisions"}],"predecessor-version":[{"id":29695,"href":"https:\/\/radiorevelacionfm.cl\/index.php?rest_route=\/wp\/v2\/posts\/29693\/revisions\/29695"}],"wp:featuredmedia":[{"embeddable":true,"href":"https:\/\/radiorevelacionfm.cl\/index.php?rest_route=\/wp\/v2\/media\/25764"}],"wp:attachment":[{"href":"https:\/\/radiorevelacionfm.cl\/index.php?rest_route=%2Fwp%2Fv2%2Fmedia&parent=29693"}],"wp:term":[{"taxonomy":"category","embeddable":true,"href":"https:\/\/radiorevelacionfm.cl\/index.php?rest_route=%2Fwp%2Fv2%2Fcategories&post=29693"},{"taxonomy":"post_tag","embeddable":true,"href":"https:\/\/radiorevelacionfm.cl\/index.php?rest_route=%2Fwp%2Fv2%2Ftags&post=29693"}],"curies":[{"name":"wp","href":"https:\/\/api.w.org\/{rel}","templated":true}]}}