{"id":2969,"date":"2021-02-26T10:26:56","date_gmt":"2021-02-26T13:26:56","guid":{"rendered":"https:\/\/radiorevelacionfm.cl\/?p=2969"},"modified":"2021-02-26T10:26:56","modified_gmt":"2021-02-26T13:26:56","slug":"de-forma-unanime-aprueban-financiamiento-para-construccion-de-alcantarillado-calles-pangal-y-ohiggins-en-puerto-aysen","status":"publish","type":"post","link":"https:\/\/radiorevelacionfm.cl\/?p=2969","title":{"rendered":"De forma un\u00e1nime aprueban financiamiento para construcci\u00f3n de alcantarillado calles Pangal y O\u2019Higgins en Puerto Ays\u00e9n"},"content":{"rendered":"<div class=\"flex_column av_one_full  flex_column_div av-zero-column-padding first  avia-builder-el-0  el_before_av_one_full  avia-builder-el-first  \" style='border-radius:0px; '><div  class='avia-image-container  av-styling-    avia-builder-el-1  avia-builder-el-no-sibling  avia-align-center '  itemprop=\"image\" itemscope=\"itemscope\" itemtype=\"https:\/\/schema.org\/ImageObject\"  ><div class='avia-image-container-inner'><div class='avia-image-overlay-wrap'><img decoding=\"async\" class='wp-image-0 avia-img-lazy-loading-not-0 avia_image' src=\"https:\/\/radiorevelacionfm.cl\/wp-content\/uploads\/2021\/02\/IMG_20210225_115549_resized_20210225_025539929-1-1.jpg\" alt='' title=''   itemprop=\"thumbnailUrl\"  \/><\/div><\/div><\/div><\/div><div class=\"flex_column av_one_full  flex_column_div av-zero-column-padding first  avia-builder-el-2  el_after_av_one_full  el_before_av_one_full  column-top-margin\" style='border-radius:0px; '><section class=\"av_textblock_section \"  itemscope=\"itemscope\" itemtype=\"https:\/\/schema.org\/BlogPosting\" itemprop=\"blogPost\" ><div class='avia_textblock  '   itemprop=\"text\" ><p style=\"text-align: center;\"><span style=\"font-size: 18pt;\"><strong>De forma un\u00e1nime aprueban financiamiento para construcci\u00f3n de alcantarillado calles Pangal y O\u2019Higgins en Puerto Ays\u00e9n<\/strong><\/span><\/p>\n<div id=\"gtx-trans\" style=\"position: absolute; left: -50px; top: 4.31534px;\">\n<div class=\"gtx-trans-icon\"><\/div>\n<\/div>\n<\/div><\/section><\/div><div class=\"flex_column av_one_full  flex_column_div av-zero-column-padding first  avia-builder-el-4  el_after_av_one_full  el_before_av_hr  column-top-margin\" style='border-radius:0px; '><section class=\"av_textblock_section \"  itemscope=\"itemscope\" itemtype=\"https:\/\/schema.org\/BlogPosting\" itemprop=\"blogPost\" ><div class='avia_textblock  '   itemprop=\"text\" ><p style=\"text-align: justify;\">Acompa\u00f1ado por vecinos y vecinas beneficiados por la iniciativa y los concejales de la comuna, este jueves el alcalde de Ays\u00e9n, Luis Mart\u00ednez Gallardo, particip\u00f3 en la sesi\u00f3n de Consejo Regional de Ays\u00e9n efectuada de forma telem\u00e1tica y que, entre otros puntos, abord\u00f3 la discusi\u00f3n presupuestaria para la construcci\u00f3n del alcantarillado de las calles Pangal &#8211; O\u2019Higgins en Puerto Ays\u00e9n.<\/p>\n<p style=\"text-align: justify;\">En la instancia, el edil comunal y el director de la Secretar\u00eda Comunal de Planificaci\u00f3n, Marcelo Prambs, intervinieron en el debate, para luego dar paso al an\u00e1lisis y votaci\u00f3n por parte de los Consejeros Regionales. Tras lo cual la iniciativa result\u00f3 aprobada de forma un\u00e1nime, obteniendo de esta forma los recursos necesarios para su ejecuci\u00f3n, faenas cuyo monto de inversi\u00f3n superan los 600 millones de pesos y que transformar\u00e1n la vida de m\u00e1s de cien familias en la capital comunal de Ays\u00e9n.<\/p>\n<p style=\"text-align: justify;\">Todo ello, luego de que hace s\u00f3lo tres semanas el emblem\u00e1tico proyecto obtuviera Recomendaci\u00f3n Satisfactoria por parte del Ministerio de Desarrollo Social y Familia, lo cual permiti\u00f3 iniciar las diversas tratativas para conseguir el anhelado financiamiento. En aquella oportunidad, la primera autoridad de la comuna apel\u00f3 a la unidad de todos los actores involucrados para seguir trabajando por las esperanzas de los habitantes de la comuna, situaci\u00f3n que se vio reflejada con los votos aportados en favor del financiamiento por los consejeros regionales por la provincia de Ays\u00e9n: Sergio Gonz\u00e1lez, Marcia Nahuelqu\u00edn, Luis Co\u00f1uecar y Eligio Montecinos y, adem\u00e1s de la priorizaci\u00f3n realizada por la Intendenta, Margarita Osses.<\/p>\n<p style=\"text-align: justify;\">Tras la sesi\u00f3n, los vecinos mostraron su alegr\u00eda por este importante anuncio, cuyo siguiente paso es la licitaci\u00f3n para posterior ejecuci\u00f3n.<\/p>\n<p style=\"text-align: justify;\">\u201cM\u00e1s feliz no podemos estar, este es un logro que hace muchos a\u00f1os comenzamos a solicitar, como dirigente de la junta de vecinos, luego hicimos un comit\u00e9 pro adelanto y as\u00ed fuimos buscando, hablando, yendo para un lado y otro, as\u00ed que esto es lo m\u00e1s grande. Mucha gente no lo cre\u00eda, quiz\u00e1s ahora crean, porque cuando ven que las cosas avanzan todos se embarcan. Y el apoyo que tuvimos del alcalde nuevo que se fue y del alcalde Mart\u00ednez cuando lleg\u00f3, y de todos los concejales, y que gracias a los consejeros nos apoyaron todos\u201d, manifest\u00f3 la dirigenta Adriana Colivoro.<\/p>\n<p style=\"text-align: justify;\">Por su parte, la vecina Irma Garc\u00eda expres\u00f3 su felicidad ante esta aprobaci\u00f3n por la que tantos a\u00f1os han luchado en estos sectores ic\u00f3nicos en Puerto Ays\u00e9n. \u201cMuy lindo y ojal\u00e1 que esto siga adelante, porque cada vez queda menos y va a quedar mi bien. Est\u00e1bamos todos muy preocupados porque hay sitios chiquititos, se llena eso en el invierno, limpian y sale todo ese excremento para afuera, ahora ser\u00e1 todo mucho m\u00e1s limpio, principalmente por los olores que uno percibe todos los d\u00edas, cuando empiezan a rebalsar los pozos, ah\u00ed es cuando uno tiene que levantarse de noche, porque a m\u00ed me ha pasado, a hacer cuneta para que eso corra. As\u00ed que estoy muy contenta y muy gradecida, y esperar esto que viene y que nos mejorar\u00e1 a todos la calidad de vida\u201d.<\/p>\n<p style=\"text-align: justify;\">La concejala de la comuna, Ximena Novoa, relev\u00f3 el trabajo desarrollado por las diversas instituciones, en pos de este grupo de ayseninos que han sido parte esencial de lo que es el Ays\u00e9n de hoy. \u201cUn reconocimiento a los dirigentes, un reconocimiento al equipo municipal por el trabajo, a los consejeros regionales que tuvieron la voluntad de votar a favor, por esto que viene a cambiar la vida de nuestros vecinos. Es una deuda que se arrastra desde hace muchos a\u00f1os. Un reconocimiento a nuestro ex alcalde Catal\u00e1n que se la jug\u00f3 por este proyecto maravilloso. Felicitaciones a todos, especialmente a nuestros vecinos que hoy comienzan una nueva etapa como familia. Este trabajo en conjunto a\u00fana voluntades en favor de nuestra gente y eso no se debe perder, esto va en directo beneficio de nuestros vecinos as\u00ed que felicidades al equipo municipal, a nuestros consejeros regionales, a mis colegas concejales que tambi\u00e9n han puesto cuota en este trabajo.<\/p>\n<p style=\"text-align: justify;\">Finalmente, el edil de la comuna, Luis Mart\u00ednez, se\u00f1al\u00f3 su satisfacci\u00f3n tras este importante paso que esperan concretar en los siguientes meses, y cuyos resultados van de la mano a la reciente aprobaci\u00f3n de financiamiento para el alcantarillado de Calle Condell en este hist\u00f3rico logro para mejorar la calidad de vida de, en conjunto, cerca de 400 personas.<\/p>\n<p style=\"text-align: justify;\">\u201cUna votaci\u00f3n importante. Muy felices los vecinos, muy feliz este alcalde, muy felices los profesionales de la municipalidad, los funcionarios del GORE que buscan los recursos para esto, los CORE que aprueban porque aqu\u00ed se hace justicia, se entrega dignidad, se entrega higiene, se entrega una cantidad de productos que van a hacer mejor la vida de las personas y eso es lo que persigue el municipio. Habiendo ingresado reci\u00e9n este proyecto, sin lugar a dudas, estaba, pero con muchas observaciones e indicaciones, pusimos a nuestro equipo a trabajar con todas las ganas para poder sacarlo adelante, y pudimos sacar el Condell que hoy est\u00e1 listo, est\u00e1 financiado y que pronto ira a licitaci\u00f3n, y ahora Pangal y O\u2019Higgins\u201d.<\/p>\n<p style=\"text-align: justify;\">Agreg\u00f3 que \u201cm\u00e1s contento no puedo estar por estas familias que pr\u00e1cticamente conozco toda la vida y que hoy d\u00eda van a poder tener dignidad \u00bfy porque decimos dignidad? Porque sus sitios est\u00e1n llenos de pozos negros que muchas veces limpiamos con el cami\u00f3n municipal, y que no es digno, as\u00ed que hoy se ha logrado este acuerdo del GORE que permitir\u00e1 hacer justicia y una mejor ciudad. Y eso es lo que queremos seguir construyendo y lo hemos instado tambi\u00e9n a ellos que apoyen nuestros proyectos. Tendremos una cartera este a\u00f1o de 17 mil millones de pesos y donde la mayor\u00eda de las iniciativas van en directo apoyo a la mejora en la vida de nuestros vecinos\u201d, finaliz\u00f3 el alcalde Mart\u00ednez.<\/p>\n<\/div><\/section><\/div><div  style='height:50px' class='hr hr-invisible   avia-builder-el-6  el_after_av_one_full  el_before_av_social_share '><span class='hr-inner ' ><span class='hr-inner-style'><\/span><\/span><\/div><\/p>\n<div  class='av-social-sharing-box  avia-builder-el-7  el_after_av_hr  el_before_av_hr  '><div class='av-share-box'><h5 class='av-share-link-description av-no-toc '>Compartir esta noticia<\/h5><ul class='av-share-box-list noLightbox'><li class='av-share-link av-social-link-facebook' ><a target=\"_blank\" aria-label=\"Compartir en Facebook\" href='https:\/\/www.facebook.com\/sharer.php?u=https:\/\/radiorevelacionfm.cl\/?p=2969&#038;t=De%20forma%20un%C3%A1nime%20aprueban%20financiamiento%20para%20construcci%C3%B3n%20de%20alcantarillado%20calles%20Pangal%20y%20O%E2%80%99Higgins%20en%20Puerto%20Ays%C3%A9n' aria-hidden='false' data-av_icon='\ue8f3' data-av_iconfont='entypo-fontello' title='' data-avia-related-tooltip='Compartir en Facebook' rel=\"noopener\"><span class='avia_hidden_link_text'>Compartir en Facebook<\/span><\/a><\/li><li class='av-share-link av-social-link-twitter' ><a target=\"_blank\" aria-label=\"Compartir en Twitter\" href='https:\/\/twitter.com\/share?text=De%20forma%20un%C3%A1nime%20aprueban%20financiamiento%20para%20construcci%C3%B3n%20de%20alcantarillado%20calles%20Pangal%20y%20O%E2%80%99Higgins%20en%20Puerto%20Ays%C3%A9n&#038;url=https:\/\/radiorevelacionfm.cl\/?p=2969' aria-hidden='false' data-av_icon='\ue8f1' data-av_iconfont='entypo-fontello' title='' data-avia-related-tooltip='Compartir en Twitter' rel=\"noopener\"><span class='avia_hidden_link_text'>Compartir en Twitter<\/span><\/a><\/li><li class='av-share-link av-social-link-whatsapp' ><a target=\"_blank\" aria-label=\"Compartir en Whatsapp\" href='https:\/\/api.whatsapp.com\/send?text=https:\/\/radiorevelacionfm.cl\/?p=2969' aria-hidden='false' data-av_icon='\uf232' data-av_iconfont='entypo-fontello' title='' data-avia-related-tooltip='Compartir en Whatsapp' rel=\"noopener\"><span class='avia_hidden_link_text'>Compartir en Whatsapp<\/span><\/a><\/li><li class='av-share-link av-social-link-linkedin' ><a target=\"_blank\" aria-label=\"Compartir en LinkedIn\" href='https:\/\/linkedin.com\/shareArticle?mini=true&#038;title=De%20forma%20un%C3%A1nime%20aprueban%20financiamiento%20para%20construcci%C3%B3n%20de%20alcantarillado%20calles%20Pangal%20y%20O%E2%80%99Higgins%20en%20Puerto%20Ays%C3%A9n&#038;url=https:\/\/radiorevelacionfm.cl\/?p=2969' aria-hidden='false' data-av_icon='\ue8fc' data-av_iconfont='entypo-fontello' title='' data-avia-related-tooltip='Compartir en LinkedIn' rel=\"noopener\"><span class='avia_hidden_link_text'>Compartir en LinkedIn<\/span><\/a><\/li><li class='av-share-link av-social-link-mail' ><a  aria-label=\"Compartir por correo\" href='mailto:?subject=De%20forma%20un%C3%A1nime%20aprueban%20financiamiento%20para%20construcci%C3%B3n%20de%20alcantarillado%20calles%20Pangal%20y%20O%E2%80%99Higgins%20en%20Puerto%20Ays%C3%A9n&#038;body=https:\/\/radiorevelacionfm.cl\/?p=2969' aria-hidden='false' data-av_icon='\ue805' data-av_iconfont='entypo-fontello' title='' data-avia-related-tooltip='Compartir por correo'><span class='avia_hidden_link_text'>Compartir por correo<\/span><\/a><\/li><\/ul><\/div><\/div>\n<div  style='height:50px' class='hr hr-invisible   avia-builder-el-8  el_after_av_social_share  el_before_av_comments_list '><span class='hr-inner ' ><span class='hr-inner-style'><\/span><\/span><\/div>\n<div  class='av-buildercomment  av-blog-meta-html-info-disabled av-blog-meta-tag-disabled  '><\/div>\n","protected":false},"excerpt":{"rendered":"","protected":false},"author":1,"featured_media":0,"comment_status":"open","ping_status":"open","sticky":false,"template":"","format":"standard","meta":{"footnotes":""},"categories":[38],"tags":[],"class_list":["post-2969","post","type-post","status-publish","format-standard","hentry","category-regional"],"jetpack_featured_media_url":"","_links":{"self":[{"href":"https:\/\/radiorevelacionfm.cl\/index.php?rest_route=\/wp\/v2\/posts\/2969","targetHints":{"allow":["GET"]}}],"collection":[{"href":"https:\/\/radiorevelacionfm.cl\/index.php?rest_route=\/wp\/v2\/posts"}],"about":[{"href":"https:\/\/radiorevelacionfm.cl\/index.php?rest_route=\/wp\/v2\/types\/post"}],"author":[{"embeddable":true,"href":"https:\/\/radiorevelacionfm.cl\/index.php?rest_route=\/wp\/v2\/users\/1"}],"replies":[{"embeddable":true,"href":"https:\/\/radiorevelacionfm.cl\/index.php?rest_route=%2Fwp%2Fv2%2Fcomments&post=2969"}],"version-history":[{"count":1,"href":"https:\/\/radiorevelacionfm.cl\/index.php?rest_route=\/wp\/v2\/posts\/2969\/revisions"}],"predecessor-version":[{"id":2971,"href":"https:\/\/radiorevelacionfm.cl\/index.php?rest_route=\/wp\/v2\/posts\/2969\/revisions\/2971"}],"wp:attachment":[{"href":"https:\/\/radiorevelacionfm.cl\/index.php?rest_route=%2Fwp%2Fv2%2Fmedia&parent=2969"}],"wp:term":[{"taxonomy":"category","embeddable":true,"href":"https:\/\/radiorevelacionfm.cl\/index.php?rest_route=%2Fwp%2Fv2%2Fcategories&post=2969"},{"taxonomy":"post_tag","embeddable":true,"href":"https:\/\/radiorevelacionfm.cl\/index.php?rest_route=%2Fwp%2Fv2%2Ftags&post=2969"}],"curies":[{"name":"wp","href":"https:\/\/api.w.org\/{rel}","templated":true}]}}