{"id":29688,"date":"2023-04-03T20:52:49","date_gmt":"2023-04-03T23:52:49","guid":{"rendered":"https:\/\/radiorevelacionfm.cl\/?p=29688"},"modified":"2023-04-03T20:52:49","modified_gmt":"2023-04-03T23:52:49","slug":"con-izamiento-de-la-gran-bandera-carabineros-inicia-su-mes-aniversario","status":"publish","type":"post","link":"https:\/\/radiorevelacionfm.cl\/?p=29688","title":{"rendered":"Con izamiento de la Gran Bandera, Carabineros inicia su mes aniversario"},"content":{"rendered":"<div class=\"flex_column av_one_full  flex_column_div av-zero-column-padding first  avia-builder-el-0  el_before_av_one_full  avia-builder-el-first  \" style='border-radius:0px; '><div  class='avia-image-container  av-styling-    avia-builder-el-1  avia-builder-el-no-sibling  avia-align-center '  itemprop=\"image\" itemscope=\"itemscope\" itemtype=\"https:\/\/schema.org\/ImageObject\"  ><div class='avia-image-container-inner'><div class='avia-image-overlay-wrap'><img decoding=\"async\" class='wp-image-29689 avia-img-lazy-loading-not-29689 avia_image' src=\"https:\/\/radiorevelacionfm.cl\/wp-content\/uploads\/2023\/04\/932458df-342a-4ecf-8686-475732c61783-1_optimized.jpg\" alt='' title='932458df-342a-4ecf-8686-475732c61783-(1)_optimized' height=\"600\" width=\"800\"  itemprop=\"thumbnailUrl\" srcset=\"https:\/\/radiorevelacionfm.cl\/wp-content\/uploads\/2023\/04\/932458df-342a-4ecf-8686-475732c61783-1_optimized.jpg 800w, https:\/\/radiorevelacionfm.cl\/wp-content\/uploads\/2023\/04\/932458df-342a-4ecf-8686-475732c61783-1_optimized-300x225.jpg 300w, https:\/\/radiorevelacionfm.cl\/wp-content\/uploads\/2023\/04\/932458df-342a-4ecf-8686-475732c61783-1_optimized-768x576.jpg 768w, https:\/\/radiorevelacionfm.cl\/wp-content\/uploads\/2023\/04\/932458df-342a-4ecf-8686-475732c61783-1_optimized-705x529.jpg 705w, https:\/\/radiorevelacionfm.cl\/wp-content\/uploads\/2023\/04\/932458df-342a-4ecf-8686-475732c61783-1_optimized-450x338.jpg 450w, https:\/\/radiorevelacionfm.cl\/wp-content\/uploads\/2023\/04\/932458df-342a-4ecf-8686-475732c61783-1_optimized-600x450.jpg 600w\" sizes=\"(max-width: 800px) 100vw, 800px\" \/><\/div><\/div><\/div><\/div><div class=\"flex_column av_one_full  flex_column_div av-zero-column-padding first  avia-builder-el-2  el_after_av_one_full  el_before_av_one_full  column-top-margin\" style='border-radius:0px; '><section class=\"av_textblock_section \"  itemscope=\"itemscope\" itemtype=\"https:\/\/schema.org\/BlogPosting\" itemprop=\"blogPost\" ><div class='avia_textblock  '   itemprop=\"text\" ><p style=\"text-align: center;\"><span style=\"font-size: 18pt;\"><b>Con izamiento de la Gran Bandera, Carabineros inicia su mes aniversario<\/b><\/span><\/p>\n<div id=\"gtx-trans\" style=\"position: absolute; left: -50px; top: 4.31534px;\">\n<div class=\"gtx-trans-icon\"><\/div>\n<\/div>\n<\/div><\/section><\/div><div class=\"flex_column av_one_full  flex_column_div av-zero-column-padding first  avia-builder-el-4  el_after_av_one_full  el_before_av_hr  column-top-margin\" style='border-radius:0px; '><section class=\"av_textblock_section \"  itemscope=\"itemscope\" itemtype=\"https:\/\/schema.org\/BlogPosting\" itemprop=\"blogPost\" ><div class='avia_textblock  '   itemprop=\"text\" ><p class=\"v1MsoNormal\" style=\"text-align: justify;\">La ceremonia comenz\u00f3 con un minuto de silencio en homenaje a los m\u00e1rtires, quienes a lo largo de la historia han rendido la vida en el cumplimiento del deber.<\/p>\n<p class=\"v1MsoNormal\" style=\"text-align: justify;\">Junto a la presencia de diversas autoridades regionales del \u00e1mbito civil, de la defensa y la comunidad, Carabineros realiz\u00f3 la ceremonia de izamiento de la Gran Bandera en la Plaza Mirador R\u00edo Coyhaique, dando inicio al mes aniversario N\u00b0 96 de la Instituci\u00f3n.<\/p>\n<p class=\"v1MsoNormal\" style=\"text-align: justify;\">La ceremonia comenz\u00f3 con un minuto de silencio en homenaje a los m\u00e1rtires, quienes a lo largo de la historia han rendido la vida en resguardo la seguridad, el orden y la patria.<\/p>\n<p class=\"v1MsoNormal\" style=\"text-align: justify;\">En tal sentido, durante el pasado mes de marzo y con aproximadamente una semana de diferencia, dos carabineros fallecieron en actos del servicio en las ciudades de Concepci\u00f3n y Quilpu\u00e9 respectivamente.<\/p>\n<p class=\"v1MsoNormal\" style=\"text-align: justify;\">\u00abLa sociedad dice basta y lo manifiesta con se\u00f1ales de apoyo y reconocimiento a la labor que quiz\u00e1s an\u00f3nimamente desarrollamos (&#8230;) muchas veces las personas no est\u00e1n conscientes de eso, sin embargo, los carabineros patrullan inagotablemente todos los d\u00edas para dar seguridad a la comunidad\u00bb, expres\u00f3 el Jefe de Zona de Carabineros, General Patricio Javier Santos Poblete.<\/p>\n<p class=\"v1MsoNormal\" style=\"text-align: justify;\"><b>Rumbo al centenario<\/b><\/p>\n<p class=\"v1MsoNormal\" style=\"text-align: justify;\">Carabineros se encuentra inmerso en un proceso de modernizaci\u00f3n y reforma a trav\u00e9s de un plan estrat\u00e9gico hacia el a\u00f1o 2028 para cumplir la meta del centenario, actualmente con altos niveles de aprobaci\u00f3n y reconocimiento ciudadano por la entrega y sacrificio que desarrollan los carabineros a lo largo y ancho del pa\u00eds.<\/p>\n<p class=\"v1MsoNormal\" style=\"text-align: justify;\">El izamiento de la bandera constituye un acto simb\u00f3lico que se desarrolla en todo el territorio nacional, el cual cont\u00f3 con la participaci\u00f3n de las autoridades como adhesi\u00f3n a este compromiso sobre la seguridad como primera prioridad ciudadana.<\/p>\n<p class=\"v1MsoNormal\" style=\"text-align: justify;\">\u00abLa bandera es un s\u00edmbolo de lo que sentimos y el arraigo que tenemos como Carabineros con la identidad nacional. Fue izada por un grupo de polic\u00edas de todas las especialidades que est\u00e1n en la regi\u00f3n, carabineros de frontera, de tr\u00e1nsito y operativos que son quienes todos los d\u00edas desarrollan servicios\u00bb, detall\u00f3 el Jefe de Zona.<\/p>\n<\/div><\/section><\/div><div  style='height:50px' class='hr hr-invisible   avia-builder-el-6  el_after_av_one_full  el_before_av_social_share '><span class='hr-inner ' ><span class='hr-inner-style'><\/span><\/span><\/div><\/p>\n<div  class='av-social-sharing-box  avia-builder-el-7  el_after_av_hr  el_before_av_hr  '><div class='av-share-box'><h5 class='av-share-link-description av-no-toc '>Compartir esta noticia<\/h5><ul class='av-share-box-list noLightbox'><li class='av-share-link av-social-link-facebook' ><a target=\"_blank\" aria-label=\"Compartir en Facebook\" href='https:\/\/www.facebook.com\/sharer.php?u=https:\/\/radiorevelacionfm.cl\/?p=29688&#038;t=Con%20izamiento%20de%20la%20Gran%20Bandera%2C%20Carabineros%20inicia%20su%20mes%20aniversario' aria-hidden='false' data-av_icon='\ue8f3' data-av_iconfont='entypo-fontello' title='' data-avia-related-tooltip='Compartir en Facebook' rel=\"noopener\"><span class='avia_hidden_link_text'>Compartir en Facebook<\/span><\/a><\/li><li class='av-share-link av-social-link-twitter' ><a target=\"_blank\" aria-label=\"Compartir en Twitter\" href='https:\/\/twitter.com\/share?text=Con%20izamiento%20de%20la%20Gran%20Bandera%2C%20Carabineros%20inicia%20su%20mes%20aniversario&#038;url=https:\/\/radiorevelacionfm.cl\/?p=29688' aria-hidden='false' data-av_icon='\ue8f1' data-av_iconfont='entypo-fontello' title='' data-avia-related-tooltip='Compartir en Twitter' rel=\"noopener\"><span class='avia_hidden_link_text'>Compartir en Twitter<\/span><\/a><\/li><li class='av-share-link av-social-link-whatsapp' ><a target=\"_blank\" aria-label=\"Compartir en Whatsapp\" href='https:\/\/api.whatsapp.com\/send?text=https:\/\/radiorevelacionfm.cl\/?p=29688' aria-hidden='false' data-av_icon='\uf232' data-av_iconfont='entypo-fontello' title='' data-avia-related-tooltip='Compartir en Whatsapp' rel=\"noopener\"><span class='avia_hidden_link_text'>Compartir en Whatsapp<\/span><\/a><\/li><li class='av-share-link av-social-link-linkedin' ><a target=\"_blank\" aria-label=\"Compartir en LinkedIn\" href='https:\/\/linkedin.com\/shareArticle?mini=true&#038;title=Con%20izamiento%20de%20la%20Gran%20Bandera%2C%20Carabineros%20inicia%20su%20mes%20aniversario&#038;url=https:\/\/radiorevelacionfm.cl\/?p=29688' aria-hidden='false' data-av_icon='\ue8fc' data-av_iconfont='entypo-fontello' title='' data-avia-related-tooltip='Compartir en LinkedIn' rel=\"noopener\"><span class='avia_hidden_link_text'>Compartir en LinkedIn<\/span><\/a><\/li><li class='av-share-link av-social-link-mail' ><a  aria-label=\"Compartir por correo\" href='mailto:?subject=Con%20izamiento%20de%20la%20Gran%20Bandera%2C%20Carabineros%20inicia%20su%20mes%20aniversario&#038;body=https:\/\/radiorevelacionfm.cl\/?p=29688' aria-hidden='false' data-av_icon='\ue805' data-av_iconfont='entypo-fontello' title='' data-avia-related-tooltip='Compartir por correo'><span class='avia_hidden_link_text'>Compartir por correo<\/span><\/a><\/li><\/ul><\/div><\/div>\n<div  style='height:50px' class='hr hr-invisible   avia-builder-el-8  el_after_av_social_share  el_before_av_comments_list '><span class='hr-inner ' ><span class='hr-inner-style'><\/span><\/span><\/div>\n<div  class='av-buildercomment  av-blog-meta-html-info-disabled av-blog-meta-tag-disabled  '><\/div>\n","protected":false},"excerpt":{"rendered":"","protected":false},"author":1,"featured_media":29689,"comment_status":"open","ping_status":"open","sticky":false,"template":"","format":"standard","meta":{"footnotes":""},"categories":[36],"tags":[],"class_list":["post-29688","post","type-post","status-publish","format-standard","has-post-thumbnail","hentry","category-policial"],"jetpack_featured_media_url":"https:\/\/radiorevelacionfm.cl\/wp-content\/uploads\/2023\/04\/932458df-342a-4ecf-8686-475732c61783-1_optimized.jpg","_links":{"self":[{"href":"https:\/\/radiorevelacionfm.cl\/index.php?rest_route=\/wp\/v2\/posts\/29688","targetHints":{"allow":["GET"]}}],"collection":[{"href":"https:\/\/radiorevelacionfm.cl\/index.php?rest_route=\/wp\/v2\/posts"}],"about":[{"href":"https:\/\/radiorevelacionfm.cl\/index.php?rest_route=\/wp\/v2\/types\/post"}],"author":[{"embeddable":true,"href":"https:\/\/radiorevelacionfm.cl\/index.php?rest_route=\/wp\/v2\/users\/1"}],"replies":[{"embeddable":true,"href":"https:\/\/radiorevelacionfm.cl\/index.php?rest_route=%2Fwp%2Fv2%2Fcomments&post=29688"}],"version-history":[{"count":1,"href":"https:\/\/radiorevelacionfm.cl\/index.php?rest_route=\/wp\/v2\/posts\/29688\/revisions"}],"predecessor-version":[{"id":29691,"href":"https:\/\/radiorevelacionfm.cl\/index.php?rest_route=\/wp\/v2\/posts\/29688\/revisions\/29691"}],"wp:featuredmedia":[{"embeddable":true,"href":"https:\/\/radiorevelacionfm.cl\/index.php?rest_route=\/wp\/v2\/media\/29689"}],"wp:attachment":[{"href":"https:\/\/radiorevelacionfm.cl\/index.php?rest_route=%2Fwp%2Fv2%2Fmedia&parent=29688"}],"wp:term":[{"taxonomy":"category","embeddable":true,"href":"https:\/\/radiorevelacionfm.cl\/index.php?rest_route=%2Fwp%2Fv2%2Fcategories&post=29688"},{"taxonomy":"post_tag","embeddable":true,"href":"https:\/\/radiorevelacionfm.cl\/index.php?rest_route=%2Fwp%2Fv2%2Ftags&post=29688"}],"curies":[{"name":"wp","href":"https:\/\/api.w.org\/{rel}","templated":true}]}}