{"id":29685,"date":"2023-04-03T19:59:34","date_gmt":"2023-04-03T22:59:34","guid":{"rendered":"https:\/\/radiorevelacionfm.cl\/?p=29685"},"modified":"2023-04-03T19:59:34","modified_gmt":"2023-04-03T22:59:34","slug":"mop-expone-nuevos-proyectos-para-comunidad-de-caleta-tortel","status":"publish","type":"post","link":"https:\/\/radiorevelacionfm.cl\/?p=29685","title":{"rendered":"MOP expone nuevos proyectos para comunidad de Caleta Tortel"},"content":{"rendered":"<div class=\"flex_column av_one_full  flex_column_div av-zero-column-padding first  avia-builder-el-0  el_before_av_one_full  avia-builder-el-first  \" style='border-radius:0px; '><div  class='avia-image-container  av-styling-    avia-builder-el-1  avia-builder-el-no-sibling  avia-align-center '  itemprop=\"image\" itemscope=\"itemscope\" itemtype=\"https:\/\/schema.org\/ImageObject\"  ><div class='avia-image-container-inner'><div class='avia-image-overlay-wrap'><img decoding=\"async\" class='wp-image-29686 avia-img-lazy-loading-not-29686 avia_image' src=\"https:\/\/radiorevelacionfm.cl\/wp-content\/uploads\/2023\/04\/tres-tortel-def-1_optimized.jpg\" alt='' title='tres-tortel-def-(1)_optimized' height=\"600\" width=\"1167\"  itemprop=\"thumbnailUrl\" srcset=\"https:\/\/radiorevelacionfm.cl\/wp-content\/uploads\/2023\/04\/tres-tortel-def-1_optimized.jpg 1167w, https:\/\/radiorevelacionfm.cl\/wp-content\/uploads\/2023\/04\/tres-tortel-def-1_optimized-300x154.jpg 300w, https:\/\/radiorevelacionfm.cl\/wp-content\/uploads\/2023\/04\/tres-tortel-def-1_optimized-1030x530.jpg 1030w, https:\/\/radiorevelacionfm.cl\/wp-content\/uploads\/2023\/04\/tres-tortel-def-1_optimized-768x395.jpg 768w, https:\/\/radiorevelacionfm.cl\/wp-content\/uploads\/2023\/04\/tres-tortel-def-1_optimized-705x362.jpg 705w, https:\/\/radiorevelacionfm.cl\/wp-content\/uploads\/2023\/04\/tres-tortel-def-1_optimized-450x231.jpg 450w, https:\/\/radiorevelacionfm.cl\/wp-content\/uploads\/2023\/04\/tres-tortel-def-1_optimized-600x308.jpg 600w\" sizes=\"(max-width: 1167px) 100vw, 1167px\" \/><\/div><\/div><\/div><\/div><div class=\"flex_column av_one_full  flex_column_div av-zero-column-padding first  avia-builder-el-2  el_after_av_one_full  el_before_av_one_full  column-top-margin\" style='border-radius:0px; '><section class=\"av_textblock_section \"  itemscope=\"itemscope\" itemtype=\"https:\/\/schema.org\/BlogPosting\" itemprop=\"blogPost\" ><div class='avia_textblock  '   itemprop=\"text\" ><p style=\"text-align: center;\"><strong><span style=\"font-size: 18pt;\">MOP expone nuevos proyectos para comunidad de Caleta Tortel<\/span><\/strong><\/p>\n<div id=\"gtx-trans\" style=\"position: absolute; left: -50px; top: 4.31534px;\">\n<div class=\"gtx-trans-icon\"><\/div>\n<\/div>\n<\/div><\/section><\/div><div class=\"flex_column av_one_full  flex_column_div av-zero-column-padding first  avia-builder-el-4  el_after_av_one_full  el_before_av_hr  column-top-margin\" style='border-radius:0px; '><section class=\"av_textblock_section \"  itemscope=\"itemscope\" itemtype=\"https:\/\/schema.org\/BlogPosting\" itemprop=\"blogPost\" ><div class='avia_textblock  '   itemprop=\"text\" ><p style=\"text-align: justify;\">Como una forma de descentralizar la gesti\u00f3n, el Secretario Regional Ministerial de Obras P\u00fablicas, Patricio Sanhueza Ulloa, junto a los Directores Regionales de Planeamiento Ynyeverli D\u00edaz Reyes, de \u00a0Arquitectura Paola Az\u00f3car, de Obras Hidr\u00e1ulicas Francisco Real, de Obras Portuarias \u00c1lvaro D\u00edaz, \u00a0el Jefe de la Oficina Provincial de Vialidad en Cochrane Juan Carlos B\u00f3rquez y el Jefe de la Unidad de Glaciolog\u00eda y Nieves de la Direcci\u00f3n General de Aguas en la regi\u00f3n de Ays\u00e9n Jorge O\u00b4Kuinghttons viajaron hasta Caleta Tortel para reunirse con el Alcalde Abel Becerra, el Concejo Municipal y comunidad, con el fin de exponer el Plan de Mejoramiento para la Integraci\u00f3n y Conectividad de las regiones de Ays\u00e9n y Provincia de Palena, el Plan Excepcional de Conservaci\u00f3n de Caminos para la regi\u00f3n de Ays\u00e9n, as\u00ed como tambi\u00e9n escuchar y atender las necesidades de la comunidad e informar nuevos proyectos para la comuna.<\/p>\n<p style=\"text-align: justify;\">Consultado al respecto, el SEREMI del MOP indic\u00f3 \u201cfuimos a Tortel para comunicar el Plan Excepcional de Conservaci\u00f3n de Caminos junto con informar una serie de iniciativas que como gobierno a trav\u00e9s de nuestras Direcciones Regionales materializaremos en la comuna, con obras y estudios de la Direcci\u00f3n Regional de Obras Portuarias, as\u00ed como tambi\u00e9n de la Direcci\u00f3n Regional de Obras Hidr\u00e1ulicas en materia de saneamiento rural, resolver las dudas y levantar propuestas de la comunidad y autoridades en su territorio, como ha sido el mandato de nuestro presidente Gabriel Boric. Les informamos que tenemos una fuerte cantidad de iniciativas en el Fiordo Mitchell, que forman parte del territorio y que da continuidad a la ruta 7 a trav\u00e9s del Fiordo hacia el sur, tenemos proyectado mejorar el punto de entrada desde y hacia la regi\u00f3n de Magallanes con un Dise\u00f1o que pretendemos generar para Puerto Yungay, y vamos a trabajar en un Dise\u00f1o de dos muelles que servir\u00e1n para entregar conectividad mar\u00edtima interna a Tortel y facilitar el tr\u00e1nsito y carga de personas y de productos\u00a0 que deben realizar los vecinos de la localidad, a lo que se suman los anuncios en cuanto a la conservaci\u00f3n de los caminos lo que es trascendente, porque esas acciones en la Ruta 7 disminuyen el tiempo de viaje, aumentan el confort y\u00a0 la seguridad de los pasajeros en su tr\u00e1nsito hacia la capital regional, y \u00a0dimos a conocer los avances que tiene el Dise\u00f1o de una nueva fuente de agua para Tortel. Escuchamos las demandas de nuestro Alcalde, del Concejo Municipal y de la comunidad. Fue una muy buena reuni\u00f3n y esperamos que esta visita la podamos repetir con mayor frecuencia. Es nuestro inter\u00e9s y nuestro compromiso\u201d.<\/p>\n<p style=\"text-align: justify;\">As\u00ed lo refrend\u00f3 tambi\u00e9n, el Alcalde de la comuna de Tortel, Abel Becerra quien hizo un balance de estas gestiones, se\u00f1alando que \u201cestamos muy contentos que la autoridad del ramo regional nos pueda visitar, porque junto con su presencia como SEREMI del ramo, tambi\u00e9n vinieron cuatro directores m\u00e1s y hoy d\u00eda en una jornada bastante extensa primero con el Concejo Municipal y despu\u00e9s con parte de las organizaciones sociales se le pudo dar respuesta a las necesidades m\u00e1s t\u00e9cnicas a cada sector. Desde agua potable, conectividad rural, futuros proyectos, necesidades que podamos tener en el futuro que vayan teniendo que ver con alguna de las Direcciones que hoy estuvieron ac\u00e1, as\u00ed que estamos muy contentos, tomamos los compromisos, les vamos a hacer un seguimiento\u201d.<\/p>\n<p style=\"text-align: justify;\">En la ocasi\u00f3n Francisco Real, Director Regional de Obras Hidr\u00e1ulicas agreg\u00f3 que el Dise\u00f1o de una nueva fuente de agua considera obras significativas para el diario vivir de las y los vecinos, dando con ello el primer paso que les permitir\u00e1 avanzar en esta \u00e1rea, destacando que \u201ces el Dise\u00f1o de una nueva captaci\u00f3n y un nuevo estanque que tiene 200 mt3, el que tendr\u00eda el doble de capacidad que el actual, cumpliendo ampliamente con el consumo de agua potable de la comunidad. En estos momentos tenemos el Dise\u00f1o listo y vamos a ingresarlo al Ministerio de Desarrollo Social y Familia (MIDESO) para que podamos contar con la recomendaci\u00f3n favorable este a\u00f1o y el pr\u00f3ximo a\u00f1o poder ejecutar el proyecto\u201d.<\/p>\n<p style=\"text-align: justify;\">Por su parte, el Director Regional de Obras Portuarias luego de efectuar un recorrido por la infraestructura portuaria en Caleta Tortel, destac\u00f3 \u201chemos podido transmitir las iniciativas que tenemos consideradas para el a\u00f1o 2023 y tambi\u00e9n las obras de conservaci\u00f3n que realizamos en R\u00edo Bravo; la adjudicaci\u00f3n del Dise\u00f1o para la ampliaci\u00f3n de la Infraestructura Portuaria en Puerto Yungay el que considera la ampliaci\u00f3n del Refugio de Pasajeros, habilitaci\u00f3n de ba\u00f1os p\u00fablicos, accesibilidad universal, ampliaci\u00f3n de la explanada de estacionamiento, iluminaci\u00f3n, sistemas de enfilamiento y balizado para embarcaciones, elementos de amarre nuevo y se analizar\u00e1 la modificaci\u00f3n o ampliaci\u00f3n de la actual rampa de conectividad. Tambi\u00e9n, anunciamos el t\u00e9rmino de la conservaci\u00f3n de la rampa fiscal de Caleta Tortel, y el Dise\u00f1o de dos muelles, respondiendo a las necesidades actuales de la comunidad, los que se licitan este a\u00f1o para en el futuro cercano construir las obras que mejoren la conectividad interior de los pobladores,\u201d.<\/p>\n<p style=\"text-align: justify;\">Finalmente, Jorge O\u00b4Kuinghttons Jefe de la Unidad de Glaciolog\u00eda y Nieves de la Direcci\u00f3n General de Aguas del MOP en la regi\u00f3n de Ays\u00e9n en la reuni\u00f3n indic\u00f3 \u201cle hemos presentado al Alcalde y a su equipo de trabajo un Plan de Investigaci\u00f3n y de Transparencia de Informaci\u00f3n de Glaciares, espec\u00edficamente por los trabajos que pretendemos hacer en el Glaciar Jorge Montt y Luc\u00eda. Presentamos las distintas alternativas desde los puntos desde donde nosotros esperamos registrar informaci\u00f3n, as\u00ed como tambi\u00e9n los distintos tipos de obras o intervenciones que queremos hacer en las cercan\u00edas de los glaciares y la forma en que esta informaci\u00f3n se podr\u00eda transferir a las distintas personas usuarios y\/o prestadores de servicios tur\u00edsticos en la localidad de Caleta Tortel. El programa tiene varias aristas, entre ellas disminuir el riesgo a los que est\u00e1n afectas las personas que viven en la provincia Capit\u00e1n Prat y para eso hemos realizado un catastro de los lagos glaciares que son los que eventualmente se descargan y generan zonas de inundaci\u00f3n aguas abajo, por lo tanto estamos monitoreando algunos lagos, estamos trabajando en definir \u00e1reas de inundaci\u00f3n producto de la descarga de estos lagos (Gloff), -recordar que en la provincia Capit\u00e1n Prat tenemos alrededor de 2000 lagos glaciares, siendo esta zona del pa\u00eds la que tiene la mayor cantidad de lagos glaciares en Chile- y por lo tanto, la vulnerabilidad se concentra en esta provincia\u201d.<\/p>\n<\/div><\/section><\/div><div  style='height:50px' class='hr hr-invisible   avia-builder-el-6  el_after_av_one_full  el_before_av_social_share '><span class='hr-inner ' ><span class='hr-inner-style'><\/span><\/span><\/div><\/p>\n<div  class='av-social-sharing-box  avia-builder-el-7  el_after_av_hr  el_before_av_hr  '><div class='av-share-box'><h5 class='av-share-link-description av-no-toc '>Compartir esta noticia<\/h5><ul class='av-share-box-list noLightbox'><li class='av-share-link av-social-link-facebook' ><a target=\"_blank\" aria-label=\"Compartir en Facebook\" href='https:\/\/www.facebook.com\/sharer.php?u=https:\/\/radiorevelacionfm.cl\/?p=29685&#038;t=MOP%20expone%20nuevos%20proyectos%20para%20comunidad%20de%20Caleta%20Tortel' aria-hidden='false' data-av_icon='\ue8f3' data-av_iconfont='entypo-fontello' title='' data-avia-related-tooltip='Compartir en Facebook' rel=\"noopener\"><span class='avia_hidden_link_text'>Compartir en Facebook<\/span><\/a><\/li><li class='av-share-link av-social-link-twitter' ><a target=\"_blank\" aria-label=\"Compartir en Twitter\" href='https:\/\/twitter.com\/share?text=MOP%20expone%20nuevos%20proyectos%20para%20comunidad%20de%20Caleta%20Tortel&#038;url=https:\/\/radiorevelacionfm.cl\/?p=29685' aria-hidden='false' data-av_icon='\ue8f1' data-av_iconfont='entypo-fontello' title='' data-avia-related-tooltip='Compartir en Twitter' rel=\"noopener\"><span class='avia_hidden_link_text'>Compartir en Twitter<\/span><\/a><\/li><li class='av-share-link av-social-link-whatsapp' ><a target=\"_blank\" aria-label=\"Compartir en Whatsapp\" href='https:\/\/api.whatsapp.com\/send?text=https:\/\/radiorevelacionfm.cl\/?p=29685' aria-hidden='false' data-av_icon='\uf232' data-av_iconfont='entypo-fontello' title='' data-avia-related-tooltip='Compartir en Whatsapp' rel=\"noopener\"><span class='avia_hidden_link_text'>Compartir en Whatsapp<\/span><\/a><\/li><li class='av-share-link av-social-link-linkedin' ><a target=\"_blank\" aria-label=\"Compartir en LinkedIn\" href='https:\/\/linkedin.com\/shareArticle?mini=true&#038;title=MOP%20expone%20nuevos%20proyectos%20para%20comunidad%20de%20Caleta%20Tortel&#038;url=https:\/\/radiorevelacionfm.cl\/?p=29685' aria-hidden='false' data-av_icon='\ue8fc' data-av_iconfont='entypo-fontello' title='' data-avia-related-tooltip='Compartir en LinkedIn' rel=\"noopener\"><span class='avia_hidden_link_text'>Compartir en LinkedIn<\/span><\/a><\/li><li class='av-share-link av-social-link-mail' ><a  aria-label=\"Compartir por correo\" href='mailto:?subject=MOP%20expone%20nuevos%20proyectos%20para%20comunidad%20de%20Caleta%20Tortel&#038;body=https:\/\/radiorevelacionfm.cl\/?p=29685' aria-hidden='false' data-av_icon='\ue805' data-av_iconfont='entypo-fontello' title='' data-avia-related-tooltip='Compartir por correo'><span class='avia_hidden_link_text'>Compartir por correo<\/span><\/a><\/li><\/ul><\/div><\/div>\n<div  style='height:50px' class='hr hr-invisible   avia-builder-el-8  el_after_av_social_share  el_before_av_comments_list '><span class='hr-inner ' ><span class='hr-inner-style'><\/span><\/span><\/div>\n<div  class='av-buildercomment  av-blog-meta-html-info-disabled av-blog-meta-tag-disabled  '><\/div>\n","protected":false},"excerpt":{"rendered":"","protected":false},"author":1,"featured_media":29686,"comment_status":"open","ping_status":"open","sticky":false,"template":"","format":"standard","meta":{"footnotes":""},"categories":[38],"tags":[],"class_list":["post-29685","post","type-post","status-publish","format-standard","has-post-thumbnail","hentry","category-regional"],"jetpack_featured_media_url":"https:\/\/radiorevelacionfm.cl\/wp-content\/uploads\/2023\/04\/tres-tortel-def-1_optimized.jpg","_links":{"self":[{"href":"https:\/\/radiorevelacionfm.cl\/index.php?rest_route=\/wp\/v2\/posts\/29685","targetHints":{"allow":["GET"]}}],"collection":[{"href":"https:\/\/radiorevelacionfm.cl\/index.php?rest_route=\/wp\/v2\/posts"}],"about":[{"href":"https:\/\/radiorevelacionfm.cl\/index.php?rest_route=\/wp\/v2\/types\/post"}],"author":[{"embeddable":true,"href":"https:\/\/radiorevelacionfm.cl\/index.php?rest_route=\/wp\/v2\/users\/1"}],"replies":[{"embeddable":true,"href":"https:\/\/radiorevelacionfm.cl\/index.php?rest_route=%2Fwp%2Fv2%2Fcomments&post=29685"}],"version-history":[{"count":1,"href":"https:\/\/radiorevelacionfm.cl\/index.php?rest_route=\/wp\/v2\/posts\/29685\/revisions"}],"predecessor-version":[{"id":29687,"href":"https:\/\/radiorevelacionfm.cl\/index.php?rest_route=\/wp\/v2\/posts\/29685\/revisions\/29687"}],"wp:featuredmedia":[{"embeddable":true,"href":"https:\/\/radiorevelacionfm.cl\/index.php?rest_route=\/wp\/v2\/media\/29686"}],"wp:attachment":[{"href":"https:\/\/radiorevelacionfm.cl\/index.php?rest_route=%2Fwp%2Fv2%2Fmedia&parent=29685"}],"wp:term":[{"taxonomy":"category","embeddable":true,"href":"https:\/\/radiorevelacionfm.cl\/index.php?rest_route=%2Fwp%2Fv2%2Fcategories&post=29685"},{"taxonomy":"post_tag","embeddable":true,"href":"https:\/\/radiorevelacionfm.cl\/index.php?rest_route=%2Fwp%2Fv2%2Ftags&post=29685"}],"curies":[{"name":"wp","href":"https:\/\/api.w.org\/{rel}","templated":true}]}}