{"id":29682,"date":"2023-04-03T18:48:30","date_gmt":"2023-04-03T21:48:30","guid":{"rendered":"https:\/\/radiorevelacionfm.cl\/?p=29682"},"modified":"2023-04-03T18:48:30","modified_gmt":"2023-04-03T21:48:30","slug":"carabineros-detuvo-a-11-personas-tras-servicios-desplegados-en-expo-y-festival-patagonia-2023","status":"publish","type":"post","link":"https:\/\/radiorevelacionfm.cl\/?p=29682","title":{"rendered":"Carabineros detuvo a 11 personas tras servicios desplegados en Expo y Festival Patagonia 2023"},"content":{"rendered":"<div class=\"flex_column av_one_full  flex_column_div av-zero-column-padding first  avia-builder-el-0  el_before_av_one_full  avia-builder-el-first  \" style='border-radius:0px; '><div  class='avia-image-container  av-styling-    avia-builder-el-1  avia-builder-el-no-sibling  avia-align-center '  itemprop=\"image\" itemscope=\"itemscope\" itemtype=\"https:\/\/schema.org\/ImageObject\"  ><div class='avia-image-container-inner'><div class='avia-image-overlay-wrap'><img decoding=\"async\" class='wp-image-29683 avia-img-lazy-loading-not-29683 avia_image' src=\"https:\/\/radiorevelacionfm.cl\/wp-content\/uploads\/2023\/04\/fsytngqx0aaxklf-1-1_optimized-1.jpg\" alt='' title='fsytngqx0aaxklf-(1)-(1)_optimized (1)' height=\"600\" width=\"800\"  itemprop=\"thumbnailUrl\" srcset=\"https:\/\/radiorevelacionfm.cl\/wp-content\/uploads\/2023\/04\/fsytngqx0aaxklf-1-1_optimized-1.jpg 800w, https:\/\/radiorevelacionfm.cl\/wp-content\/uploads\/2023\/04\/fsytngqx0aaxklf-1-1_optimized-1-300x225.jpg 300w, https:\/\/radiorevelacionfm.cl\/wp-content\/uploads\/2023\/04\/fsytngqx0aaxklf-1-1_optimized-1-768x576.jpg 768w, https:\/\/radiorevelacionfm.cl\/wp-content\/uploads\/2023\/04\/fsytngqx0aaxklf-1-1_optimized-1-705x529.jpg 705w, https:\/\/radiorevelacionfm.cl\/wp-content\/uploads\/2023\/04\/fsytngqx0aaxklf-1-1_optimized-1-450x338.jpg 450w, https:\/\/radiorevelacionfm.cl\/wp-content\/uploads\/2023\/04\/fsytngqx0aaxklf-1-1_optimized-1-600x450.jpg 600w\" sizes=\"(max-width: 800px) 100vw, 800px\" \/><\/div><\/div><\/div><\/div><div class=\"flex_column av_one_full  flex_column_div av-zero-column-padding first  avia-builder-el-2  el_after_av_one_full  el_before_av_one_full  column-top-margin\" style='border-radius:0px; '><section class=\"av_textblock_section \"  itemscope=\"itemscope\" itemtype=\"https:\/\/schema.org\/BlogPosting\" itemprop=\"blogPost\" ><div class='avia_textblock  '   itemprop=\"text\" ><p style=\"text-align: center;\"><span style=\"font-size: 18pt;\"><b>Carabineros detuvo a 11 personas tras servicios desplegados en Expo y Festival Patagonia 2023<\/b><\/span><\/p>\n<div id=\"gtx-trans\" style=\"position: absolute; left: -50px; top: 4.31534px;\">\n<div class=\"gtx-trans-icon\"><\/div>\n<\/div>\n<\/div><\/section><\/div><div class=\"flex_column av_one_full  flex_column_div av-zero-column-padding first  avia-builder-el-4  el_after_av_one_full  el_before_av_hr  column-top-margin\" style='border-radius:0px; '><section class=\"av_textblock_section \"  itemscope=\"itemscope\" itemtype=\"https:\/\/schema.org\/BlogPosting\" itemprop=\"blogPost\" ><div class='avia_textblock  '   itemprop=\"text\" ><p class=\"v1MsoNormal\" style=\"text-align: justify;\">Un amplio despliegue de servicios planificados realiz\u00f3 Carabineros de Coyhaique -con apoyo de unidades especializadas- con la finalidad de garantizar la seguridad de los asistentes y expositores a la Expo y Festival de Patagonia 2023, la cual se desarroll\u00f3 entre el 31 de marzo al 2 de abril.<\/p>\n<p class=\"v1MsoNormal\" style=\"text-align: justify;\">Durante estas tres jornadas, el Carabineros desarroll\u00f3 cerca de 500 controles a personas, resultando 11 de estas detenidas por la comisi\u00f3n de diversos delitos, de los cuales uno corresponde a hurto, seis por porte de arma blanca, uno por maltrato de obra a carabineros de servicio, uno por lesiones con arma blanca y dos por infracci\u00f3n a la ley de drogas.<\/p>\n<p class=\"v1MsoNormal\" style=\"text-align: justify;\">Paralelamente se efectuaron 113 controles de identidad, 29 controles vehiculares, siendo cursadas 10 infracciones al tr\u00e1nsito.<\/p>\n<p class=\"v1MsoNormal\" style=\"text-align: justify;\">\u00abSi es un evento que es m\u00e1s bien familiar, por qu\u00e9 tendr\u00eda que ser objeto de desviaciones. Sorprendimos personas con cuchillos artesanales de enormes dimensiones, gente con droga, otros conduciendo en estado de ebriedad en las proximidades y detenidos por hurto. Es un tema que nunca nos debe descuidar, por lo tanto, cualquier servicio planificado y orientado al cumplimiento del deber, nos ayuda -en el caso de generarse la desviaci\u00f3n- a controlarla a tiempo\u00bb, seg\u00fan expuso el Jefe de Zona de Carabineros, General Patricio Javier Santos Poblete.<\/p>\n<p class=\"v1MsoNormal\" style=\"text-align: justify;\">En t\u00e9rminos generales, gracias al comportamiento del gran volumen de personas que asisti\u00f3, la actividad se desarroll\u00f3 en orden y sin mayores problemas, indic\u00f3.<\/p>\n<p class=\"v1MsoNormal\" style=\"text-align: justify;\">\u00abSe cursaron dos infracciones por ley de seguridad privada, se detuvo a personas por consumo de alcohol en el lugar y por generar incidentes. Hubo algunos j\u00f3venes que iniciaron peleas en la segunda jornada de la actividad, pero -en t\u00e9rminos generales- las familias disfrutaron, compartieron y desarrollaron sus actividades en forma positiva\u00bb, expres\u00f3 el Jefe de Zona.<\/p>\n<p class=\"v1MsoNormal\" style=\"text-align: justify;\"><b>Fatal accidente<\/b><\/p>\n<p class=\"v1MsoNormal\" style=\"text-align: justify;\">Otro de los hechos que marc\u00f3 el fin de semana, fue la ocurrencia de una colisi\u00f3n vehicular por alcance, hecho registrado poco antes del mediod\u00eda del domingo a la altura del km 12 de la ruta CH-245, lugar donde perdi\u00f3 la vida un joven de 22 a\u00f1os de edad, hechos cuya causalidad y circunstancias es indagada por la Secci\u00f3n de Investigaci\u00f3n de Accidentes de Tr\u00e1nsito (SIAT) en coordinaci\u00f3n con la Fiscal\u00eda.<\/p>\n<p class=\"v1MsoNormal\" style=\"text-align: justify;\">\u00abLamentablemente a nivel nacional mueren cerca de 1.800 personas anualmente por accidentes en el tr\u00e1nsito. El a\u00f1o pasado tuvimos que lamentar 13 personas fallecidas en accidentes de tr\u00e1nsito. El d\u00eda de ayer -lamentablemente- un veh\u00edculo que en forma imprudente adelantaba a otro, termina impactando por alcance a un veh\u00edculo que le anteced\u00eda, resultando ambos volcados, falleciendo el conductor del veh\u00edculo que genera el accidente\u00bb, expres\u00f3 el General Santos.<\/p>\n<p class=\"v1MsoNormal\" style=\"text-align: justify;\">\u00abPodemos cursar infracciones al tr\u00e1nsito, sin embargo, el 98% de los accidentes tienen como elemento com\u00fan, la responsabilidad del conductor\u00bb, complement\u00f3.<\/p>\n<p class=\"v1MsoNormal\" style=\"text-align: justify;\">El Jefe de Zona de Carabineros recalc\u00f3 que la velocidad es una determinante de especial relevancia en la consecuencia de la accidentabilidad, lo cual requiere de conciencia ciudadana sobre esta materia.<\/p>\n<p class=\"v1MsoNormal\" style=\"text-align: justify;\"><b>\u00abUn deber de todos\u00bb<\/b><\/p>\n<p class=\"v1MsoNormal\" style=\"text-align: justify;\">Carabineros desarrolla en forma peri\u00f3dica m\u00faltiples controles orientados a inhibir este tipo de inconductas que son de control individual.<\/p>\n<p class=\"v1MsoNormal\" style=\"text-align: justify;\">\u00abLas familias tienen que controlar que las personas que conducen no est\u00e9n con ingesta alcoh\u00f3lica, que respeten las indicaciones de tr\u00e1nsito, y eso es un deber de todos y que no podemos omitir (&#8230;) debemos generar esa conciencia que deseamos\u00bb, expres\u00f3.<\/p>\n<p class=\"v1MsoNormal\" style=\"text-align: justify;\">Paralelamente el Jefe Zonal, llam\u00f3 a la comunidad a denunciar este tipo de hechos a trav\u00e9s de la Comisar\u00eda Virtual, en las Unidades Operativas o en los medios de vigilancia o n\u00fameros de emergencia dispuestos para tal efecto.<\/p>\n<p class=\"v1MsoNormal\" style=\"text-align: justify;\">\u00abHoy existen las herramientas legales para perseguir la responsabilidad de las personas, pero principalmente es el llamado a la conciencia para poder moderar esos comportamientos indebidos, antes que se generen los accidentes en el tr\u00e1nsito\u00bb, puntualiz\u00f3.<\/p>\n<p class=\"v1MsoNormal\" style=\"text-align: justify;\"><b>Agresi\u00f3n a Carabineros<\/b><\/p>\n<p class=\"v1MsoNormal\" style=\"text-align: justify;\">En otro hecho, la tarde del viernes, Carabineros de Coyhaique detuvo a un sujeto por maltrato de obra al personal de servicio, luego que, tras un llamado al 133 por la sustracci\u00f3n de un tel\u00e9fono celular, un dispositivo concurri\u00f3 al lugar, siendo el personal agredido por dicha persona con golpes de pu\u00f1o, tras lo cual carabineros debi\u00f3 hacer uso de su armamento de servicio, siendo el detenido traslado al hospital regional para la constataci\u00f3n de lesiones.<\/p>\n<p class=\"v1MsoNormal\" style=\"text-align: justify;\">El sujeto con antecedentes por agresi\u00f3n y amenazas -quien tras el control de detenci\u00f3n fue dejado en libertad- en menos de 48 horas protagoniz\u00f3 una segunda agresi\u00f3n, esta vez con un objeto contundente en contra de otra persona, quien result\u00f3 con lesionado, tras lo cual el sujeto fue nuevamente detenido por este hecho y puesto a disposici\u00f3n de la justicia.<\/p>\n<\/div><\/section><\/div><div  style='height:50px' class='hr hr-invisible   avia-builder-el-6  el_after_av_one_full  el_before_av_social_share '><span class='hr-inner ' ><span class='hr-inner-style'><\/span><\/span><\/div><\/p>\n<div  class='av-social-sharing-box  avia-builder-el-7  el_after_av_hr  el_before_av_hr  '><div class='av-share-box'><h5 class='av-share-link-description av-no-toc '>Compartir esta noticia<\/h5><ul class='av-share-box-list noLightbox'><li class='av-share-link av-social-link-facebook' ><a target=\"_blank\" aria-label=\"Compartir en Facebook\" href='https:\/\/www.facebook.com\/sharer.php?u=https:\/\/radiorevelacionfm.cl\/?p=29682&#038;t=Carabineros%20detuvo%20a%2011%20personas%20tras%20servicios%20desplegados%20en%20Expo%20y%20Festival%20Patagonia%202023' aria-hidden='false' data-av_icon='\ue8f3' data-av_iconfont='entypo-fontello' title='' data-avia-related-tooltip='Compartir en Facebook' rel=\"noopener\"><span class='avia_hidden_link_text'>Compartir en Facebook<\/span><\/a><\/li><li class='av-share-link av-social-link-twitter' ><a target=\"_blank\" aria-label=\"Compartir en Twitter\" href='https:\/\/twitter.com\/share?text=Carabineros%20detuvo%20a%2011%20personas%20tras%20servicios%20desplegados%20en%20Expo%20y%20Festival%20Patagonia%202023&#038;url=https:\/\/radiorevelacionfm.cl\/?p=29682' aria-hidden='false' data-av_icon='\ue8f1' data-av_iconfont='entypo-fontello' title='' data-avia-related-tooltip='Compartir en Twitter' rel=\"noopener\"><span class='avia_hidden_link_text'>Compartir en Twitter<\/span><\/a><\/li><li class='av-share-link av-social-link-whatsapp' ><a target=\"_blank\" aria-label=\"Compartir en Whatsapp\" href='https:\/\/api.whatsapp.com\/send?text=https:\/\/radiorevelacionfm.cl\/?p=29682' aria-hidden='false' data-av_icon='\uf232' data-av_iconfont='entypo-fontello' title='' data-avia-related-tooltip='Compartir en Whatsapp' rel=\"noopener\"><span class='avia_hidden_link_text'>Compartir en Whatsapp<\/span><\/a><\/li><li class='av-share-link av-social-link-linkedin' ><a target=\"_blank\" aria-label=\"Compartir en LinkedIn\" href='https:\/\/linkedin.com\/shareArticle?mini=true&#038;title=Carabineros%20detuvo%20a%2011%20personas%20tras%20servicios%20desplegados%20en%20Expo%20y%20Festival%20Patagonia%202023&#038;url=https:\/\/radiorevelacionfm.cl\/?p=29682' aria-hidden='false' data-av_icon='\ue8fc' data-av_iconfont='entypo-fontello' title='' data-avia-related-tooltip='Compartir en LinkedIn' rel=\"noopener\"><span class='avia_hidden_link_text'>Compartir en LinkedIn<\/span><\/a><\/li><li class='av-share-link av-social-link-mail' ><a  aria-label=\"Compartir por correo\" href='mailto:?subject=Carabineros%20detuvo%20a%2011%20personas%20tras%20servicios%20desplegados%20en%20Expo%20y%20Festival%20Patagonia%202023&#038;body=https:\/\/radiorevelacionfm.cl\/?p=29682' aria-hidden='false' data-av_icon='\ue805' data-av_iconfont='entypo-fontello' title='' data-avia-related-tooltip='Compartir por correo'><span class='avia_hidden_link_text'>Compartir por correo<\/span><\/a><\/li><\/ul><\/div><\/div>\n<div  style='height:50px' class='hr hr-invisible   avia-builder-el-8  el_after_av_social_share  el_before_av_comments_list '><span class='hr-inner ' ><span class='hr-inner-style'><\/span><\/span><\/div>\n<div  class='av-buildercomment  av-blog-meta-html-info-disabled av-blog-meta-tag-disabled  '><\/div>\n","protected":false},"excerpt":{"rendered":"","protected":false},"author":1,"featured_media":29683,"comment_status":"open","ping_status":"open","sticky":false,"template":"","format":"standard","meta":{"footnotes":""},"categories":[36],"tags":[],"class_list":["post-29682","post","type-post","status-publish","format-standard","has-post-thumbnail","hentry","category-policial"],"jetpack_featured_media_url":"https:\/\/radiorevelacionfm.cl\/wp-content\/uploads\/2023\/04\/fsytngqx0aaxklf-1-1_optimized-1.jpg","_links":{"self":[{"href":"https:\/\/radiorevelacionfm.cl\/index.php?rest_route=\/wp\/v2\/posts\/29682","targetHints":{"allow":["GET"]}}],"collection":[{"href":"https:\/\/radiorevelacionfm.cl\/index.php?rest_route=\/wp\/v2\/posts"}],"about":[{"href":"https:\/\/radiorevelacionfm.cl\/index.php?rest_route=\/wp\/v2\/types\/post"}],"author":[{"embeddable":true,"href":"https:\/\/radiorevelacionfm.cl\/index.php?rest_route=\/wp\/v2\/users\/1"}],"replies":[{"embeddable":true,"href":"https:\/\/radiorevelacionfm.cl\/index.php?rest_route=%2Fwp%2Fv2%2Fcomments&post=29682"}],"version-history":[{"count":1,"href":"https:\/\/radiorevelacionfm.cl\/index.php?rest_route=\/wp\/v2\/posts\/29682\/revisions"}],"predecessor-version":[{"id":29684,"href":"https:\/\/radiorevelacionfm.cl\/index.php?rest_route=\/wp\/v2\/posts\/29682\/revisions\/29684"}],"wp:featuredmedia":[{"embeddable":true,"href":"https:\/\/radiorevelacionfm.cl\/index.php?rest_route=\/wp\/v2\/media\/29683"}],"wp:attachment":[{"href":"https:\/\/radiorevelacionfm.cl\/index.php?rest_route=%2Fwp%2Fv2%2Fmedia&parent=29682"}],"wp:term":[{"taxonomy":"category","embeddable":true,"href":"https:\/\/radiorevelacionfm.cl\/index.php?rest_route=%2Fwp%2Fv2%2Fcategories&post=29682"},{"taxonomy":"post_tag","embeddable":true,"href":"https:\/\/radiorevelacionfm.cl\/index.php?rest_route=%2Fwp%2Fv2%2Ftags&post=29682"}],"curies":[{"name":"wp","href":"https:\/\/api.w.org\/{rel}","templated":true}]}}