{"id":29679,"date":"2023-04-03T22:27:14","date_gmt":"2023-04-04T01:27:14","guid":{"rendered":"https:\/\/radiorevelacionfm.cl\/?p=29679"},"modified":"2023-04-03T22:27:14","modified_gmt":"2023-04-04T01:27:14","slug":"aprueban-fondos-para-construccion-de-casa-de-acogida-para-pacientes-trasladados-en-puerto-aysen","status":"publish","type":"post","link":"https:\/\/radiorevelacionfm.cl\/?p=29679","title":{"rendered":"Aprueban fondos para construcci\u00f3n de Casa de Acogida para pacientes trasladados en Puerto Ays\u00e9n"},"content":{"rendered":"<div class=\"flex_column av_one_full  flex_column_div av-zero-column-padding first  avia-builder-el-0  el_before_av_one_full  avia-builder-el-first  \" style='border-radius:0px; '><div  class='avia-image-container  av-styling-    avia-builder-el-1  avia-builder-el-no-sibling  avia-align-center '  itemprop=\"image\" itemscope=\"itemscope\" itemtype=\"https:\/\/schema.org\/ImageObject\"  ><div class='avia-image-container-inner'><div class='avia-image-overlay-wrap'><img decoding=\"async\" class='wp-image-29680 avia-img-lazy-loading-not-29680 avia_image' src=\"https:\/\/radiorevelacionfm.cl\/wp-content\/uploads\/2023\/04\/5-9_photo-18-1-1-1_optimized.jpg\" alt='' title='5-9_photo---18-(1)-(1)-(1)_optimized' height=\"600\" width=\"1067\"  itemprop=\"thumbnailUrl\" srcset=\"https:\/\/radiorevelacionfm.cl\/wp-content\/uploads\/2023\/04\/5-9_photo-18-1-1-1_optimized.jpg 1067w, https:\/\/radiorevelacionfm.cl\/wp-content\/uploads\/2023\/04\/5-9_photo-18-1-1-1_optimized-300x169.jpg 300w, https:\/\/radiorevelacionfm.cl\/wp-content\/uploads\/2023\/04\/5-9_photo-18-1-1-1_optimized-1030x579.jpg 1030w, https:\/\/radiorevelacionfm.cl\/wp-content\/uploads\/2023\/04\/5-9_photo-18-1-1-1_optimized-768x432.jpg 768w, https:\/\/radiorevelacionfm.cl\/wp-content\/uploads\/2023\/04\/5-9_photo-18-1-1-1_optimized-705x396.jpg 705w, https:\/\/radiorevelacionfm.cl\/wp-content\/uploads\/2023\/04\/5-9_photo-18-1-1-1_optimized-450x253.jpg 450w, https:\/\/radiorevelacionfm.cl\/wp-content\/uploads\/2023\/04\/5-9_photo-18-1-1-1_optimized-600x337.jpg 600w\" sizes=\"(max-width: 1067px) 100vw, 1067px\" \/><\/div><\/div><\/div><\/div><div class=\"flex_column av_one_full  flex_column_div av-zero-column-padding first  avia-builder-el-2  el_after_av_one_full  el_before_av_one_full  column-top-margin\" style='border-radius:0px; '><section class=\"av_textblock_section \"  itemscope=\"itemscope\" itemtype=\"https:\/\/schema.org\/BlogPosting\" itemprop=\"blogPost\" ><div class='avia_textblock  '   itemprop=\"text\" ><p style=\"text-align: center;\"><span style=\"font-size: 18pt;\"><strong>Aprueban fondos para construcci\u00f3n de Casa de Acogida para pacientes trasladados en Puerto Ays\u00e9n<\/strong><\/span><\/p>\n<div id=\"gtx-trans\" style=\"position: absolute; left: -50px; top: 4.31534px;\">\n<div class=\"gtx-trans-icon\"><\/div>\n<\/div>\n<\/div><\/section><\/div><div class=\"flex_column av_one_full  flex_column_div av-zero-column-padding first  avia-builder-el-4  el_after_av_one_full  el_before_av_hr  column-top-margin\" style='border-radius:0px; '><section class=\"av_textblock_section \"  itemscope=\"itemscope\" itemtype=\"https:\/\/schema.org\/BlogPosting\" itemprop=\"blogPost\" ><div class='avia_textblock  '   itemprop=\"text\" ><p style=\"text-align: justify;\">Estos d\u00edas, se recibi\u00f3 la aprobaci\u00f3n de los fondos por parte del Gobierno Regional para la construcci\u00f3n del proyecto de Casa de Acogida para pacientes trasladados, formulado por la Municipalidad de Ays\u00e9n, y que beneficiar\u00e1 a quienes deben trasladarse desde diferentes puntos de la comuna y la provincia hasta Puerto Ays\u00e9n para recibir tratamientos m\u00e9dicos.<\/p>\n<p style=\"text-align: justify;\">\u201cEste es un proyecto muy anhelado por la comunidad, ya que hay muchas personas que deben venir por tratamientos m\u00e9dicos al Hospital de Ays\u00e9n, y no cuentan con recursos como para hospedarse o alimentarse\u201d, indic\u00f3 el alcalde de Ays\u00e9n, Julio Uribe Alvarado, quien agreg\u00f3 que \u201cmuchas de estas personas no pueden movilizarse solas y deben venir acompa\u00f1adas, lo que significa un doble gasto. Nosotros, a trav\u00e9s de esta casa damos soluci\u00f3n a este problema\u201d, agreg\u00f3.<\/p>\n<p style=\"text-align: justify;\">El dise\u00f1o de la vivienda incluye espacios comunes, habitaciones, cocina y comedor para la estad\u00eda de quienes la necesitan. De acuerdo a lo indicado por Roc\u00edo B\u00f3rquez, encargada de la Secretar\u00eda de Planificaci\u00f3n del municipio \u201cel proyecto tiene un costo total de 182 millones de pesos, y est\u00e1 presupuestado ejecutarlo en ocho meses\u201d, agregando que su ejecuci\u00f3n deber\u00eda comenzar durante este 2023.<\/p>\n<p style=\"text-align: justify;\">Respecto de la vivienda, Constanza Cabezas, arquitecta de Secplan, la vivienda cuenta con una superficie de 124 metros cuadrados, lo que incluye cuatro habitaciones con accesibilidad para personas con movilidad reducida, y dos ba\u00f1os. Se encontrar\u00e1 ubicada en la Ribera Sur, a una cuadra del Hospital de Puerto Ays\u00e9n, para permitir la llegada expedita de quienes se hospeden en el recinto. Adem\u00e1s, la vivienda incluir\u00e1 estacionamientos adaptados para personas en situaci\u00f3n de discapacidad y un \u00e1rea apta para la llegada de ambulancias en caso de ser necesario.<\/p>\n<p style=\"text-align: justify;\">De esta forma, gracias al trabajo del personal de la Municipalidad de Ays\u00e9n, y el financiamiento del Gobierno Regional, se podr\u00e1 dar soluci\u00f3n a muchas familias que deben incurrir en cuantiosos gastos para poder efectuar sus tratamientos de salud en Puerto Ays\u00e9n.<\/p>\n<\/div><\/section><\/div><div  style='height:50px' class='hr hr-invisible   avia-builder-el-6  el_after_av_one_full  el_before_av_social_share '><span class='hr-inner ' ><span class='hr-inner-style'><\/span><\/span><\/div><\/p>\n<div  class='av-social-sharing-box  avia-builder-el-7  el_after_av_hr  el_before_av_hr  '><div class='av-share-box'><h5 class='av-share-link-description av-no-toc '>Compartir esta noticia<\/h5><ul class='av-share-box-list noLightbox'><li class='av-share-link av-social-link-facebook' ><a target=\"_blank\" aria-label=\"Compartir en Facebook\" href='https:\/\/www.facebook.com\/sharer.php?u=https:\/\/radiorevelacionfm.cl\/?p=29679&#038;t=Aprueban%20fondos%20para%20construcci%C3%B3n%20de%20Casa%20de%20Acogida%20para%20pacientes%20trasladados%20en%20Puerto%20Ays%C3%A9n' aria-hidden='false' data-av_icon='\ue8f3' data-av_iconfont='entypo-fontello' title='' data-avia-related-tooltip='Compartir en Facebook' rel=\"noopener\"><span class='avia_hidden_link_text'>Compartir en Facebook<\/span><\/a><\/li><li class='av-share-link av-social-link-twitter' ><a target=\"_blank\" aria-label=\"Compartir en Twitter\" href='https:\/\/twitter.com\/share?text=Aprueban%20fondos%20para%20construcci%C3%B3n%20de%20Casa%20de%20Acogida%20para%20pacientes%20trasladados%20en%20Puerto%20Ays%C3%A9n&#038;url=https:\/\/radiorevelacionfm.cl\/?p=29679' aria-hidden='false' data-av_icon='\ue8f1' data-av_iconfont='entypo-fontello' title='' data-avia-related-tooltip='Compartir en Twitter' rel=\"noopener\"><span class='avia_hidden_link_text'>Compartir en Twitter<\/span><\/a><\/li><li class='av-share-link av-social-link-whatsapp' ><a target=\"_blank\" aria-label=\"Compartir en Whatsapp\" href='https:\/\/api.whatsapp.com\/send?text=https:\/\/radiorevelacionfm.cl\/?p=29679' aria-hidden='false' data-av_icon='\uf232' data-av_iconfont='entypo-fontello' title='' data-avia-related-tooltip='Compartir en Whatsapp' rel=\"noopener\"><span class='avia_hidden_link_text'>Compartir en Whatsapp<\/span><\/a><\/li><li class='av-share-link av-social-link-linkedin' ><a target=\"_blank\" aria-label=\"Compartir en LinkedIn\" href='https:\/\/linkedin.com\/shareArticle?mini=true&#038;title=Aprueban%20fondos%20para%20construcci%C3%B3n%20de%20Casa%20de%20Acogida%20para%20pacientes%20trasladados%20en%20Puerto%20Ays%C3%A9n&#038;url=https:\/\/radiorevelacionfm.cl\/?p=29679' aria-hidden='false' data-av_icon='\ue8fc' data-av_iconfont='entypo-fontello' title='' data-avia-related-tooltip='Compartir en LinkedIn' rel=\"noopener\"><span class='avia_hidden_link_text'>Compartir en LinkedIn<\/span><\/a><\/li><li class='av-share-link av-social-link-mail' ><a  aria-label=\"Compartir por correo\" href='mailto:?subject=Aprueban%20fondos%20para%20construcci%C3%B3n%20de%20Casa%20de%20Acogida%20para%20pacientes%20trasladados%20en%20Puerto%20Ays%C3%A9n&#038;body=https:\/\/radiorevelacionfm.cl\/?p=29679' aria-hidden='false' data-av_icon='\ue805' data-av_iconfont='entypo-fontello' title='' data-avia-related-tooltip='Compartir por correo'><span class='avia_hidden_link_text'>Compartir por correo<\/span><\/a><\/li><\/ul><\/div><\/div>\n<div  style='height:50px' class='hr hr-invisible   avia-builder-el-8  el_after_av_social_share  el_before_av_comments_list '><span class='hr-inner ' ><span class='hr-inner-style'><\/span><\/span><\/div>\n<div  class='av-buildercomment  av-blog-meta-html-info-disabled av-blog-meta-tag-disabled  '><\/div>\n","protected":false},"excerpt":{"rendered":"","protected":false},"author":1,"featured_media":29680,"comment_status":"open","ping_status":"open","sticky":false,"template":"","format":"standard","meta":{"footnotes":""},"categories":[38],"tags":[],"class_list":["post-29679","post","type-post","status-publish","format-standard","has-post-thumbnail","hentry","category-regional"],"jetpack_featured_media_url":"https:\/\/radiorevelacionfm.cl\/wp-content\/uploads\/2023\/04\/5-9_photo-18-1-1-1_optimized.jpg","_links":{"self":[{"href":"https:\/\/radiorevelacionfm.cl\/index.php?rest_route=\/wp\/v2\/posts\/29679","targetHints":{"allow":["GET"]}}],"collection":[{"href":"https:\/\/radiorevelacionfm.cl\/index.php?rest_route=\/wp\/v2\/posts"}],"about":[{"href":"https:\/\/radiorevelacionfm.cl\/index.php?rest_route=\/wp\/v2\/types\/post"}],"author":[{"embeddable":true,"href":"https:\/\/radiorevelacionfm.cl\/index.php?rest_route=\/wp\/v2\/users\/1"}],"replies":[{"embeddable":true,"href":"https:\/\/radiorevelacionfm.cl\/index.php?rest_route=%2Fwp%2Fv2%2Fcomments&post=29679"}],"version-history":[{"count":1,"href":"https:\/\/radiorevelacionfm.cl\/index.php?rest_route=\/wp\/v2\/posts\/29679\/revisions"}],"predecessor-version":[{"id":29681,"href":"https:\/\/radiorevelacionfm.cl\/index.php?rest_route=\/wp\/v2\/posts\/29679\/revisions\/29681"}],"wp:featuredmedia":[{"embeddable":true,"href":"https:\/\/radiorevelacionfm.cl\/index.php?rest_route=\/wp\/v2\/media\/29680"}],"wp:attachment":[{"href":"https:\/\/radiorevelacionfm.cl\/index.php?rest_route=%2Fwp%2Fv2%2Fmedia&parent=29679"}],"wp:term":[{"taxonomy":"category","embeddable":true,"href":"https:\/\/radiorevelacionfm.cl\/index.php?rest_route=%2Fwp%2Fv2%2Fcategories&post=29679"},{"taxonomy":"post_tag","embeddable":true,"href":"https:\/\/radiorevelacionfm.cl\/index.php?rest_route=%2Fwp%2Fv2%2Ftags&post=29679"}],"curies":[{"name":"wp","href":"https:\/\/api.w.org\/{rel}","templated":true}]}}