{"id":29676,"date":"2023-04-03T20:49:08","date_gmt":"2023-04-03T23:49:08","guid":{"rendered":"https:\/\/radiorevelacionfm.cl\/?p=29676"},"modified":"2023-04-03T20:49:08","modified_gmt":"2023-04-03T23:49:08","slug":"autoridades-regionales-empresarios-y-trabajadores-visitaron-plantas-de-produccion-de-vivienda-industrializada-en-temuco-y-concepcion","status":"publish","type":"post","link":"https:\/\/radiorevelacionfm.cl\/?p=29676","title":{"rendered":"Autoridades regionales, empresarios y trabajadores visitaron Plantas de producci\u00f3n de Vivienda Industrializada en Temuco y Concepci\u00f3n"},"content":{"rendered":"<div class=\"flex_column av_one_full  flex_column_div av-zero-column-padding first  avia-builder-el-0  el_before_av_one_full  avia-builder-el-first  \" style='border-radius:0px; '><div  class='avia-image-container  av-styling-    avia-builder-el-1  avia-builder-el-no-sibling  avia-align-center '  itemprop=\"image\" itemscope=\"itemscope\" itemtype=\"https:\/\/schema.org\/ImageObject\"  ><div class='avia-image-container-inner'><div class='avia-image-overlay-wrap'><img decoding=\"async\" class='wp-image-29677 avia-img-lazy-loading-not-29677 avia_image' src=\"https:\/\/radiorevelacionfm.cl\/wp-content\/uploads\/2023\/04\/visita-conjunto-de-viviendsas-industrializadas-Concepcion-1-1.jpeg\" alt='' title='visita conjunto de viviendsas industrializadas Concepci\u00f3n (1) (1)' height=\"600\" width=\"800\"  itemprop=\"thumbnailUrl\" srcset=\"https:\/\/radiorevelacionfm.cl\/wp-content\/uploads\/2023\/04\/visita-conjunto-de-viviendsas-industrializadas-Concepcion-1-1.jpeg 800w, https:\/\/radiorevelacionfm.cl\/wp-content\/uploads\/2023\/04\/visita-conjunto-de-viviendsas-industrializadas-Concepcion-1-1-300x225.jpeg 300w, https:\/\/radiorevelacionfm.cl\/wp-content\/uploads\/2023\/04\/visita-conjunto-de-viviendsas-industrializadas-Concepcion-1-1-768x576.jpeg 768w, https:\/\/radiorevelacionfm.cl\/wp-content\/uploads\/2023\/04\/visita-conjunto-de-viviendsas-industrializadas-Concepcion-1-1-705x529.jpeg 705w, https:\/\/radiorevelacionfm.cl\/wp-content\/uploads\/2023\/04\/visita-conjunto-de-viviendsas-industrializadas-Concepcion-1-1-450x338.jpeg 450w, https:\/\/radiorevelacionfm.cl\/wp-content\/uploads\/2023\/04\/visita-conjunto-de-viviendsas-industrializadas-Concepcion-1-1-600x450.jpeg 600w\" sizes=\"(max-width: 800px) 100vw, 800px\" \/><\/div><\/div><\/div><\/div><div class=\"flex_column av_one_full  flex_column_div av-zero-column-padding first  avia-builder-el-2  el_after_av_one_full  el_before_av_one_full  column-top-margin\" style='border-radius:0px; '><section class=\"av_textblock_section \"  itemscope=\"itemscope\" itemtype=\"https:\/\/schema.org\/BlogPosting\" itemprop=\"blogPost\" ><div class='avia_textblock  '   itemprop=\"text\" ><p style=\"text-align: center;\"><strong><span style=\"font-size: 18pt;\">Autoridades regionales, empresarios y trabajadores visitaron Plantas de producci\u00f3n de Vivienda Industrializada en Temuco y Concepci\u00f3n<\/span><\/strong><\/p>\n<div id=\"gtx-trans\" style=\"position: absolute; left: -50px; top: 4.31534px;\">\n<div class=\"gtx-trans-icon\"><\/div>\n<\/div>\n<\/div><\/section><\/div><div class=\"flex_column av_one_full  flex_column_div av-zero-column-padding first  avia-builder-el-4  el_after_av_one_full  el_before_av_hr  column-top-margin\" style='border-radius:0px; '><section class=\"av_textblock_section \"  itemscope=\"itemscope\" itemtype=\"https:\/\/schema.org\/BlogPosting\" itemprop=\"blogPost\" ><div class='avia_textblock  '   itemprop=\"text\" ><p style=\"text-align: justify;\">Una visita a plantas de producci\u00f3n de viviendas industrializadas en Concepci\u00f3n y Temuco realizaron recientemente la Secretaria Ministerial de Vivienda y Urbanismo, Paulina Ruz y el Director Regional (S) del Serviu, Eduardo Navarro, acompa\u00f1ados por el Alcalde de Guaitecas, Maco Silva, adem\u00e1s de ejecutivos y trabajadores de le empresa Friosur de Puerto Chacabuco.<\/p>\n<p style=\"text-align: justify;\">El objetivo del viaje fue conocer los detalles de elaboraci\u00f3n, tiempos y materialidad de este moderno sistema de construcci\u00f3n de casas, el cual se traduce en menores costos de producci\u00f3n y sobre todo una considerable reducci\u00f3n en los tiempos de espera, por lo que la idea es replicar dicha tecnolog\u00eda en futuros proyectos habitacionales de nuestra regi\u00f3n, partiendo con un proyecto piloto en la localidad de Melinka.<\/p>\n<p style=\"text-align: justify;\">Seg\u00fan detall\u00f3 la Seremi de Vivienda, Paulina Ruz, estas visitas a la planta \u201cSanta Magdalena\u201d de Temuco y a la planta \u201cPatagual\u201d de Concepci\u00f3n, se enmarcan en el Plan de Emergencia Habitacional del Gobierno, donde no solo se fija una meta regional de entregar m\u00e1s de mil 293 viviendas en el periodo, sino tambi\u00e9n c\u00f3mo encontrar nuevas opciones para diversificar y facilitar el acceso a la vivienda. \u201cCon ello pretendemos tener m\u00e1s alternativas para poder llegar a las distintas familias de la regi\u00f3n de Ays\u00e9n, sobre todo pensando en aquellos lugares m\u00e1s apartados, como Melinka, donde hace m\u00e1s de 30 a\u00f1os que no se llega con conjuntos habitacionales, pero tambi\u00e9n para poder congeniarlo con ciertos llamados que tambi\u00e9n incluye el Plan de Emergencia Habitacional, como es el de trabajadoras y trabajadores, que es donde actuamos en conjunto con\u00a0 sindicatos de empresas y asociaciones de funcionarios\u201d, puntualiz\u00f3.<\/p>\n<p style=\"text-align: justify;\">La experiencia de este recorrido fue valorada por el Presidente del Sindicato de la empresa Friosur de Puerto Chacabuco, Rub\u00e9n Leal, quien record\u00f3 que desde hace alg\u00fan tiempo est\u00e1n en la b\u00fasqueda de soluciones para atender la demanda habitacional de los asociados. \u201cPara nosotros era una alternativa que ten\u00edamos que buscar de alguna manera, porque nos apremia la necesidad de vivienda para los trabajadores. Y si esta fuera una opci\u00f3n r\u00e1pida, m\u00e1s all\u00e1 de los pasos que vamos a tener que dar para que esto sea una realidad, yo creo que es una buena visita. La idea de las casas industrializadas a lo mejor va a ser el futuro y veremos c\u00f3mo en Ays\u00e9n podamos abordar hoy la necesidad de vivienda, como uno de los puntos que m\u00e1s sienten las familias\u201d, afirm\u00f3.<\/p>\n<p style=\"text-align: justify;\">Por su parte el Gerente de Asuntos Corporativos y Sustentabilidad de Pesquera Friosur, Enrique Gar\u00edn, record\u00f3 que se trata de una inquietud que parti\u00f3 directamente de los trabajadores, quienes ven la necesidad y preocupaci\u00f3n de cumplir el sue\u00f1o de la casa propia. \u201cHubo harta expectaci\u00f3n, la gente se empez\u00f3 a inscribir y tomamos contacto con el Serviu. All\u00ed nos fueron guiando y esto comenz\u00f3 a tomar vuelo hasta que el a\u00f1o pasado apareci\u00f3 el programa de vivienda para los trabajadores y hoy nos encontramos agradeciendo a la Seremi, al Minvu, al Serviu por habernos invitado a esta gira que va a servir mucho especialmente a los trabajadores en la b\u00fasqueda de este sue\u00f1o. Por otro lado, el poder acompa\u00f1ar a los trabajadores y lo que significa la mirada al mar, hacia los fiordos de Ays\u00e9n y hacia el sector productivo\u201d, se\u00f1al\u00f3.<\/p>\n<p style=\"text-align: justify;\">Tras la \u00faltima visita a las plantas de vivienda industrializada, el Gerente de Operaciones del grupo Patagual de Concepci\u00f3n, Jorge Caro, destac\u00f3 la visita y explic\u00f3 algunas ventajas de utilizar esta tecnolog\u00eda en la construcci\u00f3n de viviendas. \u201cEsta visita nos parece genial, felices de recibirlos, al alcalde, a la gente de la empresa Friosur y a todo el equipo Serviu y Seremi, para que vean lo que hacemos, para que se conozca, porque no siempre se entiende el sistema modular, como se termina, como se arma, en fin, ahora pudieron ver en la f\u00e1brica el proceso completo, con casas ya terminadas e instaladas y creo que pudieron ver la calidad, los espacios y lo bien que queda.\u00a0 Lo que nosotros buscamos es poder ayudar a todo este d\u00e9ficit habitacional dando soluciones de calidad, r\u00e1pida, consistente y tambi\u00e9n con un producto que est\u00e1 fabricado de una manera sustentable, con cuidado al medio ambiente\u201d, puntualiz\u00f3.<\/p>\n<p style=\"text-align: justify;\">Las autoridades regionales del Ministerio de Vivienda coincidieron en que se trata de una buena alternativa de construcci\u00f3n, por lo que ahora, con esta informaci\u00f3n, hay que analizar y estudiar junto a los actores involucrados, tanto del sector p\u00fablico como privado, las ventajas y dificultades que se deben tener en cuenta para concretar en el futuro la aplicaci\u00f3n de la tecnolog\u00eda de las viviendas industrializadas en proyectos de diversas comunas de nuestra regi\u00f3n de Ays\u00e9n.<\/p>\n<\/div><\/section><\/div><div  style='height:50px' class='hr hr-invisible   avia-builder-el-6  el_after_av_one_full  el_before_av_social_share '><span class='hr-inner ' ><span class='hr-inner-style'><\/span><\/span><\/div><\/p>\n<div  class='av-social-sharing-box  avia-builder-el-7  el_after_av_hr  el_before_av_hr  '><div class='av-share-box'><h5 class='av-share-link-description av-no-toc '>Compartir esta noticia<\/h5><ul class='av-share-box-list noLightbox'><li class='av-share-link av-social-link-facebook' ><a target=\"_blank\" aria-label=\"Compartir en Facebook\" href='https:\/\/www.facebook.com\/sharer.php?u=https:\/\/radiorevelacionfm.cl\/?p=29676&#038;t=Autoridades%20regionales%2C%20empresarios%20y%20trabajadores%20visitaron%20Plantas%20de%20producci%C3%B3n%20de%20Vivienda%20Industrializada%20en%20Temuco%20y%20Concepci%C3%B3n' aria-hidden='false' data-av_icon='\ue8f3' data-av_iconfont='entypo-fontello' title='' data-avia-related-tooltip='Compartir en Facebook' rel=\"noopener\"><span class='avia_hidden_link_text'>Compartir en Facebook<\/span><\/a><\/li><li class='av-share-link av-social-link-twitter' ><a target=\"_blank\" aria-label=\"Compartir en Twitter\" href='https:\/\/twitter.com\/share?text=Autoridades%20regionales%2C%20empresarios%20y%20trabajadores%20visitaron%20Plantas%20de%20producci%C3%B3n%20de%20Vivienda%20Industrializada%20en%20Temuco%20y%20Concepci%C3%B3n&#038;url=https:\/\/radiorevelacionfm.cl\/?p=29676' aria-hidden='false' data-av_icon='\ue8f1' data-av_iconfont='entypo-fontello' title='' data-avia-related-tooltip='Compartir en Twitter' rel=\"noopener\"><span class='avia_hidden_link_text'>Compartir en Twitter<\/span><\/a><\/li><li class='av-share-link av-social-link-whatsapp' ><a target=\"_blank\" aria-label=\"Compartir en Whatsapp\" href='https:\/\/api.whatsapp.com\/send?text=https:\/\/radiorevelacionfm.cl\/?p=29676' aria-hidden='false' data-av_icon='\uf232' data-av_iconfont='entypo-fontello' title='' data-avia-related-tooltip='Compartir en Whatsapp' rel=\"noopener\"><span class='avia_hidden_link_text'>Compartir en Whatsapp<\/span><\/a><\/li><li class='av-share-link av-social-link-linkedin' ><a target=\"_blank\" aria-label=\"Compartir en LinkedIn\" href='https:\/\/linkedin.com\/shareArticle?mini=true&#038;title=Autoridades%20regionales%2C%20empresarios%20y%20trabajadores%20visitaron%20Plantas%20de%20producci%C3%B3n%20de%20Vivienda%20Industrializada%20en%20Temuco%20y%20Concepci%C3%B3n&#038;url=https:\/\/radiorevelacionfm.cl\/?p=29676' aria-hidden='false' data-av_icon='\ue8fc' data-av_iconfont='entypo-fontello' title='' data-avia-related-tooltip='Compartir en LinkedIn' rel=\"noopener\"><span class='avia_hidden_link_text'>Compartir en LinkedIn<\/span><\/a><\/li><li class='av-share-link av-social-link-mail' ><a  aria-label=\"Compartir por correo\" href='mailto:?subject=Autoridades%20regionales%2C%20empresarios%20y%20trabajadores%20visitaron%20Plantas%20de%20producci%C3%B3n%20de%20Vivienda%20Industrializada%20en%20Temuco%20y%20Concepci%C3%B3n&#038;body=https:\/\/radiorevelacionfm.cl\/?p=29676' aria-hidden='false' data-av_icon='\ue805' data-av_iconfont='entypo-fontello' title='' data-avia-related-tooltip='Compartir por correo'><span class='avia_hidden_link_text'>Compartir por correo<\/span><\/a><\/li><\/ul><\/div><\/div>\n<div  style='height:50px' class='hr hr-invisible   avia-builder-el-8  el_after_av_social_share  el_before_av_comments_list '><span class='hr-inner ' ><span class='hr-inner-style'><\/span><\/span><\/div>\n<div  class='av-buildercomment  av-blog-meta-html-info-disabled av-blog-meta-tag-disabled  '><\/div>\n","protected":false},"excerpt":{"rendered":"","protected":false},"author":1,"featured_media":29677,"comment_status":"open","ping_status":"open","sticky":false,"template":"","format":"standard","meta":{"footnotes":""},"categories":[57],"tags":[],"class_list":["post-29676","post","type-post","status-publish","format-standard","has-post-thumbnail","hentry","category-vivienda"],"jetpack_featured_media_url":"https:\/\/radiorevelacionfm.cl\/wp-content\/uploads\/2023\/04\/visita-conjunto-de-viviendsas-industrializadas-Concepcion-1-1.jpeg","_links":{"self":[{"href":"https:\/\/radiorevelacionfm.cl\/index.php?rest_route=\/wp\/v2\/posts\/29676","targetHints":{"allow":["GET"]}}],"collection":[{"href":"https:\/\/radiorevelacionfm.cl\/index.php?rest_route=\/wp\/v2\/posts"}],"about":[{"href":"https:\/\/radiorevelacionfm.cl\/index.php?rest_route=\/wp\/v2\/types\/post"}],"author":[{"embeddable":true,"href":"https:\/\/radiorevelacionfm.cl\/index.php?rest_route=\/wp\/v2\/users\/1"}],"replies":[{"embeddable":true,"href":"https:\/\/radiorevelacionfm.cl\/index.php?rest_route=%2Fwp%2Fv2%2Fcomments&post=29676"}],"version-history":[{"count":1,"href":"https:\/\/radiorevelacionfm.cl\/index.php?rest_route=\/wp\/v2\/posts\/29676\/revisions"}],"predecessor-version":[{"id":29678,"href":"https:\/\/radiorevelacionfm.cl\/index.php?rest_route=\/wp\/v2\/posts\/29676\/revisions\/29678"}],"wp:featuredmedia":[{"embeddable":true,"href":"https:\/\/radiorevelacionfm.cl\/index.php?rest_route=\/wp\/v2\/media\/29677"}],"wp:attachment":[{"href":"https:\/\/radiorevelacionfm.cl\/index.php?rest_route=%2Fwp%2Fv2%2Fmedia&parent=29676"}],"wp:term":[{"taxonomy":"category","embeddable":true,"href":"https:\/\/radiorevelacionfm.cl\/index.php?rest_route=%2Fwp%2Fv2%2Fcategories&post=29676"},{"taxonomy":"post_tag","embeddable":true,"href":"https:\/\/radiorevelacionfm.cl\/index.php?rest_route=%2Fwp%2Fv2%2Ftags&post=29676"}],"curies":[{"name":"wp","href":"https:\/\/api.w.org\/{rel}","templated":true}]}}