{"id":29670,"date":"2023-04-03T16:46:32","date_gmt":"2023-04-03T19:46:32","guid":{"rendered":"https:\/\/radiorevelacionfm.cl\/?p=29670"},"modified":"2023-04-03T16:46:32","modified_gmt":"2023-04-03T19:46:32","slug":"invitan-a-visitar-exposicion-miradas-de-pandemia-historias-de-migrantes-en-patagonia","status":"publish","type":"post","link":"https:\/\/radiorevelacionfm.cl\/?p=29670","title":{"rendered":"Invitan a visitar exposici\u00f3n \u00abMiradas de pandemia, historias de migrantes en Patagonia\u00bb"},"content":{"rendered":"<div class=\"flex_column av_one_full  flex_column_div av-zero-column-padding first  avia-builder-el-0  el_before_av_one_full  avia-builder-el-first  \" style='border-radius:0px; '><div  class='avia-image-container  av-styling-    avia-builder-el-1  avia-builder-el-no-sibling  avia-align-center '  itemprop=\"image\" itemscope=\"itemscope\" itemtype=\"https:\/\/schema.org\/ImageObject\"  ><div class='avia-image-container-inner'><div class='avia-image-overlay-wrap'><img decoding=\"async\" class='wp-image-29671 avia-img-lazy-loading-not-29671 avia_image' src=\"https:\/\/radiorevelacionfm.cl\/wp-content\/uploads\/2023\/04\/Foto-02-2-1-1.jpg\" alt='' title='Foto 02 (2) (1) (1)' height=\"600\" width=\"815\"  itemprop=\"thumbnailUrl\" srcset=\"https:\/\/radiorevelacionfm.cl\/wp-content\/uploads\/2023\/04\/Foto-02-2-1-1.jpg 815w, https:\/\/radiorevelacionfm.cl\/wp-content\/uploads\/2023\/04\/Foto-02-2-1-1-300x221.jpg 300w, https:\/\/radiorevelacionfm.cl\/wp-content\/uploads\/2023\/04\/Foto-02-2-1-1-768x565.jpg 768w, https:\/\/radiorevelacionfm.cl\/wp-content\/uploads\/2023\/04\/Foto-02-2-1-1-705x519.jpg 705w, https:\/\/radiorevelacionfm.cl\/wp-content\/uploads\/2023\/04\/Foto-02-2-1-1-450x331.jpg 450w, https:\/\/radiorevelacionfm.cl\/wp-content\/uploads\/2023\/04\/Foto-02-2-1-1-600x442.jpg 600w\" sizes=\"(max-width: 815px) 100vw, 815px\" \/><\/div><\/div><\/div><\/div><div class=\"flex_column av_one_full  flex_column_div av-zero-column-padding first  avia-builder-el-2  el_after_av_one_full  el_before_av_one_full  column-top-margin\" style='border-radius:0px; '><section class=\"av_textblock_section \"  itemscope=\"itemscope\" itemtype=\"https:\/\/schema.org\/BlogPosting\" itemprop=\"blogPost\" ><div class='avia_textblock  '   itemprop=\"text\" ><p style=\"text-align: center;\"><strong><span style=\"font-size: 18pt;\">Invitan a visitar exposici\u00f3n \u00abMiradas de pandemia, historias de migrantes en Patagonia\u00bb<\/span><\/strong><\/p>\n<div id=\"gtx-trans\" style=\"position: absolute; left: -50px; top: 4.31534px;\">\n<div class=\"gtx-trans-icon\"><\/div>\n<\/div>\n<\/div><\/section><\/div><div class=\"flex_column av_one_full  flex_column_div av-zero-column-padding first  avia-builder-el-4  el_after_av_one_full  el_before_av_hr  column-top-margin\" style='border-radius:0px; '><section class=\"av_textblock_section \"  itemscope=\"itemscope\" itemtype=\"https:\/\/schema.org\/BlogPosting\" itemprop=\"blogPost\" ><div class='avia_textblock  '   itemprop=\"text\" ><p class=\"v1MsoNormal\" style=\"text-align: justify;\">Una invitaci\u00f3n para disfrutar del arte y la cultura es la que realiz\u00f3 la Corte de Apelaciones de Coyhaique, tras la inauguraci\u00f3n efectuada hoy -lunes 3 de abril- de la exposici\u00f3n \u00abMiradas de Pandemia, historias migrantes en Patagonia\u00bb, del artista visual Ramiro Bahamonde Montiel.<\/p>\n<p class=\"v1MsoNormal\" style=\"text-align: justify;\">En la instancia estuvo presente el presidente del tribunal de alzada, ministro Jos\u00e9 Ignacio Mora Trujillo; la ministra Natalia Rencoret Oliva, algunos de los retratados e invitados especiales.<\/p>\n<p class=\"v1MsoNormal\" style=\"text-align: justify;\">Recordar que esta iniciativa cultural nace de la apertura del Poder Judicial y la Corte de Apelaciones para apoyar a artistas regionales en la difusi\u00f3n de sus trabajos.<\/p>\n<p class=\"v1MsoNormal\" style=\"text-align: justify;\">\u00abLa importancia radica en que la Corte Suprema como pol\u00edtica ha insistido en acercar al Poder Judicial a la comunidad y a trav\u00e9s de esta actividad entonces nosotros abrimos las puertas de esta Corte de Apelaciones para que artistas regionales puedan manifestar su arte y as\u00ed llegar a los vecinos de Coyhaique, en una iniciativa tan importante y tan buena para la convivencia como es el arte y la cultura\u00bb, sostuvo el ministro Jos\u00e9 Ignacio Mora.<\/p>\n<p class=\"v1MsoNormal\" style=\"text-align: justify;\">La exposici\u00f3n fue financiada a trav\u00e9s de recursos del Fondart Regional a\u00f1o 2022\u00a0 y da cuenta de 14 obras pl\u00e1sticas que captan las miradas de personas migrantes de diversas nacionalidades como Brasil, Colombia, Hait\u00ed, Argentina, Venezuela y Espa\u00f1a, y los motivos que los llevaron a establecerse en la regi\u00f3n, considerando las dificultades de\u00a0 insertarse en una comunidad muy distinta a sus pa\u00edses de origen, la discriminaci\u00f3n y la creaci\u00f3n de familias multiculturales y adem\u00e1s, como vivieron la pandemia de Covid 19, durante el a\u00f1o 2020 y 2021.<\/p>\n<p class=\"v1MsoNormal\" style=\"text-align: justify;\">\u00abLa idea es mostrar la realidad de las personas migrantes que vivieron durante la pandemia, pero tambi\u00e9n su inserci\u00f3n dentro de la comunidad. Todas las obras tienen un c\u00f3digo QR que te lleva a la historia, al relato audiovisual en YouTube, por lo tanto, ah\u00ed pueden conocer el nombre, c\u00f3mo llegaron, qu\u00e9 problemas enfrentaron. De pronto hay muchas dificultades en las que se encuentran las personas migrantes y que no siempre dimensionamos el valor que eso tiene, son historias de invisibles y que est\u00e1n por todas partes\u00bb, indic\u00f3 Ramiro Bahamonde.<\/p>\n<p class=\"v1MsoNormal\" style=\"text-align: justify;\">Por su parte, Naiara Schuck, proveniente desde Brasil coment\u00f3 que \u00abparticipar de este proyecto fue revivir experiencias, no todas muy buenas, pero siempre rescato lo positivo de todo eso y vivir ac\u00e1, ser parte de una comunidad me da la oportunidad de llevar mi esencia brasile\u00f1a aqu\u00ed en estas tierras de la patagonia\u00bb.<\/p>\n<p class=\"v1MsoNormal\" style=\"text-align: justify;\">En tanto, Hugo Pimentel originario de Argentina, dijo que \u00abme sent\u00ed muy halagado y agradecido porque es un poco devolver a Chile esto de poder darnos la posibilidad de reinventarnos aqu\u00ed en este territorio y por ello estar\u00e9 siempre agradecido y sobre todo de la gente de Ays\u00e9n\u00bb.<\/p>\n<p class=\"v1MsoNormal\" style=\"text-align: justify;\">La muestra \u00abMiradas de Pandemia, Historias migrantes en Patagonia\u00bb, estar\u00e1 abierta al p\u00fablico en Baquedano # 182, hasta el 22 de abril de 2023, en un horario de lunes a viernes de 08:00 a 16:00 horas y los s\u00e1bados de 09:00 a 12:00 horas.<\/p>\n<\/div><\/section><\/div><div  style='height:50px' class='hr hr-invisible   avia-builder-el-6  el_after_av_one_full  el_before_av_social_share '><span class='hr-inner ' ><span class='hr-inner-style'><\/span><\/span><\/div><\/p>\n<div  class='av-social-sharing-box  avia-builder-el-7  el_after_av_hr  el_before_av_hr  '><div class='av-share-box'><h5 class='av-share-link-description av-no-toc '>Compartir esta noticia<\/h5><ul class='av-share-box-list noLightbox'><li class='av-share-link av-social-link-facebook' ><a target=\"_blank\" aria-label=\"Compartir en Facebook\" href='https:\/\/www.facebook.com\/sharer.php?u=https:\/\/radiorevelacionfm.cl\/?p=29670&#038;t=Invitan%20a%20visitar%20exposici%C3%B3n%20%C2%ABMiradas%20de%20pandemia%2C%20historias%20de%20migrantes%20en%20Patagonia%C2%BB' aria-hidden='false' data-av_icon='\ue8f3' data-av_iconfont='entypo-fontello' title='' data-avia-related-tooltip='Compartir en Facebook' rel=\"noopener\"><span class='avia_hidden_link_text'>Compartir en Facebook<\/span><\/a><\/li><li class='av-share-link av-social-link-twitter' ><a target=\"_blank\" aria-label=\"Compartir en Twitter\" href='https:\/\/twitter.com\/share?text=Invitan%20a%20visitar%20exposici%C3%B3n%20%C2%ABMiradas%20de%20pandemia%2C%20historias%20de%20migrantes%20en%20Patagonia%C2%BB&#038;url=https:\/\/radiorevelacionfm.cl\/?p=29670' aria-hidden='false' data-av_icon='\ue8f1' data-av_iconfont='entypo-fontello' title='' data-avia-related-tooltip='Compartir en Twitter' rel=\"noopener\"><span class='avia_hidden_link_text'>Compartir en Twitter<\/span><\/a><\/li><li class='av-share-link av-social-link-whatsapp' ><a target=\"_blank\" aria-label=\"Compartir en Whatsapp\" href='https:\/\/api.whatsapp.com\/send?text=https:\/\/radiorevelacionfm.cl\/?p=29670' aria-hidden='false' data-av_icon='\uf232' data-av_iconfont='entypo-fontello' title='' data-avia-related-tooltip='Compartir en Whatsapp' rel=\"noopener\"><span class='avia_hidden_link_text'>Compartir en Whatsapp<\/span><\/a><\/li><li class='av-share-link av-social-link-linkedin' ><a target=\"_blank\" aria-label=\"Compartir en LinkedIn\" href='https:\/\/linkedin.com\/shareArticle?mini=true&#038;title=Invitan%20a%20visitar%20exposici%C3%B3n%20%C2%ABMiradas%20de%20pandemia%2C%20historias%20de%20migrantes%20en%20Patagonia%C2%BB&#038;url=https:\/\/radiorevelacionfm.cl\/?p=29670' aria-hidden='false' data-av_icon='\ue8fc' data-av_iconfont='entypo-fontello' title='' data-avia-related-tooltip='Compartir en LinkedIn' rel=\"noopener\"><span class='avia_hidden_link_text'>Compartir en LinkedIn<\/span><\/a><\/li><li class='av-share-link av-social-link-mail' ><a  aria-label=\"Compartir por correo\" href='mailto:?subject=Invitan%20a%20visitar%20exposici%C3%B3n%20%C2%ABMiradas%20de%20pandemia%2C%20historias%20de%20migrantes%20en%20Patagonia%C2%BB&#038;body=https:\/\/radiorevelacionfm.cl\/?p=29670' aria-hidden='false' data-av_icon='\ue805' data-av_iconfont='entypo-fontello' title='' data-avia-related-tooltip='Compartir por correo'><span class='avia_hidden_link_text'>Compartir por correo<\/span><\/a><\/li><\/ul><\/div><\/div>\n<div  style='height:50px' class='hr hr-invisible   avia-builder-el-8  el_after_av_social_share  el_before_av_comments_list '><span class='hr-inner ' ><span class='hr-inner-style'><\/span><\/span><\/div>\n<div  class='av-buildercomment  av-blog-meta-html-info-disabled av-blog-meta-tag-disabled  '><\/div>\n","protected":false},"excerpt":{"rendered":"","protected":false},"author":1,"featured_media":29671,"comment_status":"open","ping_status":"open","sticky":false,"template":"","format":"standard","meta":{"footnotes":""},"categories":[52],"tags":[],"class_list":["post-29670","post","type-post","status-publish","format-standard","has-post-thumbnail","hentry","category-cultura"],"jetpack_featured_media_url":"https:\/\/radiorevelacionfm.cl\/wp-content\/uploads\/2023\/04\/Foto-02-2-1-1.jpg","_links":{"self":[{"href":"https:\/\/radiorevelacionfm.cl\/index.php?rest_route=\/wp\/v2\/posts\/29670","targetHints":{"allow":["GET"]}}],"collection":[{"href":"https:\/\/radiorevelacionfm.cl\/index.php?rest_route=\/wp\/v2\/posts"}],"about":[{"href":"https:\/\/radiorevelacionfm.cl\/index.php?rest_route=\/wp\/v2\/types\/post"}],"author":[{"embeddable":true,"href":"https:\/\/radiorevelacionfm.cl\/index.php?rest_route=\/wp\/v2\/users\/1"}],"replies":[{"embeddable":true,"href":"https:\/\/radiorevelacionfm.cl\/index.php?rest_route=%2Fwp%2Fv2%2Fcomments&post=29670"}],"version-history":[{"count":1,"href":"https:\/\/radiorevelacionfm.cl\/index.php?rest_route=\/wp\/v2\/posts\/29670\/revisions"}],"predecessor-version":[{"id":29672,"href":"https:\/\/radiorevelacionfm.cl\/index.php?rest_route=\/wp\/v2\/posts\/29670\/revisions\/29672"}],"wp:featuredmedia":[{"embeddable":true,"href":"https:\/\/radiorevelacionfm.cl\/index.php?rest_route=\/wp\/v2\/media\/29671"}],"wp:attachment":[{"href":"https:\/\/radiorevelacionfm.cl\/index.php?rest_route=%2Fwp%2Fv2%2Fmedia&parent=29670"}],"wp:term":[{"taxonomy":"category","embeddable":true,"href":"https:\/\/radiorevelacionfm.cl\/index.php?rest_route=%2Fwp%2Fv2%2Fcategories&post=29670"},{"taxonomy":"post_tag","embeddable":true,"href":"https:\/\/radiorevelacionfm.cl\/index.php?rest_route=%2Fwp%2Fv2%2Ftags&post=29670"}],"curies":[{"name":"wp","href":"https:\/\/api.w.org\/{rel}","templated":true}]}}