{"id":29667,"date":"2023-04-03T18:18:03","date_gmt":"2023-04-03T21:18:03","guid":{"rendered":"https:\/\/radiorevelacionfm.cl\/?p=29667"},"modified":"2023-04-03T18:18:03","modified_gmt":"2023-04-03T21:18:03","slug":"seremi-de-energia-destaca-plan-de-accion-regional-del-pellet","status":"publish","type":"post","link":"https:\/\/radiorevelacionfm.cl\/?p=29667","title":{"rendered":"Seremi de Energ\u00eda destaca Plan de Acci\u00f3n Regional del Pellet"},"content":{"rendered":"<div class=\"flex_column av_one_full  flex_column_div av-zero-column-padding first  avia-builder-el-0  el_before_av_one_full  avia-builder-el-first  \" style='border-radius:0px; '><div  class='avia-image-container  av-styling-    avia-builder-el-1  avia-builder-el-no-sibling  avia-align-center '  itemprop=\"image\" itemscope=\"itemscope\" itemtype=\"https:\/\/schema.org\/ImageObject\"  ><div class='avia-image-container-inner'><div class='avia-image-overlay-wrap'><img decoding=\"async\" class='wp-image-29668 avia-img-lazy-loading-not-29668 avia_image' src=\"https:\/\/radiorevelacionfm.cl\/wp-content\/uploads\/2023\/04\/foto-pellet-1-1_optimized-1.jpeg\" alt='' title='foto-pellet-1-(1)_optimized (1)' height=\"600\" width=\"1067\"  itemprop=\"thumbnailUrl\" srcset=\"https:\/\/radiorevelacionfm.cl\/wp-content\/uploads\/2023\/04\/foto-pellet-1-1_optimized-1.jpeg 1067w, https:\/\/radiorevelacionfm.cl\/wp-content\/uploads\/2023\/04\/foto-pellet-1-1_optimized-1-300x169.jpeg 300w, https:\/\/radiorevelacionfm.cl\/wp-content\/uploads\/2023\/04\/foto-pellet-1-1_optimized-1-1030x579.jpeg 1030w, https:\/\/radiorevelacionfm.cl\/wp-content\/uploads\/2023\/04\/foto-pellet-1-1_optimized-1-768x432.jpeg 768w, https:\/\/radiorevelacionfm.cl\/wp-content\/uploads\/2023\/04\/foto-pellet-1-1_optimized-1-705x396.jpeg 705w, https:\/\/radiorevelacionfm.cl\/wp-content\/uploads\/2023\/04\/foto-pellet-1-1_optimized-1-450x253.jpeg 450w, https:\/\/radiorevelacionfm.cl\/wp-content\/uploads\/2023\/04\/foto-pellet-1-1_optimized-1-600x337.jpeg 600w\" sizes=\"(max-width: 1067px) 100vw, 1067px\" \/><\/div><\/div><\/div><\/div><div class=\"flex_column av_one_full  flex_column_div av-zero-column-padding first  avia-builder-el-2  el_after_av_one_full  el_before_av_one_full  column-top-margin\" style='border-radius:0px; '><section class=\"av_textblock_section \"  itemscope=\"itemscope\" itemtype=\"https:\/\/schema.org\/BlogPosting\" itemprop=\"blogPost\" ><div class='avia_textblock  '   itemprop=\"text\" ><p style=\"text-align: center;\"><span style=\"font-size: 18pt;\"><strong>Seremi de Energ\u00eda destaca Plan de Acci\u00f3n Regional del Pellet \u00a0<\/strong><\/span><\/p>\n<div id=\"gtx-trans\" style=\"position: absolute; left: -50px; top: 4.31534px;\">\n<div class=\"gtx-trans-icon\"><\/div>\n<\/div>\n<\/div><\/section><\/div><div class=\"flex_column av_one_full  flex_column_div av-zero-column-padding first  avia-builder-el-4  el_after_av_one_full  el_before_av_hr  column-top-margin\" style='border-radius:0px; '><section class=\"av_textblock_section \"  itemscope=\"itemscope\" itemtype=\"https:\/\/schema.org\/BlogPosting\" itemprop=\"blogPost\" ><div class='avia_textblock  '   itemprop=\"text\" ><p style=\"text-align: justify;\">El Seremi de Energ\u00eda, Carlos D\u00edaz, explic\u00f3 que desde el a\u00f1o pasado la instituci\u00f3n viene desarrollando un plan de trabajo que contempla diversas acciones entre las que se puede destacar la gesti\u00f3n para la instalaci\u00f3n de una planta de pellet en la regi\u00f3n, la promoci\u00f3n de la compra anticipada y almacenamiento en grandes y peque\u00f1os consumidores, infraestructura cr\u00edtica y empresas, el monitoreo a distribuidores regionales, importaci\u00f3n de pellet entre otras medidas.<\/p>\n<p style=\"text-align: justify;\">Al respecto la autoridad regional indic\u00f3 que \u201cdesde fines del invierno pasado hemos trabajado para aumentar el stock regional antes de empezar este invierno. En este sentido, la venta previa ha superado con creces el mill\u00f3n de kg y se estima que la mayor\u00eda est\u00e1 almacenado en las viviendas de los consumidores. Adem\u00e1s, las bodegas de los distribuidores cuentan con m\u00e1s de un mill\u00f3n de kg en stock, lo que es dr\u00e1sticamente diferente a la que vivimos durante el 2022\u201d.<\/p>\n<p style=\"text-align: justify;\">La autoridad regional de Energ\u00eda agreg\u00f3 que \u201cno hemos bajado los brazos, al contrario, seguimos haciendo gestiones para traer el m\u00e1ximo de pellet antes de que comience el invierno y la alta demanda en el pa\u00eds. Desde octubre del 2022 hasta la fecha, han ingresado a la regi\u00f3n de Ays\u00e9n aproximadamente 140 ramplas con pellet y hemos redoblado los esfuerzos para mantener la llegada constante de camiones\u201d.<\/p>\n<p style=\"text-align: justify;\">Cabe se\u00f1alar que la industria del pellet se encuentra produciendo con normalidad, superando las 20 mil toneladas mensuales. Esta cifra es superior a las 14 mil toneladas mensuales que se produjeron entre noviembre de 2021 y enero de 2022.<\/p>\n<p style=\"text-align: justify;\">En lo referente a los esfuerzos a nivel nacional el Seremi D\u00edaz destac\u00f3 el compromiso de colaboraci\u00f3n firmado hace una semana entre el Ministerio de Energ\u00eda y la Asociaci\u00f3n Chilena de Biomasa, Achbiom, \u201csin duda esta nueva instancia de colaboraci\u00f3n es de gran importancia ya que permitir\u00e1 que las empresas chilenas prioricen la venta de pellet para el mercado nacional y no a otros pa\u00edses, lo que es relevante si consideramos la alta demanda existente de pellet de los pa\u00edses europeos producto de la guerra entre Rusia y Ucrania. Adem\u00e1s, se contempla un aumento en la inversi\u00f3n p\u00fablica y privada para modernizar el sector de biomasa y fomentar la descontaminaci\u00f3n\u201d.<\/p>\n<p style=\"text-align: justify;\">Por su parte, la Superintendencia de Electricidad y Combustibles (SEC) est\u00e1 realizando cada 15 d\u00edas un seguimiento a la producci\u00f3n, distribuci\u00f3n y stock de las 44 empresas productoras de pellet, para monitorear el cumplimiento de las medidas adoptadas asociadas a ampliaci\u00f3n de capacidad, aumentos en la producci\u00f3n, incorporaci\u00f3n de secadores y\/o mejoras en las distintas etapas del proceso productivo, entre otras.<\/p>\n<p style=\"text-align: justify;\">Finalmente, respecto del largo plazo, la futura planta de pellet de la empresa Ecomas, que contar\u00e1 con una capacidad de 9.000 kg por hora y se espera que empiece a producir a fines del 2023. El Seremi D\u00edaz explic\u00f3 que esta planta ser\u00e1 la primera en Chile en tener una gesti\u00f3n desde el bosque y no depender\u00e1 un subproducto de otras industrias como la de aserraderos.<\/p>\n<\/div><\/section><\/div><div  style='height:50px' class='hr hr-invisible   avia-builder-el-6  el_after_av_one_full  el_before_av_social_share '><span class='hr-inner ' ><span class='hr-inner-style'><\/span><\/span><\/div><\/p>\n<div  class='av-social-sharing-box  avia-builder-el-7  el_after_av_hr  el_before_av_hr  '><div class='av-share-box'><h5 class='av-share-link-description av-no-toc '>Compartir esta noticia<\/h5><ul class='av-share-box-list noLightbox'><li class='av-share-link av-social-link-facebook' ><a target=\"_blank\" aria-label=\"Compartir en Facebook\" href='https:\/\/www.facebook.com\/sharer.php?u=https:\/\/radiorevelacionfm.cl\/?p=29667&#038;t=Seremi%20de%20Energ%C3%ADa%20destaca%20Plan%20de%20Acci%C3%B3n%20Regional%20del%20Pellet' aria-hidden='false' data-av_icon='\ue8f3' data-av_iconfont='entypo-fontello' title='' data-avia-related-tooltip='Compartir en Facebook' rel=\"noopener\"><span class='avia_hidden_link_text'>Compartir en Facebook<\/span><\/a><\/li><li class='av-share-link av-social-link-twitter' ><a target=\"_blank\" aria-label=\"Compartir en Twitter\" href='https:\/\/twitter.com\/share?text=Seremi%20de%20Energ%C3%ADa%20destaca%20Plan%20de%20Acci%C3%B3n%20Regional%20del%20Pellet&#038;url=https:\/\/radiorevelacionfm.cl\/?p=29667' aria-hidden='false' data-av_icon='\ue8f1' data-av_iconfont='entypo-fontello' title='' data-avia-related-tooltip='Compartir en Twitter' rel=\"noopener\"><span class='avia_hidden_link_text'>Compartir en Twitter<\/span><\/a><\/li><li class='av-share-link av-social-link-whatsapp' ><a target=\"_blank\" aria-label=\"Compartir en Whatsapp\" href='https:\/\/api.whatsapp.com\/send?text=https:\/\/radiorevelacionfm.cl\/?p=29667' aria-hidden='false' data-av_icon='\uf232' data-av_iconfont='entypo-fontello' title='' data-avia-related-tooltip='Compartir en Whatsapp' rel=\"noopener\"><span class='avia_hidden_link_text'>Compartir en Whatsapp<\/span><\/a><\/li><li class='av-share-link av-social-link-linkedin' ><a target=\"_blank\" aria-label=\"Compartir en LinkedIn\" href='https:\/\/linkedin.com\/shareArticle?mini=true&#038;title=Seremi%20de%20Energ%C3%ADa%20destaca%20Plan%20de%20Acci%C3%B3n%20Regional%20del%20Pellet&#038;url=https:\/\/radiorevelacionfm.cl\/?p=29667' aria-hidden='false' data-av_icon='\ue8fc' data-av_iconfont='entypo-fontello' title='' data-avia-related-tooltip='Compartir en LinkedIn' rel=\"noopener\"><span class='avia_hidden_link_text'>Compartir en LinkedIn<\/span><\/a><\/li><li class='av-share-link av-social-link-mail' ><a  aria-label=\"Compartir por correo\" href='mailto:?subject=Seremi%20de%20Energ%C3%ADa%20destaca%20Plan%20de%20Acci%C3%B3n%20Regional%20del%20Pellet&#038;body=https:\/\/radiorevelacionfm.cl\/?p=29667' aria-hidden='false' data-av_icon='\ue805' data-av_iconfont='entypo-fontello' title='' data-avia-related-tooltip='Compartir por correo'><span class='avia_hidden_link_text'>Compartir por correo<\/span><\/a><\/li><\/ul><\/div><\/div>\n<div  style='height:50px' class='hr hr-invisible   avia-builder-el-8  el_after_av_social_share  el_before_av_comments_list '><span class='hr-inner ' ><span class='hr-inner-style'><\/span><\/span><\/div>\n<div  class='av-buildercomment  av-blog-meta-html-info-disabled av-blog-meta-tag-disabled  '><\/div>\n","protected":false},"excerpt":{"rendered":"","protected":false},"author":1,"featured_media":29668,"comment_status":"open","ping_status":"open","sticky":false,"template":"","format":"standard","meta":{"footnotes":""},"categories":[38],"tags":[],"class_list":["post-29667","post","type-post","status-publish","format-standard","has-post-thumbnail","hentry","category-regional"],"jetpack_featured_media_url":"https:\/\/radiorevelacionfm.cl\/wp-content\/uploads\/2023\/04\/foto-pellet-1-1_optimized-1.jpeg","_links":{"self":[{"href":"https:\/\/radiorevelacionfm.cl\/index.php?rest_route=\/wp\/v2\/posts\/29667","targetHints":{"allow":["GET"]}}],"collection":[{"href":"https:\/\/radiorevelacionfm.cl\/index.php?rest_route=\/wp\/v2\/posts"}],"about":[{"href":"https:\/\/radiorevelacionfm.cl\/index.php?rest_route=\/wp\/v2\/types\/post"}],"author":[{"embeddable":true,"href":"https:\/\/radiorevelacionfm.cl\/index.php?rest_route=\/wp\/v2\/users\/1"}],"replies":[{"embeddable":true,"href":"https:\/\/radiorevelacionfm.cl\/index.php?rest_route=%2Fwp%2Fv2%2Fcomments&post=29667"}],"version-history":[{"count":1,"href":"https:\/\/radiorevelacionfm.cl\/index.php?rest_route=\/wp\/v2\/posts\/29667\/revisions"}],"predecessor-version":[{"id":29669,"href":"https:\/\/radiorevelacionfm.cl\/index.php?rest_route=\/wp\/v2\/posts\/29667\/revisions\/29669"}],"wp:featuredmedia":[{"embeddable":true,"href":"https:\/\/radiorevelacionfm.cl\/index.php?rest_route=\/wp\/v2\/media\/29668"}],"wp:attachment":[{"href":"https:\/\/radiorevelacionfm.cl\/index.php?rest_route=%2Fwp%2Fv2%2Fmedia&parent=29667"}],"wp:term":[{"taxonomy":"category","embeddable":true,"href":"https:\/\/radiorevelacionfm.cl\/index.php?rest_route=%2Fwp%2Fv2%2Fcategories&post=29667"},{"taxonomy":"post_tag","embeddable":true,"href":"https:\/\/radiorevelacionfm.cl\/index.php?rest_route=%2Fwp%2Fv2%2Ftags&post=29667"}],"curies":[{"name":"wp","href":"https:\/\/api.w.org\/{rel}","templated":true}]}}