{"id":29662,"date":"2023-04-03T13:15:45","date_gmt":"2023-04-03T16:15:45","guid":{"rendered":"https:\/\/radiorevelacionfm.cl\/?p=29662"},"modified":"2023-04-03T13:33:44","modified_gmt":"2023-04-03T16:33:44","slug":"mas-de-180-micro-y-pequenos-emprendedores-son-beneficiados-con-programa-fortalece-mipe-aysen","status":"publish","type":"post","link":"https:\/\/radiorevelacionfm.cl\/?p=29662","title":{"rendered":"M\u00e1s de 180 micro y peque\u00f1os emprendedores beneficiados con programa Fortalece MIPE-Ays\u00e9n firmaron convenio"},"content":{"rendered":"<div class=\"flex_column av_one_full  flex_column_div av-zero-column-padding first  avia-builder-el-0  el_before_av_one_full  avia-builder-el-first  \" style='border-radius:0px; '><div  class='avia-image-container  av-styling-    avia-builder-el-1  avia-builder-el-no-sibling  avia-align-center '  itemprop=\"image\" itemscope=\"itemscope\" itemtype=\"https:\/\/schema.org\/ImageObject\"  ><div class='avia-image-container-inner'><div class='avia-image-overlay-wrap'><img decoding=\"async\" class='wp-image-29663 avia-img-lazy-loading-not-29663 avia_image' src=\"https:\/\/radiorevelacionfm.cl\/wp-content\/uploads\/2023\/04\/FUDEA-2-1-1.jpeg\" alt='' title='FUDEA 2 (1) (1)' height=\"600\" width=\"898\"  itemprop=\"thumbnailUrl\" srcset=\"https:\/\/radiorevelacionfm.cl\/wp-content\/uploads\/2023\/04\/FUDEA-2-1-1.jpeg 898w, https:\/\/radiorevelacionfm.cl\/wp-content\/uploads\/2023\/04\/FUDEA-2-1-1-300x200.jpeg 300w, https:\/\/radiorevelacionfm.cl\/wp-content\/uploads\/2023\/04\/FUDEA-2-1-1-768x513.jpeg 768w, https:\/\/radiorevelacionfm.cl\/wp-content\/uploads\/2023\/04\/FUDEA-2-1-1-705x471.jpeg 705w, https:\/\/radiorevelacionfm.cl\/wp-content\/uploads\/2023\/04\/FUDEA-2-1-1-450x301.jpeg 450w, https:\/\/radiorevelacionfm.cl\/wp-content\/uploads\/2023\/04\/FUDEA-2-1-1-600x401.jpeg 600w\" sizes=\"(max-width: 898px) 100vw, 898px\" \/><\/div><\/div><\/div><\/div>\n<div class=\"flex_column av_one_full  flex_column_div av-zero-column-padding first  avia-builder-el-2  el_after_av_one_full  el_before_av_one_full  column-top-margin\" style='border-radius:0px; '><section class=\"av_textblock_section \"  itemscope=\"itemscope\" itemtype=\"https:\/\/schema.org\/BlogPosting\" itemprop=\"blogPost\" ><div class='avia_textblock  '   itemprop=\"text\" ><p style=\"text-align: center;\"><strong><span style=\"font-size: 18pt;\">M\u00e1s de 180 micro y peque\u00f1os emprendedores beneficiados con programa Fortalece MIPE-Ays\u00e9n firmaron convenio<\/span><\/strong><\/p>\n<div id=\"gtx-trans\" style=\"position: absolute; left: -50px; top: 4.31534px;\">\n<div class=\"gtx-trans-icon\"><\/div>\n<\/div>\n<\/div><\/section><\/div><div class=\"flex_column av_one_full  flex_column_div av-zero-column-padding first  avia-builder-el-4  el_after_av_one_full  el_before_av_hr  column-top-margin\" style='border-radius:0px; '><section class=\"av_textblock_section \"  itemscope=\"itemscope\" itemtype=\"https:\/\/schema.org\/BlogPosting\" itemprop=\"blogPost\" ><div class='avia_textblock  '   itemprop=\"text\" ><p dir=\"ltr\" style=\"text-align: justify;\">M\u00e1s de 180 beneficiarios y beneficiarias, tanto de la comuna de Ays\u00e9n como de la comuna de Coyhaique, firmaron sus convenios para recibir apoyo de la primera l\u00ednea de financiamiento del programa de reactivaci\u00f3n econ\u00f3mica del Gobierno Regional, \u00abFortalece MIPE-Ays\u00e9n\u00bb.<\/p>\n<p dir=\"ltr\" style=\"text-align: justify;\">Los micro y peque\u00f1os emprendedores y emprendedoras que obtuvieron este beneficio en la comuna de Ays\u00e9n, acudieron el d\u00eda mi\u00e9rcoles 29 al Centro Cultural de Puerto Ays\u00e9n para oficializar su participaci\u00f3n en el programa junto a la Gobernadora Andrea Mac\u00edas Palma. Mientras, las personas de Coyhaique asistieron a su ceremonia este jueves 30 en el hall central del Gobierno Regional.<\/p>\n<p dir=\"ltr\" style=\"text-align: justify;\">\u00abFirmamos este convenio con las distintas personas que fueron beneficiadas en la comuna de Coyhaique, a trav\u00e9s de este programa &#8216;Fortalece MIPE-Ays\u00e9n&#8217;, un programa financiado por el Gobierno Regional y ejecutado por la Fundaci\u00f3n de Desarrollo Educacional y Tecnol\u00f3gico de la Universidad de la Frontera (&#8230;) muy contenta con esta alianza, y esperar que el desarrollo de todo el programa, que sigue, porque es un programa que dura 2 a\u00f1os, sea tan exitoso como ha sido hasta ahora, con esta primera l\u00ednea que se ha lanzado\u00bb, manifest\u00f3 la Gobernadora Regional.<\/p>\n<p dir=\"ltr\" style=\"text-align: justify;\">\u00abFortalece MIPE-Ays\u00e9n\u00bb es la primera de las l\u00edneas del programa \u00abFortalece y Reactiva\u00bb, que operar\u00e1 durante 2023 y 2024 con diversos fondos concursables orientados a la micro y peque\u00f1a empresa, con un componente regional, distinto a los instrumentos de financiamiento del Estado, y focalizado, para otorgar un mayor apoyo a personas que vivan en la ruralidad, a gente perteneciente a pueblos originarios y a las mujeres.<\/p>\n<p dir=\"ltr\" style=\"text-align: justify;\">\u00abAgradecer a la Gobernadora y a su Consejo, a los Consejeros y Consejeras, por esta decisi\u00f3n, y obviamente a los funcionarios que est\u00e1n detr\u00e1s, de poder fortalecer y apoyar a nuestros emprendedores locales, a las peque\u00f1as y micro empresas que est\u00e1n en nuestra regi\u00f3n. Hoy lo que se genera es dinamismo, porque no tan solo se apoya a un rubro en particular, sino que a diversos sectores, y eso nos ayuda a fortalecer el desarrollo econ\u00f3mico local y, por sobre todo, eso trae consigo la mejora de la calidad de vida de todos los vecinos y vecinas de esta comuna\u00bb, indic\u00f3 el Alcalde de la Municipalidad de Coyhaique, Carlos Gatica.<\/p>\n<p dir=\"ltr\" style=\"text-align: justify;\">Para esta convocatoria se recibieron m\u00e1s de 1.700 postulaciones a lo largo de toda la regi\u00f3n. Tras los diferentes procesos de admisibilidad y selecci\u00f3n que tuvo el concurso, el fondo alcanz\u00f3 a ser distribuido en 491 emprendimientos, que recibir\u00e1n entre $1.500.000 y $7.000.0000 dependiendo el tama\u00f1o del negocio y de la cantidad de sus ventas.<\/p>\n<p dir=\"ltr\" style=\"text-align: justify;\">\u00abQuiero felicitar a todos los micro y peque\u00f1os empresarios y empresarias de la regi\u00f3n, sobre todo a las empresarias que pudieron postular. Creo que es un gran avance y tambi\u00e9n se levanta un diagn\u00f3stico de que hoy existen muchas peque\u00f1as y micro empresas a lo largo de nuestro territorio y que es una demanda que tenemos que suplir, pero sin duda viene a inyectar recursos que van a quedar en la econom\u00eda local. As\u00ed que, muy feliz, y tambi\u00e9n de ver a los distintos empresarios que llegaron a firmar los convenios\u00bb, expres\u00f3 la Consejera Regional de la Provincia de Coyhaique, Paula Acu\u00f1a.<\/p>\n<p dir=\"ltr\" style=\"text-align: justify;\">En la comuna de Ays\u00e9n fueron m\u00e1s de 70 las y los beneficiarios que se adjudicaron este financiamiento, el cual podr\u00e1n invertir en activos fijos, capital de trabajo, asistencia t\u00e9cnica para la actualizaci\u00f3n de modelo de negocio y aumento de su competitividad, teniendo en consideraci\u00f3n el bienestar familiar y la sustentabilidad ambiental del negocio.<\/p>\n<p dir=\"ltr\" style=\"text-align: justify;\">\u00abVemos que hay un buen impulso para apoyar a los emprendimientos nuevos, sobre todo a los que vienen despu\u00e9s de la pandemia, ya que hay mucha necesidad de reactivarse, como dice el eslogan, y todo esto ayuda bastante. A algunos m\u00e1s, a algunos menos, pero todas las luquitas ayudan bastante a los emprendedores de la regi\u00f3n, que siempre les cuesta mucho m\u00e1s que quiz\u00e1s a gran parte del pa\u00eds\u00bb, se\u00f1al\u00f3 Roberto Bustamante, due\u00f1o del medio Ays\u00e9nTV y hoy beneficiario de MIPE-Ays\u00e9n.<\/p>\n<p dir=\"ltr\" style=\"text-align: justify;\">Por su parte, en la comuna de Coyhaique fueron 182 los emprendimientos que se vieron beneficiados con este fondo, de los cuales el 49% corresponde a empresas de sectores rurales de la comuna, y un 80% se constituye dentro de la categor\u00eda de micro empresa.<\/p>\n<p dir=\"ltr\" style=\"text-align: justify;\">\u00abAgradecida del Gobierno Regional que nos da la oportunidad a los peque\u00f1os de poder tambi\u00e9n participar y tener algo que nos ayuda. Yo a mis 71 a\u00f1os estoy emprendiendo esto, con mucha fuerza, con mucha fe en Dios, porque \u00e9l es el que me da la fortaleza, y seguir adelante pues. Y ojal\u00e1 que muchas personas pidan mi servicio\u00bb, dijo Blanca D\u00edaz, presidenta de la Junta de Vecinos de la poblaci\u00f3n Almirante Simpson y beneficiaria de MIPE-Ays\u00e9n con su emprendimiento \u00abCocteler\u00eda Blanquita\u00bb.<\/p>\n<\/div><\/section><\/div><\/p>\n<div  style='height:50px' class='hr hr-invisible   avia-builder-el-6  el_after_av_one_full  el_before_av_social_share '><span class='hr-inner ' ><span class='hr-inner-style'><\/span><\/span><\/div>\n<div  class='av-social-sharing-box  avia-builder-el-7  el_after_av_hr  el_before_av_hr  '><div class='av-share-box'><h5 class='av-share-link-description av-no-toc '>Compartir esta noticia<\/h5><ul class='av-share-box-list noLightbox'><li class='av-share-link av-social-link-facebook' ><a target=\"_blank\" aria-label=\"Compartir en Facebook\" href='https:\/\/www.facebook.com\/sharer.php?u=https:\/\/radiorevelacionfm.cl\/?p=29662&#038;t=M%C3%A1s%20de%20180%20micro%20y%20peque%C3%B1os%20emprendedores%20beneficiados%20con%20programa%20Fortalece%20MIPE-Ays%C3%A9n%20firmaron%20convenio' aria-hidden='false' data-av_icon='\ue8f3' data-av_iconfont='entypo-fontello' title='' data-avia-related-tooltip='Compartir en Facebook' rel=\"noopener\"><span class='avia_hidden_link_text'>Compartir en Facebook<\/span><\/a><\/li><li class='av-share-link av-social-link-twitter' ><a target=\"_blank\" aria-label=\"Compartir en Twitter\" href='https:\/\/twitter.com\/share?text=M%C3%A1s%20de%20180%20micro%20y%20peque%C3%B1os%20emprendedores%20beneficiados%20con%20programa%20Fortalece%20MIPE-Ays%C3%A9n%20firmaron%20convenio&#038;url=https:\/\/radiorevelacionfm.cl\/?p=29662' aria-hidden='false' data-av_icon='\ue8f1' data-av_iconfont='entypo-fontello' title='' data-avia-related-tooltip='Compartir en Twitter' rel=\"noopener\"><span class='avia_hidden_link_text'>Compartir en Twitter<\/span><\/a><\/li><li class='av-share-link av-social-link-whatsapp' ><a target=\"_blank\" aria-label=\"Compartir en Whatsapp\" href='https:\/\/api.whatsapp.com\/send?text=https:\/\/radiorevelacionfm.cl\/?p=29662' aria-hidden='false' data-av_icon='\uf232' data-av_iconfont='entypo-fontello' title='' data-avia-related-tooltip='Compartir en Whatsapp' rel=\"noopener\"><span class='avia_hidden_link_text'>Compartir en Whatsapp<\/span><\/a><\/li><li class='av-share-link av-social-link-linkedin' ><a target=\"_blank\" aria-label=\"Compartir en LinkedIn\" href='https:\/\/linkedin.com\/shareArticle?mini=true&#038;title=M%C3%A1s%20de%20180%20micro%20y%20peque%C3%B1os%20emprendedores%20beneficiados%20con%20programa%20Fortalece%20MIPE-Ays%C3%A9n%20firmaron%20convenio&#038;url=https:\/\/radiorevelacionfm.cl\/?p=29662' aria-hidden='false' data-av_icon='\ue8fc' data-av_iconfont='entypo-fontello' title='' data-avia-related-tooltip='Compartir en LinkedIn' rel=\"noopener\"><span class='avia_hidden_link_text'>Compartir en LinkedIn<\/span><\/a><\/li><li class='av-share-link av-social-link-mail' ><a  aria-label=\"Compartir por correo\" href='mailto:?subject=M%C3%A1s%20de%20180%20micro%20y%20peque%C3%B1os%20emprendedores%20beneficiados%20con%20programa%20Fortalece%20MIPE-Ays%C3%A9n%20firmaron%20convenio&#038;body=https:\/\/radiorevelacionfm.cl\/?p=29662' aria-hidden='false' data-av_icon='\ue805' data-av_iconfont='entypo-fontello' title='' data-avia-related-tooltip='Compartir por correo'><span class='avia_hidden_link_text'>Compartir por correo<\/span><\/a><\/li><\/ul><\/div><\/div>\n<div  style='height:50px' class='hr hr-invisible   avia-builder-el-8  el_after_av_social_share  el_before_av_comments_list '><span class='hr-inner ' ><span class='hr-inner-style'><\/span><\/span><\/div>\n<div  class='av-buildercomment  av-blog-meta-html-info-disabled av-blog-meta-tag-disabled  '><\/div>\n","protected":false},"excerpt":{"rendered":"","protected":false},"author":1,"featured_media":29663,"comment_status":"open","ping_status":"open","sticky":false,"template":"","format":"standard","meta":{"footnotes":""},"categories":[38],"tags":[],"class_list":["post-29662","post","type-post","status-publish","format-standard","has-post-thumbnail","hentry","category-regional"],"jetpack_featured_media_url":"https:\/\/radiorevelacionfm.cl\/wp-content\/uploads\/2023\/04\/FUDEA-2-1-1.jpeg","_links":{"self":[{"href":"https:\/\/radiorevelacionfm.cl\/index.php?rest_route=\/wp\/v2\/posts\/29662","targetHints":{"allow":["GET"]}}],"collection":[{"href":"https:\/\/radiorevelacionfm.cl\/index.php?rest_route=\/wp\/v2\/posts"}],"about":[{"href":"https:\/\/radiorevelacionfm.cl\/index.php?rest_route=\/wp\/v2\/types\/post"}],"author":[{"embeddable":true,"href":"https:\/\/radiorevelacionfm.cl\/index.php?rest_route=\/wp\/v2\/users\/1"}],"replies":[{"embeddable":true,"href":"https:\/\/radiorevelacionfm.cl\/index.php?rest_route=%2Fwp%2Fv2%2Fcomments&post=29662"}],"version-history":[{"count":3,"href":"https:\/\/radiorevelacionfm.cl\/index.php?rest_route=\/wp\/v2\/posts\/29662\/revisions"}],"predecessor-version":[{"id":29666,"href":"https:\/\/radiorevelacionfm.cl\/index.php?rest_route=\/wp\/v2\/posts\/29662\/revisions\/29666"}],"wp:featuredmedia":[{"embeddable":true,"href":"https:\/\/radiorevelacionfm.cl\/index.php?rest_route=\/wp\/v2\/media\/29663"}],"wp:attachment":[{"href":"https:\/\/radiorevelacionfm.cl\/index.php?rest_route=%2Fwp%2Fv2%2Fmedia&parent=29662"}],"wp:term":[{"taxonomy":"category","embeddable":true,"href":"https:\/\/radiorevelacionfm.cl\/index.php?rest_route=%2Fwp%2Fv2%2Fcategories&post=29662"},{"taxonomy":"post_tag","embeddable":true,"href":"https:\/\/radiorevelacionfm.cl\/index.php?rest_route=%2Fwp%2Fv2%2Ftags&post=29662"}],"curies":[{"name":"wp","href":"https:\/\/api.w.org\/{rel}","templated":true}]}}