{"id":29658,"date":"2023-04-03T16:21:17","date_gmt":"2023-04-03T19:21:17","guid":{"rendered":"https:\/\/radiorevelacionfm.cl\/?p=29658"},"modified":"2023-04-03T16:21:17","modified_gmt":"2023-04-03T19:21:17","slug":"en-despliegue-territorial-en-aysen-seremi-de-ciencia-visito-diversas-comunas-de-la-region-con-miras-a-crear-redes-de-colaboracion","status":"publish","type":"post","link":"https:\/\/radiorevelacionfm.cl\/?p=29658","title":{"rendered":"En despliegue territorial en Ays\u00e9n: Seremi de Ciencia visit\u00f3 diversas comunas de la regi\u00f3n con miras a crear redes de colaboraci\u00f3n"},"content":{"rendered":"<div class=\"flex_column av_one_full  flex_column_div av-zero-column-padding first  avia-builder-el-0  el_before_av_one_full  avia-builder-el-first  \" style='border-radius:0px; '><div  class='avia-image-container  av-styling-    avia-builder-el-1  avia-builder-el-no-sibling  avia-align-center '  itemprop=\"image\" itemscope=\"itemscope\" itemtype=\"https:\/\/schema.org\/ImageObject\"  ><div class='avia-image-container-inner'><div class='avia-image-overlay-wrap'><img decoding=\"async\" class='wp-image-29659 avia-img-lazy-loading-not-29659 avia_image' src=\"https:\/\/radiorevelacionfm.cl\/wp-content\/uploads\/2023\/04\/aysen4-1-1_optimized-1_optimized-1.jpg\" alt='' title='aysen4-(1)-(1)_optimized-(1)_optimized (1)' height=\"600\" width=\"1033\"  itemprop=\"thumbnailUrl\" srcset=\"https:\/\/radiorevelacionfm.cl\/wp-content\/uploads\/2023\/04\/aysen4-1-1_optimized-1_optimized-1.jpg 1033w, https:\/\/radiorevelacionfm.cl\/wp-content\/uploads\/2023\/04\/aysen4-1-1_optimized-1_optimized-1-300x174.jpg 300w, https:\/\/radiorevelacionfm.cl\/wp-content\/uploads\/2023\/04\/aysen4-1-1_optimized-1_optimized-1-1030x598.jpg 1030w, https:\/\/radiorevelacionfm.cl\/wp-content\/uploads\/2023\/04\/aysen4-1-1_optimized-1_optimized-1-768x446.jpg 768w, https:\/\/radiorevelacionfm.cl\/wp-content\/uploads\/2023\/04\/aysen4-1-1_optimized-1_optimized-1-705x409.jpg 705w, https:\/\/radiorevelacionfm.cl\/wp-content\/uploads\/2023\/04\/aysen4-1-1_optimized-1_optimized-1-450x261.jpg 450w, https:\/\/radiorevelacionfm.cl\/wp-content\/uploads\/2023\/04\/aysen4-1-1_optimized-1_optimized-1-600x348.jpg 600w\" sizes=\"(max-width: 1033px) 100vw, 1033px\" \/><\/div><\/div><\/div><\/div><div class=\"flex_column av_one_full  flex_column_div av-zero-column-padding first  avia-builder-el-2  el_after_av_one_full  el_before_av_one_full  column-top-margin\" style='border-radius:0px; '><section class=\"av_textblock_section \"  itemscope=\"itemscope\" itemtype=\"https:\/\/schema.org\/BlogPosting\" itemprop=\"blogPost\" ><div class='avia_textblock  '   itemprop=\"text\" ><p style=\"text-align: center;\"><strong><span style=\"font-size: 18pt;\">En despliegue territorial en Ays\u00e9n: Seremi de Ciencia visit\u00f3 diversas comunas de la regi\u00f3n con miras a crear redes de colaboraci\u00f3n<\/span><\/strong><\/p>\n<div id=\"gtx-trans\" style=\"position: absolute; left: -50px; top: 4.31534px;\">\n<div class=\"gtx-trans-icon\"><\/div>\n<\/div>\n<\/div><\/section><\/div><div class=\"flex_column av_one_full  flex_column_div av-zero-column-padding first  avia-builder-el-4  el_after_av_one_full  el_before_av_hr  column-top-margin\" style='border-radius:0px; '><section class=\"av_textblock_section \"  itemscope=\"itemscope\" itemtype=\"https:\/\/schema.org\/BlogPosting\" itemprop=\"blogPost\" ><div class='avia_textblock  '   itemprop=\"text\" ><p class=\"v1MsoNormal\" style=\"text-align: justify;\"><span lang=\"es\">Durante los \u00faltimos d\u00edas la Seremi Vallejos se traslad\u00f3 a diversos sectores de la regi\u00f3n para conocer de primera fuente las necesidades en materia de ciencia, tecnolog\u00eda e innovaci\u00f3n, y buscar \u00e1reas comunes para potenciar el desarrollo de los territorios.<\/span><\/p>\n<p class=\"v1MsoNormal\" style=\"text-align: justify;\"><span lang=\"es\">La primera parada fue en Puerto R\u00edo Tranquilo donde, junto al delegado presidencial provincial de General Carrera, Crist\u00f3bal Barcel\u00f3, visit\u00f3 la Escuela Gabriela Mistral que se caracteriza por tener un fuerte componente cient\u00edfico en su proyecto educativo y que, adem\u00e1s, en sus instalaciones alberga el esqueleto de la ballena Sei \u00abInara\u00bb, iniciativa ejecutada por la Fundaci\u00f3n Ays\u00e9n Mira al Mar en colaboraci\u00f3n con los y las estudiantes, y financiada por Ciencia P\u00fablica del MinCiencia.<\/span><\/p>\n<p class=\"v1MsoNormal\" style=\"text-align: justify;\"><span lang=\"es\">Durante la visita, que fue guiada por la directora del establecimiento, M\u00f3nica Arellano, las autoridades tuvieron la oportunidad de interactuar con algunos de los alumnos y las alumnas, quienes contaron su experiencia investigando y experimentando para limpiar y preservar los restos del cet\u00e1ceo, que ya es parte de la comunidad. \u00a0<\/span><\/p>\n<p class=\"v1MsoNormal\" style=\"text-align: justify;\"><span lang=\"es\">\u00abEs muy interesante ver c\u00f3mo la comunidad educativa se uni\u00f3 para poder traer los restos de esta ballena. Fue un trabajo colaborativo intenso, donde no s\u00f3lo particip\u00f3 la escuela, sino que todos los habitantes de la comuna se involucraron para poder sacar adelante este proyecto cient\u00edfico\u00bb, recalc\u00f3 la seremi, quien tambi\u00e9n hizo entrega de un set de libros publicados por Ciencia P\u00fablica, los que estar\u00e1n disponibles en la biblioteca del establecimiento, y se puso a disposici\u00f3n para que, a trav\u00e9s de actividades cient\u00edficas conjuntas, se siga incentivando la curiosidad de los y las j\u00f3venes.<\/span><\/p>\n<p class=\"v1MsoNormal\" style=\"text-align: justify;\"><span lang=\"es\">Continuando con su despliegue, las autoridades se trasladaron hacia Puerto Guadal, donde se encuentra el Huerto Cuatro Estaciones, lugar que utiliza el m\u00e9todo de cultivo biointensivo, sin agroqu\u00edmicos, con \u00e9nfasis en el mantenimiento de un suelo vivo y de la regeneraci\u00f3n.<\/span><\/p>\n<p class=\"v1MsoNormal\" style=\"text-align: justify;\"><span lang=\"es\">Sus fundadores, Francisco Vio y Mar\u00eda Jes\u00fas May, explicaron que uno de sus objetivos es demostrar que la agricultura org\u00e1nica es posible, por lo que adem\u00e1s de ofrecer alimentos sin pesticidas y siguiendo lo natural, ofrecen asesor\u00edas, consultor\u00edas personalizadas y cursos online, para quienes quieran seguir sus pasos. \u00abSiempre es motivante ver a j\u00f3venes emprendedores que tienen esta visi\u00f3n m\u00e1s sustentable y amigable con el medio ambiente. Les felicito ya que con mucho esfuerzo, dedicaci\u00f3n, ciencia e innovaci\u00f3n entregan hortalizas frescas a la comunidad siendo cuidadosos con el entorno\u00bb, indic\u00f3 Vallejos.<\/span><\/p>\n<p class=\"v1MsoNormal\" style=\"text-align: justify;\"><span lang=\"es\">Es importante destacar que el equipo del huerto trabaja junto al Comit\u00e9 de Recolectoras Las Collallas en la ejecuci\u00f3n del proyecto de Ciencia P\u00fablica \u00ab(Re)Conociendo Nuestros Habitantes: Saberes locales y cient\u00edficos sobre la Flora Nativa de Puerto Ingeniero Ib\u00e1\u00f1ez\u00bb, que busca visibilizar el trabajo de las recolectoras y entregar los conocimientos que han adquirido a lo largo de su vida en relaci\u00f3n al uso de las plantas.<\/span><\/p>\n<p class=\"v1MsoNormal\" style=\"text-align: justify;\"><b><span lang=\"es\">Conversatorio con la comunidad<\/span><\/b><\/p>\n<p class=\"v1MsoNormal\" style=\"text-align: justify;\"><span lang=\"es\">En la capital de la provincia de Capit\u00e1n Prat, Cochrane, y junto a su delegada presidencial provincial, Marta Montiel, la seremi de Ciencia particip\u00f3 de un conversatorio donde asistieron autoridades locales, representantes del mundo civil y estudiantes de ense\u00f1anza media y b\u00e1sica, quienes se interiorizaron sobre el quehacer del ministerio y plantearon dudas e inquietudes respecto al desarrollo cient\u00edfico local, de las instituciones generadoras de conocimiento regionales y de los diferentes instrumentos de postulaci\u00f3n existentes.<\/span><\/p>\n<p class=\"v1MsoNormal\" style=\"text-align: justify;\"><span lang=\"es\">\u00a0<\/span><span lang=\"es\">\u00abSomos un ministerio nuevo y tener este tipo de encuentros es muy importante, ya que nos permite explicarle a la comunidad nuestro trabajo. Tambi\u00e9n son una oportunidad para contarles que la ciencia no es algo lejano, que est\u00e1 presente en sus vidas cada d\u00eda y que, a trav\u00e9s del conocimiento y la tecnolog\u00eda, se pueden resolver problemas que afectan el lugar donde habitan. Dejamos la puerta abierta para que nos contacten y veamos en qu\u00e9 les podemos colaborar\u00bb, enfatiz\u00f3 la autoridad macrozonal.<\/span><\/p>\n<p class=\"v1MsoNormal\" style=\"text-align: justify;\"><b><span lang=\"es\">Pasareleando por Tortel<\/span><\/b><\/p>\n<p class=\"v1MsoNormal\" style=\"text-align: justify;\"><span lang=\"es\">Caleta Tortel fue la \u00faltima localidad visitada. All\u00ed se reuni\u00f3 con el alcalde Abel Becerra para conocer las necesidades de la zona y buscar l\u00edneas comunes que permitan colaborar en el desarrollo de la comuna a trav\u00e9s de la ciencia, la tecnolog\u00eda, el conocimiento y la innovaci\u00f3n.<\/span><\/p>\n<p class=\"v1MsoNormal\" style=\"text-align: justify;\"><span lang=\"es\">\u00abQueremos acercarnos a los territorios, descentralizar y prestar nuestro apoyo para que puedan dar soluciones a sus problemas a trav\u00e9s de la ciencia. Adem\u00e1s, le hicimos entrega de algunos de los libros publicados gracias a los fondos de Ciencia P\u00fablica, los que pasar\u00e1n a formar parte del cat\u00e1logo de la Biblioteca Municipal y de la escuela de la comuna\u00bb, explic\u00f3 la seremi.<\/span><\/p>\n<p class=\"v1MsoNormal\" style=\"text-align: justify;\"><span lang=\"es\">Por \u00faltimo, visit\u00f3 el COPAS Coastal, donde Mitzy Acevedo y Rodrigo Mansilla -representantes del centro de investigaci\u00f3n- entregaron detalles sobre las diversas \u00e1reas de investigaci\u00f3n que est\u00e1n desarrollando y el trabajo que durante a\u00f1os han realizado junto a los habitantes del sector. Adem\u00e1s, presentaron un adelanto de lo que ser\u00e1 el proyecto \u00abPasareleando entre ciencia y cultura en Caleta Tortel\u00bb, cuyo objetivo es que la comunidad se sumerja en el mundo de la ciencia como aporte al conocimiento de su h\u00e1bitat.<\/span><\/p>\n<\/div><\/section><\/div><div  style='height:50px' class='hr hr-invisible   avia-builder-el-6  el_after_av_one_full  el_before_av_social_share '><span class='hr-inner ' ><span class='hr-inner-style'><\/span><\/span><\/div><\/p>\n<div  class='av-social-sharing-box  avia-builder-el-7  el_after_av_hr  el_before_av_hr  '><div class='av-share-box'><h5 class='av-share-link-description av-no-toc '>Compartir esta noticia<\/h5><ul class='av-share-box-list noLightbox'><li class='av-share-link av-social-link-facebook' ><a target=\"_blank\" aria-label=\"Compartir en Facebook\" href='https:\/\/www.facebook.com\/sharer.php?u=https:\/\/radiorevelacionfm.cl\/?p=29658&#038;t=En%20despliegue%20territorial%20en%20Ays%C3%A9n%3A%20Seremi%20de%20Ciencia%20visit%C3%B3%20diversas%20comunas%20de%20la%20regi%C3%B3n%20con%20miras%20a%20crear%20redes%20de%20colaboraci%C3%B3n' aria-hidden='false' data-av_icon='\ue8f3' data-av_iconfont='entypo-fontello' title='' data-avia-related-tooltip='Compartir en Facebook' rel=\"noopener\"><span class='avia_hidden_link_text'>Compartir en Facebook<\/span><\/a><\/li><li class='av-share-link av-social-link-twitter' ><a target=\"_blank\" aria-label=\"Compartir en Twitter\" href='https:\/\/twitter.com\/share?text=En%20despliegue%20territorial%20en%20Ays%C3%A9n%3A%20Seremi%20de%20Ciencia%20visit%C3%B3%20diversas%20comunas%20de%20la%20regi%C3%B3n%20con%20miras%20a%20crear%20redes%20de%20colaboraci%C3%B3n&#038;url=https:\/\/radiorevelacionfm.cl\/?p=29658' aria-hidden='false' data-av_icon='\ue8f1' data-av_iconfont='entypo-fontello' title='' data-avia-related-tooltip='Compartir en Twitter' rel=\"noopener\"><span class='avia_hidden_link_text'>Compartir en Twitter<\/span><\/a><\/li><li class='av-share-link av-social-link-whatsapp' ><a target=\"_blank\" aria-label=\"Compartir en Whatsapp\" href='https:\/\/api.whatsapp.com\/send?text=https:\/\/radiorevelacionfm.cl\/?p=29658' aria-hidden='false' data-av_icon='\uf232' data-av_iconfont='entypo-fontello' title='' data-avia-related-tooltip='Compartir en Whatsapp' rel=\"noopener\"><span class='avia_hidden_link_text'>Compartir en Whatsapp<\/span><\/a><\/li><li class='av-share-link av-social-link-linkedin' ><a target=\"_blank\" aria-label=\"Compartir en LinkedIn\" href='https:\/\/linkedin.com\/shareArticle?mini=true&#038;title=En%20despliegue%20territorial%20en%20Ays%C3%A9n%3A%20Seremi%20de%20Ciencia%20visit%C3%B3%20diversas%20comunas%20de%20la%20regi%C3%B3n%20con%20miras%20a%20crear%20redes%20de%20colaboraci%C3%B3n&#038;url=https:\/\/radiorevelacionfm.cl\/?p=29658' aria-hidden='false' data-av_icon='\ue8fc' data-av_iconfont='entypo-fontello' title='' data-avia-related-tooltip='Compartir en LinkedIn' rel=\"noopener\"><span class='avia_hidden_link_text'>Compartir en LinkedIn<\/span><\/a><\/li><li class='av-share-link av-social-link-mail' ><a  aria-label=\"Compartir por correo\" href='mailto:?subject=En%20despliegue%20territorial%20en%20Ays%C3%A9n%3A%20Seremi%20de%20Ciencia%20visit%C3%B3%20diversas%20comunas%20de%20la%20regi%C3%B3n%20con%20miras%20a%20crear%20redes%20de%20colaboraci%C3%B3n&#038;body=https:\/\/radiorevelacionfm.cl\/?p=29658' aria-hidden='false' data-av_icon='\ue805' data-av_iconfont='entypo-fontello' title='' data-avia-related-tooltip='Compartir por correo'><span class='avia_hidden_link_text'>Compartir por correo<\/span><\/a><\/li><\/ul><\/div><\/div>\n<div  style='height:50px' class='hr hr-invisible   avia-builder-el-8  el_after_av_social_share  el_before_av_comments_list '><span class='hr-inner ' ><span class='hr-inner-style'><\/span><\/span><\/div>\n<div  class='av-buildercomment  av-blog-meta-html-info-disabled av-blog-meta-tag-disabled  '><\/div>\n","protected":false},"excerpt":{"rendered":"","protected":false},"author":1,"featured_media":29659,"comment_status":"open","ping_status":"open","sticky":false,"template":"","format":"standard","meta":{"footnotes":""},"categories":[53],"tags":[],"class_list":["post-29658","post","type-post","status-publish","format-standard","has-post-thumbnail","hentry","category-ciencia"],"jetpack_featured_media_url":"https:\/\/radiorevelacionfm.cl\/wp-content\/uploads\/2023\/04\/aysen4-1-1_optimized-1_optimized-1.jpg","_links":{"self":[{"href":"https:\/\/radiorevelacionfm.cl\/index.php?rest_route=\/wp\/v2\/posts\/29658","targetHints":{"allow":["GET"]}}],"collection":[{"href":"https:\/\/radiorevelacionfm.cl\/index.php?rest_route=\/wp\/v2\/posts"}],"about":[{"href":"https:\/\/radiorevelacionfm.cl\/index.php?rest_route=\/wp\/v2\/types\/post"}],"author":[{"embeddable":true,"href":"https:\/\/radiorevelacionfm.cl\/index.php?rest_route=\/wp\/v2\/users\/1"}],"replies":[{"embeddable":true,"href":"https:\/\/radiorevelacionfm.cl\/index.php?rest_route=%2Fwp%2Fv2%2Fcomments&post=29658"}],"version-history":[{"count":1,"href":"https:\/\/radiorevelacionfm.cl\/index.php?rest_route=\/wp\/v2\/posts\/29658\/revisions"}],"predecessor-version":[{"id":29660,"href":"https:\/\/radiorevelacionfm.cl\/index.php?rest_route=\/wp\/v2\/posts\/29658\/revisions\/29660"}],"wp:featuredmedia":[{"embeddable":true,"href":"https:\/\/radiorevelacionfm.cl\/index.php?rest_route=\/wp\/v2\/media\/29659"}],"wp:attachment":[{"href":"https:\/\/radiorevelacionfm.cl\/index.php?rest_route=%2Fwp%2Fv2%2Fmedia&parent=29658"}],"wp:term":[{"taxonomy":"category","embeddable":true,"href":"https:\/\/radiorevelacionfm.cl\/index.php?rest_route=%2Fwp%2Fv2%2Fcategories&post=29658"},{"taxonomy":"post_tag","embeddable":true,"href":"https:\/\/radiorevelacionfm.cl\/index.php?rest_route=%2Fwp%2Fv2%2Ftags&post=29658"}],"curies":[{"name":"wp","href":"https:\/\/api.w.org\/{rel}","templated":true}]}}