{"id":29655,"date":"2023-04-04T10:15:41","date_gmt":"2023-04-04T13:15:41","guid":{"rendered":"https:\/\/radiorevelacionfm.cl\/?p=29655"},"modified":"2023-04-04T10:15:41","modified_gmt":"2023-04-04T13:15:41","slug":"estudio-analiza-tres-ocupaciones-de-alta-demanda-y-escasez-de-postulantes-en-nuestra-region","status":"publish","type":"post","link":"https:\/\/radiorevelacionfm.cl\/?p=29655","title":{"rendered":"Estudio analiza tres ocupaciones de alta demanda y escasez de postulantes en nuestra regi\u00f3n"},"content":{"rendered":"<div class=\"flex_column av_one_full  flex_column_div av-zero-column-padding first  avia-builder-el-0  el_before_av_one_full  avia-builder-el-first  \" style='border-radius:0px; '><div  class='avia-image-container  av-styling-    avia-builder-el-1  avia-builder-el-no-sibling  avia-align-center '  itemprop=\"image\" itemscope=\"itemscope\" itemtype=\"https:\/\/schema.org\/ImageObject\"  ><div class='avia-image-container-inner'><div class='avia-image-overlay-wrap'><img decoding=\"async\" class='wp-image-29656 avia-img-lazy-loading-not-29656 avia_image' src=\"https:\/\/radiorevelacionfm.cl\/wp-content\/uploads\/2023\/04\/profundizacion-1-1_optimized-1.jpg\" alt='' title='profundizacion-(1)-(1)_optimized (1)' height=\"600\" width=\"1287\"  itemprop=\"thumbnailUrl\" srcset=\"https:\/\/radiorevelacionfm.cl\/wp-content\/uploads\/2023\/04\/profundizacion-1-1_optimized-1.jpg 1287w, https:\/\/radiorevelacionfm.cl\/wp-content\/uploads\/2023\/04\/profundizacion-1-1_optimized-1-300x140.jpg 300w, https:\/\/radiorevelacionfm.cl\/wp-content\/uploads\/2023\/04\/profundizacion-1-1_optimized-1-1030x480.jpg 1030w, https:\/\/radiorevelacionfm.cl\/wp-content\/uploads\/2023\/04\/profundizacion-1-1_optimized-1-768x358.jpg 768w, https:\/\/radiorevelacionfm.cl\/wp-content\/uploads\/2023\/04\/profundizacion-1-1_optimized-1-705x329.jpg 705w, https:\/\/radiorevelacionfm.cl\/wp-content\/uploads\/2023\/04\/profundizacion-1-1_optimized-1-450x210.jpg 450w, https:\/\/radiorevelacionfm.cl\/wp-content\/uploads\/2023\/04\/profundizacion-1-1_optimized-1-600x280.jpg 600w\" sizes=\"(max-width: 1287px) 100vw, 1287px\" \/><\/div><\/div><\/div><\/div><div class=\"flex_column av_one_full  flex_column_div av-zero-column-padding first  avia-builder-el-2  el_after_av_one_full  el_before_av_one_full  column-top-margin\" style='border-radius:0px; '><section class=\"av_textblock_section \"  itemscope=\"itemscope\" itemtype=\"https:\/\/schema.org\/BlogPosting\" itemprop=\"blogPost\" ><div class='avia_textblock  '   itemprop=\"text\" ><p style=\"text-align: center;\"><strong><span style=\"font-size: 18pt;\">Estudio analiza tres ocupaciones de alta demanda y escasez de postulantes en nuestra regi\u00f3n <\/span><\/strong><\/p>\n<div id=\"gtx-trans\" style=\"position: absolute; left: -50px; top: 4.31534px;\">\n<div class=\"gtx-trans-icon\"><\/div>\n<\/div>\n<\/div><\/section><\/div><div class=\"flex_column av_one_full  flex_column_div av-zero-column-padding first  avia-builder-el-4  el_after_av_one_full  el_before_av_hr  column-top-margin\" style='border-radius:0px; '><section class=\"av_textblock_section \"  itemscope=\"itemscope\" itemtype=\"https:\/\/schema.org\/BlogPosting\" itemprop=\"blogPost\" ><div class='avia_textblock  '   itemprop=\"text\" ><p style=\"text-align: justify;\">Luego del an\u00e1lisis de datos por parte del Observatorio Laboral de Sence Ays\u00e9n, se concluy\u00f3 que los resultados de este estudio, nutrir\u00e1n con informaci\u00f3n espec\u00edfica y necesaria sobre habilidades y competencias laborales a la Direcci\u00f3n Regional de SENCE en el proceso de definici\u00f3n de la compra de cursos en las l\u00edneas de programa sociales, capacitaci\u00f3n y certificaci\u00f3n. De esta manera, el Observatorio Regional de Sence Ays\u00e9n, es un actor clave en la actualizaci\u00f3n de planes de formaci\u00f3n y perfiles laborales.<\/p>\n<p style=\"text-align: justify;\">Sobre este reporte de ocupaciones, el seremi del Trabajo y Previsi\u00f3n Social, Rodrigo D\u00edaz, afirm\u00f3 que \u201cAgradecemos este tipo de estudios con pertinencia local, ya que nos entregan datos concretos que como Ministerio de Trabajo y Previsi\u00f3n Social nos permiten profundizar la vinculaci\u00f3n con otros actores relevantes de la regi\u00f3n, para capacitar y cruzar la demanda laboral con las ofertas existentes, por ejemplo, con la C\u00e1mara Chilena de la Construcci\u00f3n, con quienes ya tenemos un estrecho trabajo\u201d, sostuvo.<\/p>\n<p style=\"text-align: justify;\">Complementando lo anterior, el director (s) SENCE Ays\u00e9n, Andro Valdenegro dijo que \u201cSin duda que es tremendo aporte contar siempre con estos datos en materia de empleos y sobre todo cuando podemos medir las brechas que hoy d\u00eda como regi\u00f3n tenemos respecto al acceso al mercado laboral, en ese sentido el Observatorio sigue contribuyendo y realizando un gran trabajo, lo que nos permite como SENCE poder definir y planificar en funci\u00f3n de estos antecedentes nuestra parrilla program\u00e1tica con una mayor pertinencia regional sobre todo en este rubro que hoy d\u00eda est\u00e1 generando, o va a generar, un mayor dinamismo en el mercado laboral local\u201d.<\/p>\n<p style=\"text-align: justify;\"><strong>Ocupaciones profundizadas en la regi\u00f3n de Ays\u00e9n<\/strong><\/p>\n<p style=\"text-align: justify;\">Como se ha mencionado anteriormente, son tres las ocupaciones analizadas, partiendo por Laboratorista Vial, evidenciando una alta demanda de trabajadores y escasa oferta por la centralizaci\u00f3n de la certificaci\u00f3n desde el Laboratorio Nacional de Vialidad. Se contin\u00faa con las y los Guardias de Seguridad, ocupaci\u00f3n con una alta demanda en la Bolsa Nacional de Empleo entre los a\u00f1os 2021 y 2022. En tanto el an\u00e1lisis a la ocupaci\u00f3n de Carpinteros de Obras, arroja que el aprendizaje autodidacta del oficio predomina en la trayectoria de los y las trabajadoras, siendo relevante adaptarse al uso de nuevas herramientas y materiales.<\/p>\n<p style=\"text-align: justify;\">Al respecto, Marcio Villouta, director del Observatorio Laboral de Sence Ays\u00e9n, explic\u00f3 \u201cDe acuerdo con las entrevistas que pudimos levantar desde el Observatorio Laboral de Ays\u00e9n, constatamos algunas \u00e1reas con dificultades de contrataci\u00f3n. Por una parte, encontramos la escasez de postulantes de carpinteros de obra; y, por otra parte, dificultades de contrataci\u00f3n de guardias de seguridad. Respecto a los laboratoristas viales se evidenci\u00f3 una alta demanda en ENADEL 2019 y posteriormente en la asistencia t\u00e9cnica del a\u00f1o 2019, pero mayormente esta ocupaci\u00f3n presenta dificultades por la centralizaci\u00f3n de la certificaci\u00f3n que depende del Laboratorio Nacional de Vialidad.<\/p>\n<p style=\"text-align: justify;\">Para leer y descargar este reporte pincha <a href=\"https:\/\/observatorionacional.cl\/publicaciones\/2945\">aqu\u00ed<\/a><\/p>\n<p style=\"text-align: justify;\">Este documento y otros estudios del Observatorio Laboral Ays\u00e9n se encuentran disponibles en la p\u00e1gina web: <a href=\"https:\/\/observatorionacional.cl\">https:\/\/observatorionacional.cl<\/a><\/p>\n<\/div><\/section><\/div><div  style='height:50px' class='hr hr-invisible   avia-builder-el-6  el_after_av_one_full  el_before_av_social_share '><span class='hr-inner ' ><span class='hr-inner-style'><\/span><\/span><\/div><\/p>\n<div  class='av-social-sharing-box  avia-builder-el-7  el_after_av_hr  el_before_av_hr  '><div class='av-share-box'><h5 class='av-share-link-description av-no-toc '>Compartir esta noticia<\/h5><ul class='av-share-box-list noLightbox'><li class='av-share-link av-social-link-facebook' ><a target=\"_blank\" aria-label=\"Compartir en Facebook\" href='https:\/\/www.facebook.com\/sharer.php?u=https:\/\/radiorevelacionfm.cl\/?p=29655&#038;t=Estudio%20analiza%20tres%20ocupaciones%20de%20alta%20demanda%20y%20escasez%20de%20postulantes%20en%20nuestra%20regi%C3%B3n' aria-hidden='false' data-av_icon='\ue8f3' data-av_iconfont='entypo-fontello' title='' data-avia-related-tooltip='Compartir en Facebook' rel=\"noopener\"><span class='avia_hidden_link_text'>Compartir en Facebook<\/span><\/a><\/li><li class='av-share-link av-social-link-twitter' ><a target=\"_blank\" aria-label=\"Compartir en Twitter\" href='https:\/\/twitter.com\/share?text=Estudio%20analiza%20tres%20ocupaciones%20de%20alta%20demanda%20y%20escasez%20de%20postulantes%20en%20nuestra%20regi%C3%B3n&#038;url=https:\/\/radiorevelacionfm.cl\/?p=29655' aria-hidden='false' data-av_icon='\ue8f1' data-av_iconfont='entypo-fontello' title='' data-avia-related-tooltip='Compartir en Twitter' rel=\"noopener\"><span class='avia_hidden_link_text'>Compartir en Twitter<\/span><\/a><\/li><li class='av-share-link av-social-link-whatsapp' ><a target=\"_blank\" aria-label=\"Compartir en Whatsapp\" href='https:\/\/api.whatsapp.com\/send?text=https:\/\/radiorevelacionfm.cl\/?p=29655' aria-hidden='false' data-av_icon='\uf232' data-av_iconfont='entypo-fontello' title='' data-avia-related-tooltip='Compartir en Whatsapp' rel=\"noopener\"><span class='avia_hidden_link_text'>Compartir en Whatsapp<\/span><\/a><\/li><li class='av-share-link av-social-link-linkedin' ><a target=\"_blank\" aria-label=\"Compartir en LinkedIn\" href='https:\/\/linkedin.com\/shareArticle?mini=true&#038;title=Estudio%20analiza%20tres%20ocupaciones%20de%20alta%20demanda%20y%20escasez%20de%20postulantes%20en%20nuestra%20regi%C3%B3n&#038;url=https:\/\/radiorevelacionfm.cl\/?p=29655' aria-hidden='false' data-av_icon='\ue8fc' data-av_iconfont='entypo-fontello' title='' data-avia-related-tooltip='Compartir en LinkedIn' rel=\"noopener\"><span class='avia_hidden_link_text'>Compartir en LinkedIn<\/span><\/a><\/li><li class='av-share-link av-social-link-mail' ><a  aria-label=\"Compartir por correo\" href='mailto:?subject=Estudio%20analiza%20tres%20ocupaciones%20de%20alta%20demanda%20y%20escasez%20de%20postulantes%20en%20nuestra%20regi%C3%B3n&#038;body=https:\/\/radiorevelacionfm.cl\/?p=29655' aria-hidden='false' data-av_icon='\ue805' data-av_iconfont='entypo-fontello' title='' data-avia-related-tooltip='Compartir por correo'><span class='avia_hidden_link_text'>Compartir por correo<\/span><\/a><\/li><\/ul><\/div><\/div>\n<div  style='height:50px' class='hr hr-invisible   avia-builder-el-8  el_after_av_social_share  el_before_av_comments_list '><span class='hr-inner ' ><span class='hr-inner-style'><\/span><\/span><\/div>\n<div  class='av-buildercomment  av-blog-meta-html-info-disabled av-blog-meta-tag-disabled  '><\/div>\n","protected":false},"excerpt":{"rendered":"","protected":false},"author":1,"featured_media":29656,"comment_status":"open","ping_status":"open","sticky":false,"template":"","format":"standard","meta":{"footnotes":""},"categories":[56],"tags":[],"class_list":["post-29655","post","type-post","status-publish","format-standard","has-post-thumbnail","hentry","category-trabajo"],"jetpack_featured_media_url":"https:\/\/radiorevelacionfm.cl\/wp-content\/uploads\/2023\/04\/profundizacion-1-1_optimized-1.jpg","_links":{"self":[{"href":"https:\/\/radiorevelacionfm.cl\/index.php?rest_route=\/wp\/v2\/posts\/29655","targetHints":{"allow":["GET"]}}],"collection":[{"href":"https:\/\/radiorevelacionfm.cl\/index.php?rest_route=\/wp\/v2\/posts"}],"about":[{"href":"https:\/\/radiorevelacionfm.cl\/index.php?rest_route=\/wp\/v2\/types\/post"}],"author":[{"embeddable":true,"href":"https:\/\/radiorevelacionfm.cl\/index.php?rest_route=\/wp\/v2\/users\/1"}],"replies":[{"embeddable":true,"href":"https:\/\/radiorevelacionfm.cl\/index.php?rest_route=%2Fwp%2Fv2%2Fcomments&post=29655"}],"version-history":[{"count":1,"href":"https:\/\/radiorevelacionfm.cl\/index.php?rest_route=\/wp\/v2\/posts\/29655\/revisions"}],"predecessor-version":[{"id":29657,"href":"https:\/\/radiorevelacionfm.cl\/index.php?rest_route=\/wp\/v2\/posts\/29655\/revisions\/29657"}],"wp:featuredmedia":[{"embeddable":true,"href":"https:\/\/radiorevelacionfm.cl\/index.php?rest_route=\/wp\/v2\/media\/29656"}],"wp:attachment":[{"href":"https:\/\/radiorevelacionfm.cl\/index.php?rest_route=%2Fwp%2Fv2%2Fmedia&parent=29655"}],"wp:term":[{"taxonomy":"category","embeddable":true,"href":"https:\/\/radiorevelacionfm.cl\/index.php?rest_route=%2Fwp%2Fv2%2Fcategories&post=29655"},{"taxonomy":"post_tag","embeddable":true,"href":"https:\/\/radiorevelacionfm.cl\/index.php?rest_route=%2Fwp%2Fv2%2Ftags&post=29655"}],"curies":[{"name":"wp","href":"https:\/\/api.w.org\/{rel}","templated":true}]}}