{"id":29651,"date":"2023-04-03T11:08:33","date_gmt":"2023-04-03T14:08:33","guid":{"rendered":"https:\/\/radiorevelacionfm.cl\/?p=29651"},"modified":"2023-04-03T11:11:55","modified_gmt":"2023-04-03T14:11:55","slug":"dos-nuevas-estaciones-se-suman-a-ruta-patrimonial-en-puerto-raul-marin-balmaceda","status":"publish","type":"post","link":"https:\/\/radiorevelacionfm.cl\/?p=29651","title":{"rendered":"Dos nuevas estaciones se suman a Ruta Patrimonial en Puerto Ra\u00fal Mar\u00edn Balmaceda"},"content":{"rendered":"<div class=\"flex_column av_one_full  flex_column_div av-zero-column-padding first  avia-builder-el-0  el_before_av_one_full  avia-builder-el-first  \" style='border-radius:0px; '><div  class='avia-image-container  av-styling-    avia-builder-el-1  avia-builder-el-no-sibling  avia-align-center '  itemprop=\"image\" itemscope=\"itemscope\" itemtype=\"https:\/\/schema.org\/ImageObject\"  ><div class='avia-image-container-inner'><div class='avia-image-overlay-wrap'><img decoding=\"async\" class='wp-image-29652 avia-img-lazy-loading-not-29652 avia_image' src=\"https:\/\/radiorevelacionfm.cl\/wp-content\/uploads\/2023\/04\/3-1-1-1-1_optimized-1.jpg\" alt='' title='3-(1)-(1)-(1)-(1)_optimized (1)' height=\"600\" width=\"1067\"  itemprop=\"thumbnailUrl\" srcset=\"https:\/\/radiorevelacionfm.cl\/wp-content\/uploads\/2023\/04\/3-1-1-1-1_optimized-1.jpg 1067w, https:\/\/radiorevelacionfm.cl\/wp-content\/uploads\/2023\/04\/3-1-1-1-1_optimized-1-300x169.jpg 300w, https:\/\/radiorevelacionfm.cl\/wp-content\/uploads\/2023\/04\/3-1-1-1-1_optimized-1-1030x579.jpg 1030w, https:\/\/radiorevelacionfm.cl\/wp-content\/uploads\/2023\/04\/3-1-1-1-1_optimized-1-768x432.jpg 768w, https:\/\/radiorevelacionfm.cl\/wp-content\/uploads\/2023\/04\/3-1-1-1-1_optimized-1-705x396.jpg 705w, https:\/\/radiorevelacionfm.cl\/wp-content\/uploads\/2023\/04\/3-1-1-1-1_optimized-1-450x253.jpg 450w, https:\/\/radiorevelacionfm.cl\/wp-content\/uploads\/2023\/04\/3-1-1-1-1_optimized-1-600x337.jpg 600w\" sizes=\"(max-width: 1067px) 100vw, 1067px\" \/><\/div><\/div><\/div><\/div>\n<div class=\"flex_column av_one_full  flex_column_div av-zero-column-padding first  avia-builder-el-2  el_after_av_one_full  el_before_av_one_full  column-top-margin\" style='border-radius:0px; '><section class=\"av_textblock_section \"  itemscope=\"itemscope\" itemtype=\"https:\/\/schema.org\/BlogPosting\" itemprop=\"blogPost\" ><div class='avia_textblock  '   itemprop=\"text\" ><p style=\"text-align: center;\"><strong><span style=\"font-size: 18pt;\">Dos nuevas estaciones se suman a Ruta Patrimonial en Puerto Ra\u00fal Mar\u00edn Balmaceda<\/span><\/strong><\/p>\n<div id=\"gtx-trans\" style=\"position: absolute; left: -50px; top: 4.31534px;\">\n<div class=\"gtx-trans-icon\"><\/div>\n<\/div>\n<\/div><\/section><\/div>\n<div class=\"flex_column av_one_full  flex_column_div av-zero-column-padding first  avia-builder-el-4  el_after_av_one_full  el_before_av_hr  column-top-margin\" style='border-radius:0px; '><section class=\"av_textblock_section \"  itemscope=\"itemscope\" itemtype=\"https:\/\/schema.org\/BlogPosting\" itemprop=\"blogPost\" ><div class='avia_textblock  '   itemprop=\"text\" ><p style=\"text-align: justify;\">Como continuaci\u00f3n al proceso de rescate y salvaguarda patrimonial que comenz\u00f3 el a\u00f1o 2015 con las investigaciones realizadas por Nathalie Brito, soci\u00f3loga, vecina de la localidad y tambi\u00e9n integrante de la organizaci\u00f3n Mujer Austral, se contin\u00faa el avance de esta ruta que en su segunda etapa participativa integra importantes temas de los procesos socio-productivos m\u00e1s relevantes de la localidad, basados en la Pesca Artesanal y Agricultores.<\/p>\n<p style=\"text-align: justify;\">\u201cEs importante recordar que Ra\u00fal Mar\u00edn Balmaceda, es la localidad m\u00e1s antigua de la regi\u00f3n con 134 a\u00f1os. Pero en las \u00faltimas d\u00e9cadas se ha observado una progresiva p\u00e9rdida de la memoria colectiva que se ha vuelto una amenaza para la consolidaci\u00f3n de la identidad local, traducido en un continuo despoblamiento de la localidad. La Ruta Patrimonial busca revertir esto a trav\u00e9s de un proceso participativo para poner en valor y en distintas plataformas aquellos elementos de valor patrimonial para la comunidad.\u201d<\/p>\n<p style=\"text-align: justify;\">\u201cEn esta segunda etapa hemos realizado una jornada junto a vecinos y visitantes para recopilar material local que ser\u00e1 parte en la construcci\u00f3n de las estaciones. En esta oportunidad se sociabiliz\u00f3 y sensibiliz\u00f3 a la poblaci\u00f3n respecto a la importancia de la salvaguarda del patrimonio y el estado de avance de la ruta y sus dos nuevas estaciones: La estaci\u00f3n Agricultores, en relaci\u00f3n a una de las primeras organizaciones comunitarias dedicada a este oficio y al abastecimiento local de la \u00e9poca, y La estaci\u00f3n Pesca Artesanal, que es parte de los procesos econ\u00f3micos transversales a todas las etapas de asentamiento en el territorio. Se espera que ambas estaciones est\u00e9n operativas a partir de Julio 2023\u201d destaca tambi\u00e9n Nathalie Brito Vergara.<\/p>\n<p style=\"text-align: justify;\">\u201cHa sido s\u00faper significativo como visitante ser parte de esta experiencia, entender cu\u00e1les han sido los procesos hist\u00f3ricos por los que ha pasado esta localidad y el momento en el que se encuentran hoy, fortaleciendo una identidad respetuosa con el medio. Uno no se imagina a veces que estos procesos sociales tan complejos se den en localidades tan peque\u00f1as y aisladas, y lo importante que son para poder mantener activas a las comunidades, as\u00ed que ha sido muy significativo ser parte de eso\u00bb Silvana Seves, visitante de la localidad.<\/p>\n<p style=\"text-align: justify;\">La Ruta Patrimonial cuenta con un seguimiento audiovisual de todo lo que ha sido el proceso de levantamiento de informaci\u00f3n y creaci\u00f3n de las estaciones, agrupados en c\u00e1psulas audiovisuales de corta duraci\u00f3n de uno a dos minutos aproximadamente. Material que se encuentra disponible en \u00a0el canal de Youtube de Mujer Austral<br \/>\n(<a href=\"https:\/\/youtu.be\/4SLhzQ4hLgA\">https:\/\/youtu.be\/4SLhzQ4hLgA<\/a>) o a trav\u00e9s de sus redes sociales (<a href=\"http:\/\/www.instagram.com\/mujer.austral\">www.instagram.com\/mujer.austral<\/a>).<\/p>\n<p style=\"text-align: justify;\">Este Proyecto financiado por el Fondo de Desarrollo Cultural y las Artes, Convocatoria 2022, a cargo de Alejandra Gonz\u00e1lez, ilustradora, gestora cultural e integrante del colectivo Mujer Austral, avanza en su cuarto a\u00f1o de ejecuci\u00f3n.<\/p>\n<\/div><\/section><\/div><div  style='height:50px' class='hr hr-invisible   avia-builder-el-6  el_after_av_one_full  el_before_av_social_share '><span class='hr-inner ' ><span class='hr-inner-style'><\/span><\/span><\/div><\/p>\n<div  class='av-social-sharing-box  avia-builder-el-7  el_after_av_hr  el_before_av_hr  '><div class='av-share-box'><h5 class='av-share-link-description av-no-toc '>Compartir esta noticia<\/h5><ul class='av-share-box-list noLightbox'><li class='av-share-link av-social-link-facebook' ><a target=\"_blank\" aria-label=\"Compartir en Facebook\" href='https:\/\/www.facebook.com\/sharer.php?u=https:\/\/radiorevelacionfm.cl\/?p=29651&#038;t=Dos%20nuevas%20estaciones%20se%20suman%20a%20Ruta%20Patrimonial%20en%20Puerto%20Ra%C3%BAl%20Mar%C3%ADn%20Balmaceda' aria-hidden='false' data-av_icon='\ue8f3' data-av_iconfont='entypo-fontello' title='' data-avia-related-tooltip='Compartir en Facebook' rel=\"noopener\"><span class='avia_hidden_link_text'>Compartir en Facebook<\/span><\/a><\/li><li class='av-share-link av-social-link-twitter' ><a target=\"_blank\" aria-label=\"Compartir en Twitter\" href='https:\/\/twitter.com\/share?text=Dos%20nuevas%20estaciones%20se%20suman%20a%20Ruta%20Patrimonial%20en%20Puerto%20Ra%C3%BAl%20Mar%C3%ADn%20Balmaceda&#038;url=https:\/\/radiorevelacionfm.cl\/?p=29651' aria-hidden='false' data-av_icon='\ue8f1' data-av_iconfont='entypo-fontello' title='' data-avia-related-tooltip='Compartir en Twitter' rel=\"noopener\"><span class='avia_hidden_link_text'>Compartir en Twitter<\/span><\/a><\/li><li class='av-share-link av-social-link-whatsapp' ><a target=\"_blank\" aria-label=\"Compartir en Whatsapp\" href='https:\/\/api.whatsapp.com\/send?text=https:\/\/radiorevelacionfm.cl\/?p=29651' aria-hidden='false' data-av_icon='\uf232' data-av_iconfont='entypo-fontello' title='' data-avia-related-tooltip='Compartir en Whatsapp' rel=\"noopener\"><span class='avia_hidden_link_text'>Compartir en Whatsapp<\/span><\/a><\/li><li class='av-share-link av-social-link-linkedin' ><a target=\"_blank\" aria-label=\"Compartir en LinkedIn\" href='https:\/\/linkedin.com\/shareArticle?mini=true&#038;title=Dos%20nuevas%20estaciones%20se%20suman%20a%20Ruta%20Patrimonial%20en%20Puerto%20Ra%C3%BAl%20Mar%C3%ADn%20Balmaceda&#038;url=https:\/\/radiorevelacionfm.cl\/?p=29651' aria-hidden='false' data-av_icon='\ue8fc' data-av_iconfont='entypo-fontello' title='' data-avia-related-tooltip='Compartir en LinkedIn' rel=\"noopener\"><span class='avia_hidden_link_text'>Compartir en LinkedIn<\/span><\/a><\/li><li class='av-share-link av-social-link-mail' ><a  aria-label=\"Compartir por correo\" href='mailto:?subject=Dos%20nuevas%20estaciones%20se%20suman%20a%20Ruta%20Patrimonial%20en%20Puerto%20Ra%C3%BAl%20Mar%C3%ADn%20Balmaceda&#038;body=https:\/\/radiorevelacionfm.cl\/?p=29651' aria-hidden='false' data-av_icon='\ue805' data-av_iconfont='entypo-fontello' title='' data-avia-related-tooltip='Compartir por correo'><span class='avia_hidden_link_text'>Compartir por correo<\/span><\/a><\/li><\/ul><\/div><\/div>\n<div  style='height:50px' class='hr hr-invisible   avia-builder-el-8  el_after_av_social_share  el_before_av_comments_list '><span class='hr-inner ' ><span class='hr-inner-style'><\/span><\/span><\/div>\n<div  class='av-buildercomment  av-blog-meta-html-info-disabled av-blog-meta-tag-disabled  '><\/div>\n","protected":false},"excerpt":{"rendered":"","protected":false},"author":1,"featured_media":29652,"comment_status":"open","ping_status":"open","sticky":false,"template":"","format":"standard","meta":{"footnotes":""},"categories":[38],"tags":[],"class_list":["post-29651","post","type-post","status-publish","format-standard","has-post-thumbnail","hentry","category-regional"],"jetpack_featured_media_url":"https:\/\/radiorevelacionfm.cl\/wp-content\/uploads\/2023\/04\/3-1-1-1-1_optimized-1.jpg","_links":{"self":[{"href":"https:\/\/radiorevelacionfm.cl\/index.php?rest_route=\/wp\/v2\/posts\/29651","targetHints":{"allow":["GET"]}}],"collection":[{"href":"https:\/\/radiorevelacionfm.cl\/index.php?rest_route=\/wp\/v2\/posts"}],"about":[{"href":"https:\/\/radiorevelacionfm.cl\/index.php?rest_route=\/wp\/v2\/types\/post"}],"author":[{"embeddable":true,"href":"https:\/\/radiorevelacionfm.cl\/index.php?rest_route=\/wp\/v2\/users\/1"}],"replies":[{"embeddable":true,"href":"https:\/\/radiorevelacionfm.cl\/index.php?rest_route=%2Fwp%2Fv2%2Fcomments&post=29651"}],"version-history":[{"count":2,"href":"https:\/\/radiorevelacionfm.cl\/index.php?rest_route=\/wp\/v2\/posts\/29651\/revisions"}],"predecessor-version":[{"id":29654,"href":"https:\/\/radiorevelacionfm.cl\/index.php?rest_route=\/wp\/v2\/posts\/29651\/revisions\/29654"}],"wp:featuredmedia":[{"embeddable":true,"href":"https:\/\/radiorevelacionfm.cl\/index.php?rest_route=\/wp\/v2\/media\/29652"}],"wp:attachment":[{"href":"https:\/\/radiorevelacionfm.cl\/index.php?rest_route=%2Fwp%2Fv2%2Fmedia&parent=29651"}],"wp:term":[{"taxonomy":"category","embeddable":true,"href":"https:\/\/radiorevelacionfm.cl\/index.php?rest_route=%2Fwp%2Fv2%2Fcategories&post=29651"},{"taxonomy":"post_tag","embeddable":true,"href":"https:\/\/radiorevelacionfm.cl\/index.php?rest_route=%2Fwp%2Fv2%2Ftags&post=29651"}],"curies":[{"name":"wp","href":"https:\/\/api.w.org\/{rel}","templated":true}]}}