{"id":2965,"date":"2021-02-25T18:16:02","date_gmt":"2021-02-25T21:16:02","guid":{"rendered":"https:\/\/radiorevelacionfm.cl\/?p=2965"},"modified":"2021-02-25T18:16:02","modified_gmt":"2021-02-25T21:16:02","slug":"subsecretario-de-energia-entrego-el-sello-de-calidad-de-lena-a-beneficiario-de-la-junta-e-hizo-un-llamado-a-ser-parte-de-esta-iniciativa","status":"publish","type":"post","link":"https:\/\/radiorevelacionfm.cl\/?p=2965","title":{"rendered":"Subsecretario de Energ\u00eda entreg\u00f3 el Sello de Calidad de Le\u00f1a a beneficiario de La Junta e hizo un llamado a ser parte de esta iniciativa"},"content":{"rendered":"<div class=\"flex_column av_one_full  flex_column_div av-zero-column-padding first  avia-builder-el-0  el_before_av_one_full  avia-builder-el-first  \" style='border-radius:0px; '><div  class='avia-image-container  av-styling-    avia-builder-el-1  avia-builder-el-no-sibling  avia-align-center '  itemprop=\"image\" itemscope=\"itemscope\" itemtype=\"https:\/\/schema.org\/ImageObject\"  ><div class='avia-image-container-inner'><div class='avia-image-overlay-wrap'><img decoding=\"async\" class='wp-image-0 avia-img-lazy-loading-not-0 avia_image' src=\"https:\/\/radiorevelacionfm.cl\/wp-content\/uploads\/2021\/02\/3-14.jpg\" alt='' title=''   itemprop=\"thumbnailUrl\"  \/><\/div><\/div><\/div><\/div><div class=\"flex_column av_one_full  flex_column_div av-zero-column-padding first  avia-builder-el-2  el_after_av_one_full  el_before_av_one_full  column-top-margin\" style='border-radius:0px; '><section class=\"av_textblock_section \"  itemscope=\"itemscope\" itemtype=\"https:\/\/schema.org\/BlogPosting\" itemprop=\"blogPost\" ><div class='avia_textblock  '   itemprop=\"text\" ><p style=\"text-align: center;\"><span style=\"font-size: 18pt;\"><strong>Subsecretario de Energ\u00eda entreg\u00f3 el Sello de Calidad de Le\u00f1a a beneficiario de La Junta e hizo un llamado a ser parte de esta iniciativa<\/strong><\/span><\/p>\n<div id=\"gtx-trans\" style=\"position: absolute; left: -50px; top: 4.31534px;\">\n<div class=\"gtx-trans-icon\"><\/div>\n<\/div>\n<\/div><\/section><\/div><div class=\"flex_column av_one_full  flex_column_div av-zero-column-padding first  avia-builder-el-4  el_after_av_one_full  el_before_av_hr  column-top-margin\" style='border-radius:0px; '><section class=\"av_textblock_section \"  itemscope=\"itemscope\" itemtype=\"https:\/\/schema.org\/BlogPosting\" itemprop=\"blogPost\" ><div class='avia_textblock  '   itemprop=\"text\" ><p style=\"text-align: justify;\"><em>Durante su segundo d\u00eda visitando la regi\u00f3n, la autoridad nacional comparti\u00f3 con productores del rubro le\u00f1ero y destac\u00f3 la relevancia de contar con una oferta de le\u00f1a seca y de calidad. <\/em><\/p>\n<p style=\"text-align: justify;\">Hasta el 31 de marzo se encuentra abierta la\u00a0 postulaci\u00f3n al Sello de Calidad de Le\u00f1a. Se trata de un reconocimiento gratuito entregado por el Ministerio de Energ\u00eda (MEN), a trav\u00e9s de la Agencia de Sostenibilidad Energ\u00e9tica (AgenciaSE) con el objetivo de destacar a comercializadores cuyo proceso de producci\u00f3n de le\u00f1a les permite generar un producto de calidad entre las regiones de O\u00b4Higgins y\u00a0 Ays\u00e9n.<\/p>\n<p style=\"text-align: justify;\">En este contexto, durante su segunda jornada visitando la regi\u00f3n, el Subsecretario de Energ\u00eda, Francisco L\u00f3pez, se traslad\u00f3 hasta la localidad de La Junta y, en compa\u00f1\u00eda del Seremi de Energ\u00eda de Ays\u00e9n, Juan Luis Amen\u00e1bar, y el Alcalde de la comuna de Cisnes, Francisco Roncagliolo, visit\u00f3 y entreg\u00f3 el galvano de reconocimiento por su destacada labor, a Hern\u00e1n Sotomayor, uno de los 7 beneficiarios del programa en la regi\u00f3n de Ays\u00e9n al d\u00eda de hoy.<\/p>\n<p style=\"text-align: justify;\">\u201cHoy estuvimos con don Hern\u00e1n Sotomayor, quien vive en el camino entre La Junta y Ra\u00fal Mar\u00edn Balmaceda. Le hicimos entrega del \u2018Sello de Calidad de Le\u00f1a\u2019, un reconocimiento que entrega el Ministerio de Energ\u00eda a todos los productores que, en sus procesos, cumplen con ciertos est\u00e1ndares y comercializan le\u00f1a de buena calidad, le\u00f1a seca. Uno de los principales problemas de la contaminaci\u00f3n en la zona centro y sur de nuestro pa\u00eds, est\u00e1 justamente vinculado con la le\u00f1a. Es por eso, que es de suma importancia poder avanzar y que exista una le\u00f1a de mejor calidad y tambi\u00e9n otro tipo de energ\u00e9ticos, que permitan una transici\u00f3n energ\u00e9tica y un consumo de energ\u00edas m\u00e1s limpias y energ\u00edas renovables\u201d, destac\u00f3 el Subsecretario L\u00f3pez.<\/p>\n<p style=\"text-align: justify;\">Destacar que este reconocimiento naci\u00f3 de la experiencia del\u00a0 Sello Le\u00f1a Certificada del Sistema Nacional de Certificaci\u00f3n de Le\u00f1a, como un trabajo conjunto entre servicios p\u00fablicos, para entregar informaci\u00f3n a los consumidores sobre d\u00f3nde adquirir le\u00f1a seca, con un porcentaje de humedad menor al 25%, y preparar al mercado para la futura ley de biocombustibles s\u00f3lidos impulsada por el MEN.<\/p>\n<p style=\"text-align: justify;\">El Seremi de Energ\u00eda de Ays\u00e9n, Juan Luis Amen\u00e1bar, explic\u00f3 que \u201cestamos muy contentos de haber ido a visitar al productor y comercializador de le\u00f1a, don Hern\u00e1n Sotomayor, junto a nuestro Subsecretario de Energ\u00eda y al Alcalde de Cisnes, para entregarle el reconocimiento a su trabajo, el \u2018Sello de Calidad de Le\u00f1a\u2019. Este programa reconoce los buenos oficios del productor de le\u00f1a para que los consumidores puedan ver d\u00f3nde comprar le\u00f1a de calidad. De\u00a0 esta manera, estaremos trabajando para tener energ\u00e9ticos de mejor calidad y poder respirar mejor aire en todo el centro-sur, en todas las ciudades del pa\u00eds.<\/p>\n<p style=\"text-align: justify;\">Por su parte, el beneficiario Hern\u00e1n Sotomayor, expres\u00f3 que \u201cla idea es hacer las cosas bien, entregar le\u00f1a que pase por un proceso de secado, que se tenga el plan de manejo. Gracias al Ministerio de Energ\u00eda hemos podido ir avanzado con infraestructura, nos adjudicamos dos proyectos antes (Le\u00f1a M\u00e1s Seca) y fuimos haciendo los techos, comprando equipamiento, as\u00ed que estoy bien agradecido\u201d.<\/p>\n<p style=\"text-align: justify;\">Actualmente, los le\u00f1eros y le\u00f1eras que tienen este Sello lo utilizan en sus boletas, sacos y letreros, entre otros materiales. Asimismo, cuentan con un certificado que los acredita y destaca en el mercado a trav\u00e9s de las distintas instancias de difusi\u00f3n que genere el MEN y la AgenciaSE.<\/p>\n<p style=\"text-align: justify;\">La convocatoria 2021 tiene 273 cupos disponibles a nivel nacional, distribuidos en 8 regiones del centro sur de Chile. La invitaci\u00f3n est\u00e1 hecha, la postulaci\u00f3n es online y estar\u00e1 abierta hasta el 31 de marzo en <a href=\"http:\/\/www.sellocalidadlena.cl\">www.sellocalidadlena.cl<\/a><\/p>\n<\/div><\/section><\/div><div  style='height:50px' class='hr hr-invisible   avia-builder-el-6  el_after_av_one_full  el_before_av_social_share '><span class='hr-inner ' ><span class='hr-inner-style'><\/span><\/span><\/div><\/p>\n<div  class='av-social-sharing-box  avia-builder-el-7  el_after_av_hr  el_before_av_hr  '><div class='av-share-box'><h5 class='av-share-link-description av-no-toc '>Compartir esta noticia<\/h5><ul class='av-share-box-list noLightbox'><li class='av-share-link av-social-link-facebook' ><a target=\"_blank\" aria-label=\"Compartir en Facebook\" href='https:\/\/www.facebook.com\/sharer.php?u=https:\/\/radiorevelacionfm.cl\/?p=2965&#038;t=Subsecretario%20de%20Energ%C3%ADa%20entreg%C3%B3%20el%20Sello%20de%20Calidad%20de%20Le%C3%B1a%20a%20beneficiario%20de%20La%20Junta%20e%20hizo%20un%20llamado%20a%20ser%20parte%20de%20esta%20iniciativa' aria-hidden='false' data-av_icon='\ue8f3' data-av_iconfont='entypo-fontello' title='' data-avia-related-tooltip='Compartir en Facebook' rel=\"noopener\"><span class='avia_hidden_link_text'>Compartir en Facebook<\/span><\/a><\/li><li class='av-share-link av-social-link-twitter' ><a target=\"_blank\" aria-label=\"Compartir en Twitter\" href='https:\/\/twitter.com\/share?text=Subsecretario%20de%20Energ%C3%ADa%20entreg%C3%B3%20el%20Sello%20de%20Calidad%20de%20Le%C3%B1a%20a%20beneficiario%20de%20La%20Junta%20e%20hizo%20un%20llamado%20a%20ser%20parte%20de%20esta%20iniciativa&#038;url=https:\/\/radiorevelacionfm.cl\/?p=2965' aria-hidden='false' data-av_icon='\ue8f1' data-av_iconfont='entypo-fontello' title='' data-avia-related-tooltip='Compartir en Twitter' rel=\"noopener\"><span class='avia_hidden_link_text'>Compartir en Twitter<\/span><\/a><\/li><li class='av-share-link av-social-link-whatsapp' ><a target=\"_blank\" aria-label=\"Compartir en Whatsapp\" href='https:\/\/api.whatsapp.com\/send?text=https:\/\/radiorevelacionfm.cl\/?p=2965' aria-hidden='false' data-av_icon='\uf232' data-av_iconfont='entypo-fontello' title='' data-avia-related-tooltip='Compartir en Whatsapp' rel=\"noopener\"><span class='avia_hidden_link_text'>Compartir en Whatsapp<\/span><\/a><\/li><li class='av-share-link av-social-link-linkedin' ><a target=\"_blank\" aria-label=\"Compartir en LinkedIn\" href='https:\/\/linkedin.com\/shareArticle?mini=true&#038;title=Subsecretario%20de%20Energ%C3%ADa%20entreg%C3%B3%20el%20Sello%20de%20Calidad%20de%20Le%C3%B1a%20a%20beneficiario%20de%20La%20Junta%20e%20hizo%20un%20llamado%20a%20ser%20parte%20de%20esta%20iniciativa&#038;url=https:\/\/radiorevelacionfm.cl\/?p=2965' aria-hidden='false' data-av_icon='\ue8fc' data-av_iconfont='entypo-fontello' title='' data-avia-related-tooltip='Compartir en LinkedIn' rel=\"noopener\"><span class='avia_hidden_link_text'>Compartir en LinkedIn<\/span><\/a><\/li><li class='av-share-link av-social-link-mail' ><a  aria-label=\"Compartir por correo\" href='mailto:?subject=Subsecretario%20de%20Energ%C3%ADa%20entreg%C3%B3%20el%20Sello%20de%20Calidad%20de%20Le%C3%B1a%20a%20beneficiario%20de%20La%20Junta%20e%20hizo%20un%20llamado%20a%20ser%20parte%20de%20esta%20iniciativa&#038;body=https:\/\/radiorevelacionfm.cl\/?p=2965' aria-hidden='false' data-av_icon='\ue805' data-av_iconfont='entypo-fontello' title='' data-avia-related-tooltip='Compartir por correo'><span class='avia_hidden_link_text'>Compartir por correo<\/span><\/a><\/li><\/ul><\/div><\/div>\n<div  style='height:50px' class='hr hr-invisible   avia-builder-el-8  el_after_av_social_share  el_before_av_comments_list '><span class='hr-inner ' ><span class='hr-inner-style'><\/span><\/span><\/div>\n<div  class='av-buildercomment  av-blog-meta-html-info-disabled av-blog-meta-tag-disabled  '><\/div>\n","protected":false},"excerpt":{"rendered":"","protected":false},"author":1,"featured_media":0,"comment_status":"open","ping_status":"open","sticky":false,"template":"","format":"standard","meta":{"footnotes":""},"categories":[38],"tags":[],"class_list":["post-2965","post","type-post","status-publish","format-standard","hentry","category-regional"],"jetpack_featured_media_url":"","_links":{"self":[{"href":"https:\/\/radiorevelacionfm.cl\/index.php?rest_route=\/wp\/v2\/posts\/2965","targetHints":{"allow":["GET"]}}],"collection":[{"href":"https:\/\/radiorevelacionfm.cl\/index.php?rest_route=\/wp\/v2\/posts"}],"about":[{"href":"https:\/\/radiorevelacionfm.cl\/index.php?rest_route=\/wp\/v2\/types\/post"}],"author":[{"embeddable":true,"href":"https:\/\/radiorevelacionfm.cl\/index.php?rest_route=\/wp\/v2\/users\/1"}],"replies":[{"embeddable":true,"href":"https:\/\/radiorevelacionfm.cl\/index.php?rest_route=%2Fwp%2Fv2%2Fcomments&post=2965"}],"version-history":[{"count":1,"href":"https:\/\/radiorevelacionfm.cl\/index.php?rest_route=\/wp\/v2\/posts\/2965\/revisions"}],"predecessor-version":[{"id":2968,"href":"https:\/\/radiorevelacionfm.cl\/index.php?rest_route=\/wp\/v2\/posts\/2965\/revisions\/2968"}],"wp:attachment":[{"href":"https:\/\/radiorevelacionfm.cl\/index.php?rest_route=%2Fwp%2Fv2%2Fmedia&parent=2965"}],"wp:term":[{"taxonomy":"category","embeddable":true,"href":"https:\/\/radiorevelacionfm.cl\/index.php?rest_route=%2Fwp%2Fv2%2Fcategories&post=2965"},{"taxonomy":"post_tag","embeddable":true,"href":"https:\/\/radiorevelacionfm.cl\/index.php?rest_route=%2Fwp%2Fv2%2Ftags&post=2965"}],"curies":[{"name":"wp","href":"https:\/\/api.w.org\/{rel}","templated":true}]}}