{"id":29648,"date":"2023-04-03T12:28:41","date_gmt":"2023-04-03T15:28:41","guid":{"rendered":"https:\/\/radiorevelacionfm.cl\/?p=29648"},"modified":"2023-04-03T12:46:36","modified_gmt":"2023-04-03T15:46:36","slug":"representantes-de-la-unidad-de-implementacion-y-gestion-de-la-oferta-para-ninos-ninas-y-adolescentes-visitaron-la-region","status":"publish","type":"post","link":"https:\/\/radiorevelacionfm.cl\/?p=29648","title":{"rendered":"Representantes de la unidad de implementaci\u00f3n y gesti\u00f3n de la oferta para ni\u00f1os, ni\u00f1as y adolescentes visitaron la regi\u00f3n"},"content":{"rendered":"<div class=\"flex_column av_one_full  flex_column_div av-zero-column-padding first  avia-builder-el-0  el_before_av_one_full  avia-builder-el-first  \" style='border-radius:0px; '><div  class='avia-image-container  av-styling-    avia-builder-el-1  avia-builder-el-no-sibling  avia-align-center '  itemprop=\"image\" itemscope=\"itemscope\" itemtype=\"https:\/\/schema.org\/ImageObject\"  ><div class='avia-image-container-inner'><div class='avia-image-overlay-wrap'><img decoding=\"async\" class='wp-image-29649 avia-img-lazy-loading-not-29649 avia_image' src=\"https:\/\/radiorevelacionfm.cl\/wp-content\/uploads\/2023\/04\/PROFESIONALES-DEL-NIVEL-CENTRAL-DE-MEJOR-NINEZ-1-1.jpg\" alt='' title='PROFESIONALES DEL NIVEL CENTRAL DE MEJOR NI\u00d1EZ (1) (1)' height=\"600\" width=\"983\"  itemprop=\"thumbnailUrl\" srcset=\"https:\/\/radiorevelacionfm.cl\/wp-content\/uploads\/2023\/04\/PROFESIONALES-DEL-NIVEL-CENTRAL-DE-MEJOR-NINEZ-1-1.jpg 983w, https:\/\/radiorevelacionfm.cl\/wp-content\/uploads\/2023\/04\/PROFESIONALES-DEL-NIVEL-CENTRAL-DE-MEJOR-NINEZ-1-1-300x183.jpg 300w, https:\/\/radiorevelacionfm.cl\/wp-content\/uploads\/2023\/04\/PROFESIONALES-DEL-NIVEL-CENTRAL-DE-MEJOR-NINEZ-1-1-768x469.jpg 768w, https:\/\/radiorevelacionfm.cl\/wp-content\/uploads\/2023\/04\/PROFESIONALES-DEL-NIVEL-CENTRAL-DE-MEJOR-NINEZ-1-1-705x430.jpg 705w, https:\/\/radiorevelacionfm.cl\/wp-content\/uploads\/2023\/04\/PROFESIONALES-DEL-NIVEL-CENTRAL-DE-MEJOR-NINEZ-1-1-450x275.jpg 450w, https:\/\/radiorevelacionfm.cl\/wp-content\/uploads\/2023\/04\/PROFESIONALES-DEL-NIVEL-CENTRAL-DE-MEJOR-NINEZ-1-1-600x366.jpg 600w\" sizes=\"(max-width: 983px) 100vw, 983px\" \/><\/div><\/div><\/div><\/div>\n<div class=\"flex_column av_one_full  flex_column_div av-zero-column-padding first  avia-builder-el-2  el_after_av_one_full  el_before_av_one_full  column-top-margin\" style='border-radius:0px; '><section class=\"av_textblock_section \"  itemscope=\"itemscope\" itemtype=\"https:\/\/schema.org\/BlogPosting\" itemprop=\"blogPost\" ><div class='avia_textblock  '   itemprop=\"text\" ><p style=\"text-align: center;\"><span style=\"font-size: 18pt;\"><b>Representantes de la unidad de implementaci\u00f3n y gesti\u00f3n de la oferta para ni\u00f1os, ni\u00f1as y adolescentes visitaron la regi\u00f3n<\/b><\/span><\/p>\n<div id=\"gtx-trans\" style=\"position: absolute; left: -50px; top: 4.31534px;\">\n<div class=\"gtx-trans-icon\"><\/div>\n<\/div>\n<\/div><\/section><\/div><div class=\"flex_column av_one_full  flex_column_div av-zero-column-padding first  avia-builder-el-4  el_after_av_one_full  el_before_av_hr  column-top-margin\" style='border-radius:0px; '><section class=\"av_textblock_section \"  itemscope=\"itemscope\" itemtype=\"https:\/\/schema.org\/BlogPosting\" itemprop=\"blogPost\" ><div class='avia_textblock  '   itemprop=\"text\" ><p style=\"text-align: justify;\">Una serie de reuniones de trabajo sostuvieron en nuestra regi\u00f3n las profesionales Ximena Garay y Karina Antinao, pertenecientes a la Unidad de Implementaci\u00f3n y Gesti\u00f3n de la Oferta del nivel central del Servicio Nacional de Protecci\u00f3n Especializada.<\/p>\n<p style=\"text-align: justify;\">Esta acci\u00f3n permite que las representantes del nivel central puedan conocer en terreno los principales nudos cr\u00edticos, particularidades y requerimientos desde el propio territorio, especialmente ligado a la implementaci\u00f3n de la oferta en la regi\u00f3n de Ays\u00e9n y que son implementadas por los organismos colaboradores acreditados que ejecutan los proyectos en las diversas comunas de nuestra regi\u00f3n.<\/p>\n<p style=\"text-align: justify;\">En este contexto la analista territorial de la unidad de implementaci\u00f3n de la oferta Karina Antinao se\u00f1al\u00f3 que \u201c venimos a la regi\u00f3n de Ays\u00e9n para realizar un acompa\u00f1amiento a los equipos t\u00e9cnicos de la direcci\u00f3n regional del SPE (Servicio de Protecci\u00f3n Especializada) y por supuesto al analista de implementaci\u00f3n y gesti\u00f3n de la oferta regional, para conocer de primera fuente las principales inquietudes, problem\u00e1ticas que son particulares de este territorio que tiene comunas y localidades apartadas y que deben ser miradas en profundidad. Es muy importante para nosotros pertenecientes a una instituci\u00f3n especializada tener una correcta mirada de c\u00f3mo se est\u00e1n implementando los diversos proyectos (que constituyen la oferta) que se ejecutan por medio de los organismos colaboradores en la regi\u00f3n de Ays\u00e9n y as\u00ed entregar un servicio de calidad a los ni\u00f1os y adolescentes que lo requieren\u201d.<\/p>\n<p style=\"text-align: justify;\">Por su parte el director regional del Servicio Nacional de Protecci\u00f3n Especializada a la Ni\u00f1ez y Adolescencia Sergio Becerra se\u00f1al\u00f3 que \u201cen la regi\u00f3n seguimos trabajando para fortalecer los equipos de profesionales, especialmente los que trabajan en el departamento de servicios y prestaciones de nuestra direcci\u00f3n regional ya que ellos son el coraz\u00f3n t\u00e9cnico de la instituci\u00f3n y que gestionan las directrices, supervisan y llevan a cabo las orientaciones t\u00e9cnicas que se ejecutan sobre la base de las cinco principales l\u00edneas de acci\u00f3n institucional que son diagn\u00f3stico cl\u00ednico especializado, intervenciones ambulatorias de reparaci\u00f3n, cuidado alternativo, fortalecimiento y vinculaci\u00f3n y finalmente adopci\u00f3n\u201d.<\/p>\n<p style=\"text-align: justify;\">Consignar que las acciones que ejecuta en la regi\u00f3n la unidad de implementaci\u00f3n y gesti\u00f3n de la oferta tambi\u00e9n tiene un componente de coordinaci\u00f3n intersectorial con el resto de servicios p\u00fablicos que pertenecen a la red de protecci\u00f3n de ni\u00f1os, ni\u00f1as y adolescentes que se encuentran vulnerados en sus derechos y que como tal se convierten en sujetos preferenciales de las pol\u00edticas p\u00fablicas, seg\u00fan el marco normativo de la ley 21.430.<\/p>\n<\/div><\/section><\/div><\/p>\n<div  style='height:50px' class='hr hr-invisible   avia-builder-el-6  el_after_av_one_full  el_before_av_social_share '><span class='hr-inner ' ><span class='hr-inner-style'><\/span><\/span><\/div>\n<div  class='av-social-sharing-box  avia-builder-el-7  el_after_av_hr  el_before_av_hr  '><div class='av-share-box'><h5 class='av-share-link-description av-no-toc '>Compartir esta noticia<\/h5><ul class='av-share-box-list noLightbox'><li class='av-share-link av-social-link-facebook' ><a target=\"_blank\" aria-label=\"Compartir en Facebook\" href='https:\/\/www.facebook.com\/sharer.php?u=https:\/\/radiorevelacionfm.cl\/?p=29648&#038;t=Representantes%20de%20la%20unidad%20de%20implementaci%C3%B3n%20y%20gesti%C3%B3n%20de%20la%20oferta%20para%20ni%C3%B1os%2C%20ni%C3%B1as%20y%20adolescentes%20visitaron%20la%20regi%C3%B3n' aria-hidden='false' data-av_icon='\ue8f3' data-av_iconfont='entypo-fontello' title='' data-avia-related-tooltip='Compartir en Facebook' rel=\"noopener\"><span class='avia_hidden_link_text'>Compartir en Facebook<\/span><\/a><\/li><li class='av-share-link av-social-link-twitter' ><a target=\"_blank\" aria-label=\"Compartir en Twitter\" href='https:\/\/twitter.com\/share?text=Representantes%20de%20la%20unidad%20de%20implementaci%C3%B3n%20y%20gesti%C3%B3n%20de%20la%20oferta%20para%20ni%C3%B1os%2C%20ni%C3%B1as%20y%20adolescentes%20visitaron%20la%20regi%C3%B3n&#038;url=https:\/\/radiorevelacionfm.cl\/?p=29648' aria-hidden='false' data-av_icon='\ue8f1' data-av_iconfont='entypo-fontello' title='' data-avia-related-tooltip='Compartir en Twitter' rel=\"noopener\"><span class='avia_hidden_link_text'>Compartir en Twitter<\/span><\/a><\/li><li class='av-share-link av-social-link-whatsapp' ><a target=\"_blank\" aria-label=\"Compartir en Whatsapp\" href='https:\/\/api.whatsapp.com\/send?text=https:\/\/radiorevelacionfm.cl\/?p=29648' aria-hidden='false' data-av_icon='\uf232' data-av_iconfont='entypo-fontello' title='' data-avia-related-tooltip='Compartir en Whatsapp' rel=\"noopener\"><span class='avia_hidden_link_text'>Compartir en Whatsapp<\/span><\/a><\/li><li class='av-share-link av-social-link-linkedin' ><a target=\"_blank\" aria-label=\"Compartir en LinkedIn\" href='https:\/\/linkedin.com\/shareArticle?mini=true&#038;title=Representantes%20de%20la%20unidad%20de%20implementaci%C3%B3n%20y%20gesti%C3%B3n%20de%20la%20oferta%20para%20ni%C3%B1os%2C%20ni%C3%B1as%20y%20adolescentes%20visitaron%20la%20regi%C3%B3n&#038;url=https:\/\/radiorevelacionfm.cl\/?p=29648' aria-hidden='false' data-av_icon='\ue8fc' data-av_iconfont='entypo-fontello' title='' data-avia-related-tooltip='Compartir en LinkedIn' rel=\"noopener\"><span class='avia_hidden_link_text'>Compartir en LinkedIn<\/span><\/a><\/li><li class='av-share-link av-social-link-mail' ><a  aria-label=\"Compartir por correo\" href='mailto:?subject=Representantes%20de%20la%20unidad%20de%20implementaci%C3%B3n%20y%20gesti%C3%B3n%20de%20la%20oferta%20para%20ni%C3%B1os%2C%20ni%C3%B1as%20y%20adolescentes%20visitaron%20la%20regi%C3%B3n&#038;body=https:\/\/radiorevelacionfm.cl\/?p=29648' aria-hidden='false' data-av_icon='\ue805' data-av_iconfont='entypo-fontello' title='' data-avia-related-tooltip='Compartir por correo'><span class='avia_hidden_link_text'>Compartir por correo<\/span><\/a><\/li><\/ul><\/div><\/div>\n<div  style='height:50px' class='hr hr-invisible   avia-builder-el-8  el_after_av_social_share  el_before_av_comments_list '><span class='hr-inner ' ><span class='hr-inner-style'><\/span><\/span><\/div>\n<div  class='av-buildercomment  av-blog-meta-html-info-disabled av-blog-meta-tag-disabled  '><\/div>\n","protected":false},"excerpt":{"rendered":"","protected":false},"author":1,"featured_media":29649,"comment_status":"open","ping_status":"open","sticky":false,"template":"","format":"standard","meta":{"footnotes":""},"categories":[38],"tags":[],"class_list":["post-29648","post","type-post","status-publish","format-standard","has-post-thumbnail","hentry","category-regional"],"jetpack_featured_media_url":"https:\/\/radiorevelacionfm.cl\/wp-content\/uploads\/2023\/04\/PROFESIONALES-DEL-NIVEL-CENTRAL-DE-MEJOR-NINEZ-1-1.jpg","_links":{"self":[{"href":"https:\/\/radiorevelacionfm.cl\/index.php?rest_route=\/wp\/v2\/posts\/29648","targetHints":{"allow":["GET"]}}],"collection":[{"href":"https:\/\/radiorevelacionfm.cl\/index.php?rest_route=\/wp\/v2\/posts"}],"about":[{"href":"https:\/\/radiorevelacionfm.cl\/index.php?rest_route=\/wp\/v2\/types\/post"}],"author":[{"embeddable":true,"href":"https:\/\/radiorevelacionfm.cl\/index.php?rest_route=\/wp\/v2\/users\/1"}],"replies":[{"embeddable":true,"href":"https:\/\/radiorevelacionfm.cl\/index.php?rest_route=%2Fwp%2Fv2%2Fcomments&post=29648"}],"version-history":[{"count":2,"href":"https:\/\/radiorevelacionfm.cl\/index.php?rest_route=\/wp\/v2\/posts\/29648\/revisions"}],"predecessor-version":[{"id":29661,"href":"https:\/\/radiorevelacionfm.cl\/index.php?rest_route=\/wp\/v2\/posts\/29648\/revisions\/29661"}],"wp:featuredmedia":[{"embeddable":true,"href":"https:\/\/radiorevelacionfm.cl\/index.php?rest_route=\/wp\/v2\/media\/29649"}],"wp:attachment":[{"href":"https:\/\/radiorevelacionfm.cl\/index.php?rest_route=%2Fwp%2Fv2%2Fmedia&parent=29648"}],"wp:term":[{"taxonomy":"category","embeddable":true,"href":"https:\/\/radiorevelacionfm.cl\/index.php?rest_route=%2Fwp%2Fv2%2Fcategories&post=29648"},{"taxonomy":"post_tag","embeddable":true,"href":"https:\/\/radiorevelacionfm.cl\/index.php?rest_route=%2Fwp%2Fv2%2Ftags&post=29648"}],"curies":[{"name":"wp","href":"https:\/\/api.w.org\/{rel}","templated":true}]}}