{"id":29645,"date":"2023-04-03T10:03:09","date_gmt":"2023-04-03T13:03:09","guid":{"rendered":"https:\/\/radiorevelacionfm.cl\/?p=29645"},"modified":"2023-04-03T10:03:09","modified_gmt":"2023-04-03T13:03:09","slug":"hoy-3-de-abril-parte-el-pago-del-subsidio-de-calefaccion-en-la-region-de-aysen","status":"publish","type":"post","link":"https:\/\/radiorevelacionfm.cl\/?p=29645","title":{"rendered":"Hoy 3 de abril parte el pago del subsidio de calefacci\u00f3n en la regi\u00f3n de Ays\u00e9n"},"content":{"rendered":"<div class=\"flex_column av_one_full  flex_column_div av-zero-column-padding first  avia-builder-el-0  el_before_av_one_full  avia-builder-el-first  \" style='border-radius:0px; '><div  class='avia-image-container  av-styling-    avia-builder-el-1  avia-builder-el-no-sibling  avia-align-center '  itemprop=\"image\" itemscope=\"itemscope\" itemtype=\"https:\/\/schema.org\/ImageObject\"  ><div class='avia-image-container-inner'><div class='avia-image-overlay-wrap'><img decoding=\"async\" class='wp-image-29646 avia-img-lazy-loading-not-29646 avia_image' src=\"https:\/\/radiorevelacionfm.cl\/wp-content\/uploads\/2023\/04\/Subsidio-Calefaccion1-1-1.jpg\" alt='' title='Subsidio Calefaccion1 (1) (1)' height=\"600\" width=\"1067\"  itemprop=\"thumbnailUrl\" srcset=\"https:\/\/radiorevelacionfm.cl\/wp-content\/uploads\/2023\/04\/Subsidio-Calefaccion1-1-1.jpg 1067w, https:\/\/radiorevelacionfm.cl\/wp-content\/uploads\/2023\/04\/Subsidio-Calefaccion1-1-1-300x169.jpg 300w, https:\/\/radiorevelacionfm.cl\/wp-content\/uploads\/2023\/04\/Subsidio-Calefaccion1-1-1-1030x579.jpg 1030w, https:\/\/radiorevelacionfm.cl\/wp-content\/uploads\/2023\/04\/Subsidio-Calefaccion1-1-1-768x432.jpg 768w, https:\/\/radiorevelacionfm.cl\/wp-content\/uploads\/2023\/04\/Subsidio-Calefaccion1-1-1-705x396.jpg 705w, https:\/\/radiorevelacionfm.cl\/wp-content\/uploads\/2023\/04\/Subsidio-Calefaccion1-1-1-450x253.jpg 450w, https:\/\/radiorevelacionfm.cl\/wp-content\/uploads\/2023\/04\/Subsidio-Calefaccion1-1-1-600x337.jpg 600w\" sizes=\"(max-width: 1067px) 100vw, 1067px\" \/><\/div><\/div><\/div><\/div><div class=\"flex_column av_one_full  flex_column_div av-zero-column-padding first  avia-builder-el-2  el_after_av_one_full  el_before_av_one_full  column-top-margin\" style='border-radius:0px; '><section class=\"av_textblock_section \"  itemscope=\"itemscope\" itemtype=\"https:\/\/schema.org\/BlogPosting\" itemprop=\"blogPost\" ><div class='avia_textblock  '   itemprop=\"text\" ><p style=\"text-align: center;\"><span style=\"font-size: 18pt;\"><strong>Hoy 3 de abril parte el pago del subsidio de calefacci\u00f3n en la regi\u00f3n de Ays\u00e9n<\/strong><\/span><\/p>\n<div id=\"gtx-trans\" style=\"position: absolute; left: -50px; top: 4.31534px;\">\n<div class=\"gtx-trans-icon\"><\/div>\n<\/div>\n<\/div><\/section><\/div><div class=\"flex_column av_one_full  flex_column_div av-zero-column-padding first  avia-builder-el-4  el_after_av_one_full  el_before_av_hr  column-top-margin\" style='border-radius:0px; '><section class=\"av_textblock_section \"  itemscope=\"itemscope\" itemtype=\"https:\/\/schema.org\/BlogPosting\" itemprop=\"blogPost\" ><div class='avia_textblock  '   itemprop=\"text\" ><p style=\"text-align: justify;\"><em>El pago tendr\u00e1 dos modalidades: de manera autom\u00e1tica a trav\u00e9s de transferencia a las Cuenta RUT de los beneficiarios y presencial en cualquier sucursal del Banco Estado a lo largo del pa\u00eds. <\/em><\/p>\n<p style=\"text-align: justify;\">Con un presupuesto que supera los $3 mil 400 millones y 34.230 hogares beneficiados parte el pago del Subsidio de Calefacci\u00f3n en la Regi\u00f3n de Ays\u00e9n este 2023 y s\u00f3lo dentro de las primeras 24 horas ser\u00e1n depositados m\u00e1s de 31 mil de ellos, algo as\u00ed como el 91%, mientras que el 9% restante de los subsidios, 3.171, ser\u00e1n pagados en las sucursales Banco Estado en fechas diferidas desde el 3 al 12 de abril seg\u00fan las iniciales del apellido, esto con el objetivo de disminuir aglomeraciones, no obstante los recursos quedan activos para ser cobrados durante los pr\u00f3ximos 6 meses.<\/p>\n<p style=\"text-align: justify;\">Karina Acevedo Auad, Seremi de Desarrollo Social y Familia en la Regi\u00f3n de Ays\u00e9n, enfatiz\u00f3 que a contar de hoy lunes 3 de abril se ha iniciado el proceso de transferencia monetaria directamente a las Cuentas RUT de los beneficiarios del Subsidio de Calefacci\u00f3n. \u201cEste subsidio que tiene como beneficiarios a los hogares que se encuentran hasta el 80% en el Registro Social de Hogares, considera un sistema de prelaci\u00f3n relacionado a la vulnerabilidad de cada hogar. El pago de realiza de manera autom\u00e1tica a las Cuentas RUT sin embargo si el beneficiario no cuenta con ella se considera tambi\u00e9n la modalidad presencial en distintas fechas seg\u00fan orden alfab\u00e9tico. Conocemos nuestro territorio, nuestra realidad y nuestro clima, por eso como Gobierno hicimos todos los esfuerzos para poder tener en este inicio de oto\u00f1o el pago de este subsidio tan importante para la gente de la Regi\u00f3n de Ays\u00e9n\u201d.<\/p>\n<p style=\"text-align: justify;\">Seg\u00fan explic\u00f3 la autoridad regional, la selecci\u00f3n de los hogares beneficiarios se efect\u00faa en orden de prelaci\u00f3n y est\u00e1 sujeto a la disponibilidad presupuestaria, priorizando a los grupos m\u00e1s vulnerables que tengan caracter\u00edsticas como: participantes del Subsistema Seguridades y Oportunidades; familias del programa Sistema Nacional de Apoyos y Cuidados; hogares que en su composici\u00f3n cuenten con al menos una persona en situaci\u00f3n de dependencia moderada o severa;\u00a0 que cuenten con alg\u00fan ni\u00f1o, ni\u00f1a o adolescente, con al menos una persona de la tercera edad o con mujeres como jefas de hogar.<\/p>\n<p style=\"text-align: justify;\">Para efectos de tener mayores antecedentes al respecto del subsidio, Karina Acevedo Auad, Seremi de Desarrollo Social y Familia invit\u00f3 a la comunidad a visitar la p\u00e1gina web <a href=\"https:\/\/subsidiocalefaccion.gob.cl\/\">https:\/\/subsidiocalefaccion.gob.cl\/<\/a> donde los ciudadanos podr\u00e1n consultar con su nombre y RUN si son beneficiarios del subsidio y el mecanismo mediante el cual se realizar\u00e1 el pago, recordando que en esta versi\u00f3n 2023, el pago presencial se realizar\u00e1 en fechas diferencias seg\u00fan la letra de inicio del apellido.<\/p>\n<p style=\"text-align: justify;\">Finalmente, cabe destacar que durante el a\u00f1o 2022 se identificaron 572 beneficiarios que se les concedi\u00f3 el subsidio el a\u00f1o 2022 y que no lo cobraron, para lo cual se utilizar\u00e1 este 2023\u00a0 el servicio Call Center que tiene el Ministerio de Desarrollo Social y Familia para contactarlos e informarles respecto a su calidad de beneficiario.<\/p>\n<p><strong>Fechas pago presencial Banco Estado <\/strong><\/p>\n<table width=\"217\">\n<tbody>\n<tr>\n<td width=\"106\"><strong>Fechas<\/strong><\/td>\n<td width=\"112\"><strong>Letras <\/strong><\/td>\n<\/tr>\n<tr>\n<td width=\"106\">03-04-2023<\/td>\n<td width=\"112\">A-B<\/td>\n<\/tr>\n<tr>\n<td width=\"106\">04-04-2023<\/td>\n<td width=\"112\">C-D-E<\/td>\n<\/tr>\n<tr>\n<td width=\"106\">05-04-2023<\/td>\n<td width=\"112\">F-G-H-I-J<\/td>\n<\/tr>\n<tr>\n<td width=\"106\">06-04-2023<\/td>\n<td width=\"112\">K-L-M<\/td>\n<\/tr>\n<tr>\n<td width=\"106\">10-04-2023<\/td>\n<td width=\"112\">N-\u00d1-O-P<\/td>\n<\/tr>\n<tr>\n<td width=\"106\">11-04-2023<\/td>\n<td width=\"112\">Q-R-S<\/td>\n<\/tr>\n<tr>\n<td width=\"106\">12-04-2023<\/td>\n<td width=\"112\">T-U-V-W-Y-Z<\/td>\n<\/tr>\n<\/tbody>\n<\/table>\n<\/div><\/section><\/div><div  style='height:50px' class='hr hr-invisible   avia-builder-el-6  el_after_av_one_full  el_before_av_social_share '><span class='hr-inner ' ><span class='hr-inner-style'><\/span><\/span><\/div><\/p>\n<div  class='av-social-sharing-box  avia-builder-el-7  el_after_av_hr  el_before_av_hr  '><div class='av-share-box'><h5 class='av-share-link-description av-no-toc '>Compartir esta noticia<\/h5><ul class='av-share-box-list noLightbox'><li class='av-share-link av-social-link-facebook' ><a target=\"_blank\" aria-label=\"Compartir en Facebook\" href='https:\/\/www.facebook.com\/sharer.php?u=https:\/\/radiorevelacionfm.cl\/?p=29645&#038;t=Hoy%203%20de%20abril%20parte%20el%20pago%20del%20subsidio%20de%20calefacci%C3%B3n%20en%20la%20regi%C3%B3n%20de%20Ays%C3%A9n' aria-hidden='false' data-av_icon='\ue8f3' data-av_iconfont='entypo-fontello' title='' data-avia-related-tooltip='Compartir en Facebook' rel=\"noopener\"><span class='avia_hidden_link_text'>Compartir en Facebook<\/span><\/a><\/li><li class='av-share-link av-social-link-twitter' ><a target=\"_blank\" aria-label=\"Compartir en Twitter\" href='https:\/\/twitter.com\/share?text=Hoy%203%20de%20abril%20parte%20el%20pago%20del%20subsidio%20de%20calefacci%C3%B3n%20en%20la%20regi%C3%B3n%20de%20Ays%C3%A9n&#038;url=https:\/\/radiorevelacionfm.cl\/?p=29645' aria-hidden='false' data-av_icon='\ue8f1' data-av_iconfont='entypo-fontello' title='' data-avia-related-tooltip='Compartir en Twitter' rel=\"noopener\"><span class='avia_hidden_link_text'>Compartir en Twitter<\/span><\/a><\/li><li class='av-share-link av-social-link-whatsapp' ><a target=\"_blank\" aria-label=\"Compartir en Whatsapp\" href='https:\/\/api.whatsapp.com\/send?text=https:\/\/radiorevelacionfm.cl\/?p=29645' aria-hidden='false' data-av_icon='\uf232' data-av_iconfont='entypo-fontello' title='' data-avia-related-tooltip='Compartir en Whatsapp' rel=\"noopener\"><span class='avia_hidden_link_text'>Compartir en Whatsapp<\/span><\/a><\/li><li class='av-share-link av-social-link-linkedin' ><a target=\"_blank\" aria-label=\"Compartir en LinkedIn\" href='https:\/\/linkedin.com\/shareArticle?mini=true&#038;title=Hoy%203%20de%20abril%20parte%20el%20pago%20del%20subsidio%20de%20calefacci%C3%B3n%20en%20la%20regi%C3%B3n%20de%20Ays%C3%A9n&#038;url=https:\/\/radiorevelacionfm.cl\/?p=29645' aria-hidden='false' data-av_icon='\ue8fc' data-av_iconfont='entypo-fontello' title='' data-avia-related-tooltip='Compartir en LinkedIn' rel=\"noopener\"><span class='avia_hidden_link_text'>Compartir en LinkedIn<\/span><\/a><\/li><li class='av-share-link av-social-link-mail' ><a  aria-label=\"Compartir por correo\" href='mailto:?subject=Hoy%203%20de%20abril%20parte%20el%20pago%20del%20subsidio%20de%20calefacci%C3%B3n%20en%20la%20regi%C3%B3n%20de%20Ays%C3%A9n&#038;body=https:\/\/radiorevelacionfm.cl\/?p=29645' aria-hidden='false' data-av_icon='\ue805' data-av_iconfont='entypo-fontello' title='' data-avia-related-tooltip='Compartir por correo'><span class='avia_hidden_link_text'>Compartir por correo<\/span><\/a><\/li><\/ul><\/div><\/div>\n<div  style='height:50px' class='hr hr-invisible   avia-builder-el-8  el_after_av_social_share  el_before_av_comments_list '><span class='hr-inner ' ><span class='hr-inner-style'><\/span><\/span><\/div>\n<div  class='av-buildercomment  av-blog-meta-html-info-disabled av-blog-meta-tag-disabled  '><\/div>\n","protected":false},"excerpt":{"rendered":"","protected":false},"author":1,"featured_media":29646,"comment_status":"open","ping_status":"open","sticky":false,"template":"","format":"standard","meta":{"footnotes":""},"categories":[38],"tags":[],"class_list":["post-29645","post","type-post","status-publish","format-standard","has-post-thumbnail","hentry","category-regional"],"jetpack_featured_media_url":"https:\/\/radiorevelacionfm.cl\/wp-content\/uploads\/2023\/04\/Subsidio-Calefaccion1-1-1.jpg","_links":{"self":[{"href":"https:\/\/radiorevelacionfm.cl\/index.php?rest_route=\/wp\/v2\/posts\/29645","targetHints":{"allow":["GET"]}}],"collection":[{"href":"https:\/\/radiorevelacionfm.cl\/index.php?rest_route=\/wp\/v2\/posts"}],"about":[{"href":"https:\/\/radiorevelacionfm.cl\/index.php?rest_route=\/wp\/v2\/types\/post"}],"author":[{"embeddable":true,"href":"https:\/\/radiorevelacionfm.cl\/index.php?rest_route=\/wp\/v2\/users\/1"}],"replies":[{"embeddable":true,"href":"https:\/\/radiorevelacionfm.cl\/index.php?rest_route=%2Fwp%2Fv2%2Fcomments&post=29645"}],"version-history":[{"count":1,"href":"https:\/\/radiorevelacionfm.cl\/index.php?rest_route=\/wp\/v2\/posts\/29645\/revisions"}],"predecessor-version":[{"id":29647,"href":"https:\/\/radiorevelacionfm.cl\/index.php?rest_route=\/wp\/v2\/posts\/29645\/revisions\/29647"}],"wp:featuredmedia":[{"embeddable":true,"href":"https:\/\/radiorevelacionfm.cl\/index.php?rest_route=\/wp\/v2\/media\/29646"}],"wp:attachment":[{"href":"https:\/\/radiorevelacionfm.cl\/index.php?rest_route=%2Fwp%2Fv2%2Fmedia&parent=29645"}],"wp:term":[{"taxonomy":"category","embeddable":true,"href":"https:\/\/radiorevelacionfm.cl\/index.php?rest_route=%2Fwp%2Fv2%2Fcategories&post=29645"},{"taxonomy":"post_tag","embeddable":true,"href":"https:\/\/radiorevelacionfm.cl\/index.php?rest_route=%2Fwp%2Fv2%2Ftags&post=29645"}],"curies":[{"name":"wp","href":"https:\/\/api.w.org\/{rel}","templated":true}]}}