{"id":29641,"date":"2023-04-03T10:25:38","date_gmt":"2023-04-03T13:25:38","guid":{"rendered":"https:\/\/radiorevelacionfm.cl\/?p=29641"},"modified":"2023-04-03T10:25:38","modified_gmt":"2023-04-03T13:25:38","slug":"valoran-pruebas-de-sistema-de-alerta-de-emergencia-sae-realizadas-en-comuna-de-lago-verde","status":"publish","type":"post","link":"https:\/\/radiorevelacionfm.cl\/?p=29641","title":{"rendered":"Valoran pruebas de Sistema de Alerta de Emergencia SAE realizadas en comuna de Lago Verde"},"content":{"rendered":"<div class=\"flex_column av_one_full  flex_column_div av-zero-column-padding first  avia-builder-el-0  el_before_av_one_full  avia-builder-el-first  \" style='border-radius:0px; '><div  class='avia-image-container  av-styling-    avia-builder-el-1  avia-builder-el-no-sibling  avia-align-center '  itemprop=\"image\" itemscope=\"itemscope\" itemtype=\"https:\/\/schema.org\/ImageObject\"  ><div class='avia-image-container-inner'><div class='avia-image-overlay-wrap'><img decoding=\"async\" class='wp-image-29642 avia-img-lazy-loading-not-29642 avia_image' src=\"https:\/\/radiorevelacionfm.cl\/wp-content\/uploads\/2023\/04\/senapred1-2-1_optimized-1.jpeg\" alt='' title='senapred1-(2)-(1)_optimized (1)' height=\"600\" width=\"973\"  itemprop=\"thumbnailUrl\" srcset=\"https:\/\/radiorevelacionfm.cl\/wp-content\/uploads\/2023\/04\/senapred1-2-1_optimized-1.jpeg 973w, https:\/\/radiorevelacionfm.cl\/wp-content\/uploads\/2023\/04\/senapred1-2-1_optimized-1-300x185.jpeg 300w, https:\/\/radiorevelacionfm.cl\/wp-content\/uploads\/2023\/04\/senapred1-2-1_optimized-1-768x474.jpeg 768w, https:\/\/radiorevelacionfm.cl\/wp-content\/uploads\/2023\/04\/senapred1-2-1_optimized-1-705x435.jpeg 705w, https:\/\/radiorevelacionfm.cl\/wp-content\/uploads\/2023\/04\/senapred1-2-1_optimized-1-450x277.jpeg 450w, https:\/\/radiorevelacionfm.cl\/wp-content\/uploads\/2023\/04\/senapred1-2-1_optimized-1-600x370.jpeg 600w\" sizes=\"(max-width: 973px) 100vw, 973px\" \/><\/div><\/div><\/div><\/div><div class=\"flex_column av_one_full  flex_column_div av-zero-column-padding first  avia-builder-el-2  el_after_av_one_full  el_before_av_one_full  column-top-margin\" style='border-radius:0px; '><section class=\"av_textblock_section \"  itemscope=\"itemscope\" itemtype=\"https:\/\/schema.org\/BlogPosting\" itemprop=\"blogPost\" ><div class='avia_textblock  '   itemprop=\"text\" ><p style=\"text-align: center;\"><strong><span style=\"font-size: 18pt;\">Valoran pruebas de Sistema de Alerta de Emergencia SAE realizadas en comuna de Lago Verde<\/span><\/strong><\/p>\n<div id=\"gtx-trans\" style=\"position: absolute; left: -50px; top: 4.31534px;\">\n<div class=\"gtx-trans-icon\"><\/div>\n<\/div>\n<\/div><\/section><\/div><div class=\"flex_column av_one_full  flex_column_div av-zero-column-padding first  avia-builder-el-4  el_after_av_one_full  el_before_av_hr  column-top-margin\" style='border-radius:0px; '><section class=\"av_textblock_section \"  itemscope=\"itemscope\" itemtype=\"https:\/\/schema.org\/BlogPosting\" itemprop=\"blogPost\" ><div class='avia_textblock  '   itemprop=\"text\" ><p style=\"text-align: justify;\">Recientemente, el director regional de SENAPRED Ays\u00e9n, Sidi Bravo y la Seremi de Gobierno, Tatiana Pl\u00e1, relevaron el Sistema de Alerta de Emergencia (SAE), luego del encuentro del Servicio Nacional de Prevenci\u00f3n y Respuesta ante Desastres (Senapred) con el alcalde de Lago Verde, Nelson Opazo, quienes realizaron una prueba del sistema en Villa La Tapera, comuna de Lago Verde.<\/p>\n<p style=\"text-align: justify;\">La vocera de Gobierno, se\u00f1al\u00f3: \u201cJunto a SENAPRED valoramos positivamente este sistema. En la regi\u00f3n queremos estar preparados para cualquier emergencia, vivimos en un pa\u00eds y en una regi\u00f3n donde la naturaleza frecuentemente nos sorprende, por eso queremos dar tranquilidad a los habitantes, de que en caso de alguna emergencia el Sistema de Alerta de Emergencia (SAE) va a funcionar. Sabemos que los sistemas de cualquier tipo a veces fallan, por eso estamos haciendo las pruebas necesarias como Gobierno, para tener la mayor cantidad de certeza en caso de un desastre o cat\u00e1strofe natural\u201d.<\/p>\n<p style=\"text-align: justify;\">El Sistema de Alerta de Emergencia (SAE) para celulares, permite enviar informaci\u00f3n a los tel\u00e9fonos que cuentan con el sello de compatibilidad. Este mensaje se emite en caso de riesgos de tsunami, sismos de mayor intensidad, erupciones volc\u00e1nicas e incendios forestales con amenaza a viviendas. Dicha alerta masiva, es despachada autom\u00e1ticamente v\u00eda texto a una zona georeferenciada, por lo que no se ve afectada por la congesti\u00f3n de las redes celulares, dado que utiliza otros canales de frecuencia para llegar a los tel\u00e9fonos de forma segura.<\/p>\n<p style=\"text-align: justify;\">El director regional de SENAPRED (ex ONEMI), Sidi Bravo, se\u00f1al\u00f3: \u201cRealizamos la prueba del SAE en la comuna de Lago Verde, con el alcalde Nelson Opazo, donde estuvimos monitoreando la condici\u00f3n del sistema de alerta a celulares en su comuna, en la localidad de La Tapera. Pudimos observar que hubo algunas dificultades en algunos de los tel\u00e9fonos y justamente para eso era la prueba, para saber qu\u00e9 compa\u00f1\u00edas pod\u00edan cubrir satisfactoriamente el servicio y aquellas que no lo hicieron poder informar a nivel central de SENAPRED y SUBTEL y ver las condiciones de mejora de este tipo de aviso de alerta a trav\u00e9s del sistema SAE de telefon\u00eda celular\u201d.<\/p>\n<p style=\"text-align: justify;\">El SAE es una herramienta que le permite a SENAPRED enviar una alerta masiva a trav\u00e9s de texto, audio y vibraci\u00f3n a todos quienes utilicen un equipo celular. Al momento de emitirse el mensaje de alerta ser\u00e1 definido con el t\u00edtulo \u201cAlerta de Emergencia\u201d. Este mensaje cuenta con hasta un m\u00e1ximo de 90 caracteres, incluye la fecha y hora en su encabezado y s\u00f3lo puede ser interrumpido por el usuario. Asimismo, los mensajes que correspondan a SAE deben emitir una se\u00f1al sonora distinta a cualquier notificaci\u00f3n habitual, con vibraci\u00f3n y al m\u00e1ximo nivel audible, la que no puede tener una duraci\u00f3n inferior a tres minutos, salvo que el usuario la interrumpa antes.<\/p>\n<p style=\"text-align: justify;\">Si quieres confirmar que tu dispositivo m\u00f3vil est\u00e1 habilitado para recibir las alertas de SENAPRED (ex Onemi) en casos de emergencia, puedes ingresar con tu IMEI en la p\u00e1gina web habilitada por Subtel o ingresa en: <a href=\"http:\/\/www.sae.gob.cl\/\">http:\/\/www.sae.gob.cl\/<\/a> para m\u00e1s informaci\u00f3n.<\/p>\n<\/div><\/section><\/div><div  style='height:50px' class='hr hr-invisible   avia-builder-el-6  el_after_av_one_full  el_before_av_social_share '><span class='hr-inner ' ><span class='hr-inner-style'><\/span><\/span><\/div><\/p>\n<div  class='av-social-sharing-box  avia-builder-el-7  el_after_av_hr  el_before_av_hr  '><div class='av-share-box'><h5 class='av-share-link-description av-no-toc '>Compartir esta noticia<\/h5><ul class='av-share-box-list noLightbox'><li class='av-share-link av-social-link-facebook' ><a target=\"_blank\" aria-label=\"Compartir en Facebook\" href='https:\/\/www.facebook.com\/sharer.php?u=https:\/\/radiorevelacionfm.cl\/?p=29641&#038;t=Valoran%20pruebas%20de%20Sistema%20de%20Alerta%20de%20Emergencia%20SAE%20realizadas%20en%20comuna%20de%20Lago%20Verde' aria-hidden='false' data-av_icon='\ue8f3' data-av_iconfont='entypo-fontello' title='' data-avia-related-tooltip='Compartir en Facebook' rel=\"noopener\"><span class='avia_hidden_link_text'>Compartir en Facebook<\/span><\/a><\/li><li class='av-share-link av-social-link-twitter' ><a target=\"_blank\" aria-label=\"Compartir en Twitter\" href='https:\/\/twitter.com\/share?text=Valoran%20pruebas%20de%20Sistema%20de%20Alerta%20de%20Emergencia%20SAE%20realizadas%20en%20comuna%20de%20Lago%20Verde&#038;url=https:\/\/radiorevelacionfm.cl\/?p=29641' aria-hidden='false' data-av_icon='\ue8f1' data-av_iconfont='entypo-fontello' title='' data-avia-related-tooltip='Compartir en Twitter' rel=\"noopener\"><span class='avia_hidden_link_text'>Compartir en Twitter<\/span><\/a><\/li><li class='av-share-link av-social-link-whatsapp' ><a target=\"_blank\" aria-label=\"Compartir en Whatsapp\" href='https:\/\/api.whatsapp.com\/send?text=https:\/\/radiorevelacionfm.cl\/?p=29641' aria-hidden='false' data-av_icon='\uf232' data-av_iconfont='entypo-fontello' title='' data-avia-related-tooltip='Compartir en Whatsapp' rel=\"noopener\"><span class='avia_hidden_link_text'>Compartir en Whatsapp<\/span><\/a><\/li><li class='av-share-link av-social-link-linkedin' ><a target=\"_blank\" aria-label=\"Compartir en LinkedIn\" href='https:\/\/linkedin.com\/shareArticle?mini=true&#038;title=Valoran%20pruebas%20de%20Sistema%20de%20Alerta%20de%20Emergencia%20SAE%20realizadas%20en%20comuna%20de%20Lago%20Verde&#038;url=https:\/\/radiorevelacionfm.cl\/?p=29641' aria-hidden='false' data-av_icon='\ue8fc' data-av_iconfont='entypo-fontello' title='' data-avia-related-tooltip='Compartir en LinkedIn' rel=\"noopener\"><span class='avia_hidden_link_text'>Compartir en LinkedIn<\/span><\/a><\/li><li class='av-share-link av-social-link-mail' ><a  aria-label=\"Compartir por correo\" href='mailto:?subject=Valoran%20pruebas%20de%20Sistema%20de%20Alerta%20de%20Emergencia%20SAE%20realizadas%20en%20comuna%20de%20Lago%20Verde&#038;body=https:\/\/radiorevelacionfm.cl\/?p=29641' aria-hidden='false' data-av_icon='\ue805' data-av_iconfont='entypo-fontello' title='' data-avia-related-tooltip='Compartir por correo'><span class='avia_hidden_link_text'>Compartir por correo<\/span><\/a><\/li><\/ul><\/div><\/div>\n<div  style='height:50px' class='hr hr-invisible   avia-builder-el-8  el_after_av_social_share  el_before_av_comments_list '><span class='hr-inner ' ><span class='hr-inner-style'><\/span><\/span><\/div>\n<div  class='av-buildercomment  av-blog-meta-html-info-disabled av-blog-meta-tag-disabled  '><\/div>\n","protected":false},"excerpt":{"rendered":"","protected":false},"author":1,"featured_media":29642,"comment_status":"open","ping_status":"open","sticky":false,"template":"","format":"standard","meta":{"footnotes":""},"categories":[38],"tags":[],"class_list":["post-29641","post","type-post","status-publish","format-standard","has-post-thumbnail","hentry","category-regional"],"jetpack_featured_media_url":"https:\/\/radiorevelacionfm.cl\/wp-content\/uploads\/2023\/04\/senapred1-2-1_optimized-1.jpeg","_links":{"self":[{"href":"https:\/\/radiorevelacionfm.cl\/index.php?rest_route=\/wp\/v2\/posts\/29641","targetHints":{"allow":["GET"]}}],"collection":[{"href":"https:\/\/radiorevelacionfm.cl\/index.php?rest_route=\/wp\/v2\/posts"}],"about":[{"href":"https:\/\/radiorevelacionfm.cl\/index.php?rest_route=\/wp\/v2\/types\/post"}],"author":[{"embeddable":true,"href":"https:\/\/radiorevelacionfm.cl\/index.php?rest_route=\/wp\/v2\/users\/1"}],"replies":[{"embeddable":true,"href":"https:\/\/radiorevelacionfm.cl\/index.php?rest_route=%2Fwp%2Fv2%2Fcomments&post=29641"}],"version-history":[{"count":1,"href":"https:\/\/radiorevelacionfm.cl\/index.php?rest_route=\/wp\/v2\/posts\/29641\/revisions"}],"predecessor-version":[{"id":29643,"href":"https:\/\/radiorevelacionfm.cl\/index.php?rest_route=\/wp\/v2\/posts\/29641\/revisions\/29643"}],"wp:featuredmedia":[{"embeddable":true,"href":"https:\/\/radiorevelacionfm.cl\/index.php?rest_route=\/wp\/v2\/media\/29642"}],"wp:attachment":[{"href":"https:\/\/radiorevelacionfm.cl\/index.php?rest_route=%2Fwp%2Fv2%2Fmedia&parent=29641"}],"wp:term":[{"taxonomy":"category","embeddable":true,"href":"https:\/\/radiorevelacionfm.cl\/index.php?rest_route=%2Fwp%2Fv2%2Fcategories&post=29641"},{"taxonomy":"post_tag","embeddable":true,"href":"https:\/\/radiorevelacionfm.cl\/index.php?rest_route=%2Fwp%2Fv2%2Ftags&post=29641"}],"curies":[{"name":"wp","href":"https:\/\/api.w.org\/{rel}","templated":true}]}}