{"id":29638,"date":"2023-04-02T22:10:15","date_gmt":"2023-04-03T01:10:15","guid":{"rendered":"https:\/\/radiorevelacionfm.cl\/?p=29638"},"modified":"2023-04-02T22:10:15","modified_gmt":"2023-04-03T01:10:15","slug":"presentan-a-nuevo-sub-director-medico-del-servicio-de-salud-aysen","status":"publish","type":"post","link":"https:\/\/radiorevelacionfm.cl\/?p=29638","title":{"rendered":"Presentan a nuevo sub director m\u00e9dico del Servicio de Salud Ays\u00e9n"},"content":{"rendered":"<div class=\"flex_column av_one_full  flex_column_div av-zero-column-padding first  avia-builder-el-0  el_before_av_one_full  avia-builder-el-first  \" style='border-radius:0px; '><div  class='avia-image-container  av-styling-    avia-builder-el-1  avia-builder-el-no-sibling  avia-align-center '  itemprop=\"image\" itemscope=\"itemscope\" itemtype=\"https:\/\/schema.org\/ImageObject\"  ><div class='avia-image-container-inner'><div class='avia-image-overlay-wrap'><img decoding=\"async\" class='wp-image-29639 avia-img-lazy-loading-not-29639 avia_image' src=\"https:\/\/radiorevelacionfm.cl\/wp-content\/uploads\/2023\/04\/PRESENTACION-SUB-DIRECTOR-1-1-1.jpeg\" alt='' title='PRESENTACI\u00d3N SUB DIRECTOR (1) (1) (1)' height=\"600\" width=\"1065\"  itemprop=\"thumbnailUrl\" srcset=\"https:\/\/radiorevelacionfm.cl\/wp-content\/uploads\/2023\/04\/PRESENTACION-SUB-DIRECTOR-1-1-1.jpeg 1065w, https:\/\/radiorevelacionfm.cl\/wp-content\/uploads\/2023\/04\/PRESENTACION-SUB-DIRECTOR-1-1-1-300x169.jpeg 300w, https:\/\/radiorevelacionfm.cl\/wp-content\/uploads\/2023\/04\/PRESENTACION-SUB-DIRECTOR-1-1-1-1030x580.jpeg 1030w, https:\/\/radiorevelacionfm.cl\/wp-content\/uploads\/2023\/04\/PRESENTACION-SUB-DIRECTOR-1-1-1-768x433.jpeg 768w, https:\/\/radiorevelacionfm.cl\/wp-content\/uploads\/2023\/04\/PRESENTACION-SUB-DIRECTOR-1-1-1-705x397.jpeg 705w, https:\/\/radiorevelacionfm.cl\/wp-content\/uploads\/2023\/04\/PRESENTACION-SUB-DIRECTOR-1-1-1-450x254.jpeg 450w, https:\/\/radiorevelacionfm.cl\/wp-content\/uploads\/2023\/04\/PRESENTACION-SUB-DIRECTOR-1-1-1-600x338.jpeg 600w\" sizes=\"(max-width: 1065px) 100vw, 1065px\" \/><\/div><\/div><\/div><\/div>\n<div class=\"flex_column av_one_full  flex_column_div av-zero-column-padding first  avia-builder-el-2  el_after_av_one_full  el_before_av_one_full  column-top-margin\" style='border-radius:0px; '><section class=\"av_textblock_section \"  itemscope=\"itemscope\" itemtype=\"https:\/\/schema.org\/BlogPosting\" itemprop=\"blogPost\" ><div class='avia_textblock  '   itemprop=\"text\" ><p style=\"text-align: center;\"><span style=\"font-size: 18pt;\"><b>Presentan a nuevo sub director m\u00e9dico del Servicio de Salud Ays\u00e9n<\/b><\/span><\/p>\n<div id=\"gtx-trans\" style=\"position: absolute; left: -50px; top: 4.31534px;\">\n<div class=\"gtx-trans-icon\"><\/div>\n<\/div>\n<\/div><\/section><\/div><div class=\"flex_column av_one_full  flex_column_div av-zero-column-padding first  avia-builder-el-4  el_after_av_one_full  el_before_av_hr  column-top-margin\" style='border-radius:0px; '><section class=\"av_textblock_section \"  itemscope=\"itemscope\" itemtype=\"https:\/\/schema.org\/BlogPosting\" itemprop=\"blogPost\" ><div class='avia_textblock  '   itemprop=\"text\" ><p style=\"font-weight: 400; text-align: justify;\">Rodrigo Verdugo Cofr\u00e9 es el nuevo sub director m\u00e9dico del Servicio de Salud Ays\u00e9n. El profesional m\u00e9dico tiene una amplia trayectoria acad\u00e9mica y como cirujano infantil, adem\u00e1s de participar en diversas \u00e1reas desde la administrativa a la acad\u00e9mica. \u201cMe corresponde asumir este cargo con el objetivo de ayudar a complementar la labor que estamos realizando desde el Servicio de Salud, en materia de acceso a prestaciones de salud de la comunidad, mejorar acceso a listas de espera, tanto de especialidad como resoluci\u00f3n quir\u00fargica. Hay muchas cirug\u00edas pendientes por realizar y mejorar la coordinaci\u00f3n con atenci\u00f3n primaria y atenci\u00f3n rural de la regi\u00f3n y al interior del servicio de salud soy un complemento m\u00e1s de los equipos humanos, para entregar una mejor atenci\u00f3n\u201d, se\u00f1al\u00f3 el Dr. Verdugo.<\/p>\n<p style=\"font-weight: 400; text-align: justify;\">En tanto Mauricio Cort\u00e9s, director (S) del Servicio de Salud Ays\u00e9n, agreg\u00f3 que es \u201cmuy satisfactorio este hito del d\u00eda de hoy, era una necesidad la incorporaci\u00f3n del sub director m\u00e9dico, m\u00e1s a\u00fan conociendo toda la trayectoria del Dr. Verdugo y con la presencia del Colegio M\u00e9dico, del sub director m\u00e9dico del hospital regional y el equipo administrativo y tenemos franca expectativa que haremos un excelente trabajo en pro de la salud de la regi\u00f3n\u201d.<\/p>\n<p style=\"font-weight: 400; text-align: justify;\">Por su parte Carmen Gloria Monsalve, Seremi de Salud Ays\u00e9n y en representaci\u00f3n del delegado regional, se\u00f1al\u00f3 que \u201cese trabajo colaborativo permita visibilizar con una visi\u00f3n mucho m\u00e1s amplia el quehacer y las oportunidades de gesti\u00f3n que debe tener nuestro servicio de salud Ays\u00e9n para responder de manera oportuna y asertiva las necesidades que tenemos en este territorio que son muy variadas y diferentes respecto al resto del pa\u00eds\u201d.<\/p>\n<p style=\"font-weight: 400; text-align: justify;\">Por \u00faltimo, Claudio Vallejos, presidente del Colegio M\u00e9dico regi\u00f3n de Ays\u00e9n, precis\u00f3 que \u201cEl Dr. Verdugo es la persona id\u00f3nea para el cargo de sub director m\u00e9dico del servicio lo cual es muy importante, porque la mirada cl\u00ednica, sanitaria desde el punto de vista del profesional m\u00e9dico es muy importante por la gesti\u00f3n de las pol\u00edticas de salud\u201d.<\/p>\n<\/div><\/section><\/div><\/p>\n<div  style='height:50px' class='hr hr-invisible   avia-builder-el-6  el_after_av_one_full  el_before_av_social_share '><span class='hr-inner ' ><span class='hr-inner-style'><\/span><\/span><\/div>\n<div  class='av-social-sharing-box  avia-builder-el-7  el_after_av_hr  el_before_av_hr  '><div class='av-share-box'><h5 class='av-share-link-description av-no-toc '>Compartir esta noticia<\/h5><ul class='av-share-box-list noLightbox'><li class='av-share-link av-social-link-facebook' ><a target=\"_blank\" aria-label=\"Compartir en Facebook\" href='https:\/\/www.facebook.com\/sharer.php?u=https:\/\/radiorevelacionfm.cl\/?p=29638&#038;t=Presentan%20a%20nuevo%20sub%20director%20m%C3%A9dico%20del%20Servicio%20de%20Salud%20Ays%C3%A9n' aria-hidden='false' data-av_icon='\ue8f3' data-av_iconfont='entypo-fontello' title='' data-avia-related-tooltip='Compartir en Facebook' rel=\"noopener\"><span class='avia_hidden_link_text'>Compartir en Facebook<\/span><\/a><\/li><li class='av-share-link av-social-link-twitter' ><a target=\"_blank\" aria-label=\"Compartir en Twitter\" href='https:\/\/twitter.com\/share?text=Presentan%20a%20nuevo%20sub%20director%20m%C3%A9dico%20del%20Servicio%20de%20Salud%20Ays%C3%A9n&#038;url=https:\/\/radiorevelacionfm.cl\/?p=29638' aria-hidden='false' data-av_icon='\ue8f1' data-av_iconfont='entypo-fontello' title='' data-avia-related-tooltip='Compartir en Twitter' rel=\"noopener\"><span class='avia_hidden_link_text'>Compartir en Twitter<\/span><\/a><\/li><li class='av-share-link av-social-link-whatsapp' ><a target=\"_blank\" aria-label=\"Compartir en Whatsapp\" href='https:\/\/api.whatsapp.com\/send?text=https:\/\/radiorevelacionfm.cl\/?p=29638' aria-hidden='false' data-av_icon='\uf232' data-av_iconfont='entypo-fontello' title='' data-avia-related-tooltip='Compartir en Whatsapp' rel=\"noopener\"><span class='avia_hidden_link_text'>Compartir en Whatsapp<\/span><\/a><\/li><li class='av-share-link av-social-link-linkedin' ><a target=\"_blank\" aria-label=\"Compartir en LinkedIn\" href='https:\/\/linkedin.com\/shareArticle?mini=true&#038;title=Presentan%20a%20nuevo%20sub%20director%20m%C3%A9dico%20del%20Servicio%20de%20Salud%20Ays%C3%A9n&#038;url=https:\/\/radiorevelacionfm.cl\/?p=29638' aria-hidden='false' data-av_icon='\ue8fc' data-av_iconfont='entypo-fontello' title='' data-avia-related-tooltip='Compartir en LinkedIn' rel=\"noopener\"><span class='avia_hidden_link_text'>Compartir en LinkedIn<\/span><\/a><\/li><li class='av-share-link av-social-link-mail' ><a  aria-label=\"Compartir por correo\" href='mailto:?subject=Presentan%20a%20nuevo%20sub%20director%20m%C3%A9dico%20del%20Servicio%20de%20Salud%20Ays%C3%A9n&#038;body=https:\/\/radiorevelacionfm.cl\/?p=29638' aria-hidden='false' data-av_icon='\ue805' data-av_iconfont='entypo-fontello' title='' data-avia-related-tooltip='Compartir por correo'><span class='avia_hidden_link_text'>Compartir por correo<\/span><\/a><\/li><\/ul><\/div><\/div>\n<div  style='height:50px' class='hr hr-invisible   avia-builder-el-8  el_after_av_social_share  el_before_av_comments_list '><span class='hr-inner ' ><span class='hr-inner-style'><\/span><\/span><\/div>\n<div  class='av-buildercomment  av-blog-meta-html-info-disabled av-blog-meta-tag-disabled  '><\/div>\n","protected":false},"excerpt":{"rendered":"","protected":false},"author":1,"featured_media":29639,"comment_status":"open","ping_status":"open","sticky":false,"template":"","format":"standard","meta":{"footnotes":""},"categories":[46],"tags":[],"class_list":["post-29638","post","type-post","status-publish","format-standard","has-post-thumbnail","hentry","category-salud"],"jetpack_featured_media_url":"https:\/\/radiorevelacionfm.cl\/wp-content\/uploads\/2023\/04\/PRESENTACION-SUB-DIRECTOR-1-1-1.jpeg","_links":{"self":[{"href":"https:\/\/radiorevelacionfm.cl\/index.php?rest_route=\/wp\/v2\/posts\/29638","targetHints":{"allow":["GET"]}}],"collection":[{"href":"https:\/\/radiorevelacionfm.cl\/index.php?rest_route=\/wp\/v2\/posts"}],"about":[{"href":"https:\/\/radiorevelacionfm.cl\/index.php?rest_route=\/wp\/v2\/types\/post"}],"author":[{"embeddable":true,"href":"https:\/\/radiorevelacionfm.cl\/index.php?rest_route=\/wp\/v2\/users\/1"}],"replies":[{"embeddable":true,"href":"https:\/\/radiorevelacionfm.cl\/index.php?rest_route=%2Fwp%2Fv2%2Fcomments&post=29638"}],"version-history":[{"count":2,"href":"https:\/\/radiorevelacionfm.cl\/index.php?rest_route=\/wp\/v2\/posts\/29638\/revisions"}],"predecessor-version":[{"id":29644,"href":"https:\/\/radiorevelacionfm.cl\/index.php?rest_route=\/wp\/v2\/posts\/29638\/revisions\/29644"}],"wp:featuredmedia":[{"embeddable":true,"href":"https:\/\/radiorevelacionfm.cl\/index.php?rest_route=\/wp\/v2\/media\/29639"}],"wp:attachment":[{"href":"https:\/\/radiorevelacionfm.cl\/index.php?rest_route=%2Fwp%2Fv2%2Fmedia&parent=29638"}],"wp:term":[{"taxonomy":"category","embeddable":true,"href":"https:\/\/radiorevelacionfm.cl\/index.php?rest_route=%2Fwp%2Fv2%2Fcategories&post=29638"},{"taxonomy":"post_tag","embeddable":true,"href":"https:\/\/radiorevelacionfm.cl\/index.php?rest_route=%2Fwp%2Fv2%2Ftags&post=29638"}],"curies":[{"name":"wp","href":"https:\/\/api.w.org\/{rel}","templated":true}]}}