{"id":29635,"date":"2023-04-02T21:43:47","date_gmt":"2023-04-03T00:43:47","guid":{"rendered":"https:\/\/radiorevelacionfm.cl\/?p=29635"},"modified":"2023-04-02T21:43:47","modified_gmt":"2023-04-03T00:43:47","slug":"autoridades-de-aysen-destacan-avances-en-materia-de-seguridad-publica","status":"publish","type":"post","link":"https:\/\/radiorevelacionfm.cl\/?p=29635","title":{"rendered":"Autoridades de Ays\u00e9n destacan avances  en materia de seguridad p\u00fablica"},"content":{"rendered":"<div class=\"flex_column av_one_full  flex_column_div av-zero-column-padding first  avia-builder-el-0  el_before_av_one_full  avia-builder-el-first  \" style='border-radius:0px; '><div  class='avia-image-container  av-styling-    avia-builder-el-1  avia-builder-el-no-sibling  avia-align-center '  itemprop=\"image\" itemscope=\"itemscope\" itemtype=\"https:\/\/schema.org\/ImageObject\"  ><div class='avia-image-container-inner'><div class='avia-image-overlay-wrap'><img decoding=\"async\" class='wp-image-29636 avia-img-lazy-loading-not-29636 avia_image' src=\"https:\/\/radiorevelacionfm.cl\/wp-content\/uploads\/2023\/04\/WhatsApp-Image-2023-04-02-at-17.46.29-1-1.jpeg\" alt='' title='WhatsApp Image 2023-04-02 at 17.46.29 (1) (1)' height=\"600\" width=\"1069\"  itemprop=\"thumbnailUrl\" srcset=\"https:\/\/radiorevelacionfm.cl\/wp-content\/uploads\/2023\/04\/WhatsApp-Image-2023-04-02-at-17.46.29-1-1.jpeg 1069w, https:\/\/radiorevelacionfm.cl\/wp-content\/uploads\/2023\/04\/WhatsApp-Image-2023-04-02-at-17.46.29-1-1-300x168.jpeg 300w, https:\/\/radiorevelacionfm.cl\/wp-content\/uploads\/2023\/04\/WhatsApp-Image-2023-04-02-at-17.46.29-1-1-1030x578.jpeg 1030w, https:\/\/radiorevelacionfm.cl\/wp-content\/uploads\/2023\/04\/WhatsApp-Image-2023-04-02-at-17.46.29-1-1-768x431.jpeg 768w, https:\/\/radiorevelacionfm.cl\/wp-content\/uploads\/2023\/04\/WhatsApp-Image-2023-04-02-at-17.46.29-1-1-705x396.jpeg 705w, https:\/\/radiorevelacionfm.cl\/wp-content\/uploads\/2023\/04\/WhatsApp-Image-2023-04-02-at-17.46.29-1-1-450x253.jpeg 450w, https:\/\/radiorevelacionfm.cl\/wp-content\/uploads\/2023\/04\/WhatsApp-Image-2023-04-02-at-17.46.29-1-1-600x337.jpeg 600w\" sizes=\"(max-width: 1069px) 100vw, 1069px\" \/><\/div><\/div><\/div><\/div><div class=\"flex_column av_one_full  flex_column_div av-zero-column-padding first  avia-builder-el-2  el_after_av_one_full  el_before_av_one_full  column-top-margin\" style='border-radius:0px; '><section class=\"av_textblock_section \"  itemscope=\"itemscope\" itemtype=\"https:\/\/schema.org\/BlogPosting\" itemprop=\"blogPost\" ><div class='avia_textblock  '   itemprop=\"text\" ><p style=\"font-weight: 400; text-align: center;\"><strong><span style=\"font-size: 18pt;\">Autoridades de Ays\u00e9n destacan avances en materia de seguridad p\u00fablica<\/span><\/strong><\/p>\n<div id=\"gtx-trans\" style=\"position: absolute; left: -50px; top: 4.31534px;\">\n<div class=\"gtx-trans-icon\"><\/div>\n<\/div>\n<\/div><\/section><\/div><div class=\"flex_column av_one_full  flex_column_div av-zero-column-padding first  avia-builder-el-4  el_after_av_one_full  el_before_av_hr  column-top-margin\" style='border-radius:0px; '><section class=\"av_textblock_section \"  itemscope=\"itemscope\" itemtype=\"https:\/\/schema.org\/BlogPosting\" itemprop=\"blogPost\" ><div class='avia_textblock  '   itemprop=\"text\" ><p style=\"font-weight: 400; text-align: justify;\">Como pasos concretos en materia de seguridad p\u00fablica, calificaron autoridades regionales los cinco proyectos de ley aprobados por la C\u00e1mara de Diputados y que contin\u00faan su tr\u00e1mite legislativo en el Senado, entre los cuales destaca el que refuerza las competencias de Gendarmer\u00eda de Chile y crea un delito general de extorsi\u00f3n, que se despach\u00f3 a ley.<\/p>\n<p style=\"font-weight: 400; text-align: justify;\">Se trata de los proyectos que aumentan las penas en los delitos de secuestro, el de porte de armas en lugares altamente concurridos, el que establece sanciones a quienes cometan sicariato, el que refuerza Gendarmer\u00eda y crea el delito de extorsi\u00f3n y el que ampl\u00eda facultades policiales con quienes no puedan acreditar situaci\u00f3n migratoria.<\/p>\n<p style=\"font-weight: 400; text-align: justify;\">El Delegado Presidencial Regional (s), Samuel Navarro, destac\u00f3 estas medidas como tambi\u00e9n la coordinaci\u00f3n que se realiza en Ays\u00e9n a trav\u00e9s del Comit\u00e9 Policial, encabezado por la delegaci\u00f3n e integrado por Carabineros de Chile y Polic\u00eda de Investigaciones.<\/p>\n<p style=\"font-weight: 400; text-align: justify;\">\u201cEn forma permanente y peri\u00f3dica, nos estamos reuniendo con las polic\u00edas para ver el estado de la situaci\u00f3n, sobre todo del orden p\u00fablico, detenciones, los controles policiales, las salidas e ingresos de la regi\u00f3n, los decomisos de drogas, los allanamientos. Nos parece que esta labor es fundamental seguirla haciendo en forma permanente, en forma regular y peri\u00f3dica. Comparativamente con a\u00f1os normales, hemos tenido una situaci\u00f3n dentro de un rango y queremos reforzar eso, porque nuestra idea es tratar de disminuir los hechos de connotaci\u00f3n social que afectan la tranquilidad de la poblaci\u00f3n\u201d, expres\u00f3.<\/p>\n<p style=\"font-weight: 400; text-align: justify;\">En la misma l\u00ednea, la semana pasada se realiz\u00f3 en la Delegaci\u00f3n Presidencial Regional una reuni\u00f3n con el presidente de la Comisi\u00f3n de Inteligencia de la C\u00e1mara de Diputados, Ren\u00e9 Alinco.<\/p>\n<p style=\"font-weight: 400; text-align: justify;\">\u201cEl af\u00e1n nuestro es ayudar a coordinar el trabajo con las diferentes instituciones para combatir entre todos el crimen organizado y todo tipo de delitos. La intenci\u00f3n nuestra es apoyar el trabajo legislativo sobre este tema de la delincuencia y seguridad y aportar con nuevos proyectos de ley donde estos vac\u00edos existan. Estamos teniendo un ciclo de reuniones con el presidente de la Corte de Apelaciones, el Fiscal Regional, Aduanas, Aeron\u00e1utica y ahora ac\u00e1, para cooperar y combatir la delincuencia venga de donde venga, esa es nuestra tarea\u201d, se\u00f1al\u00f3.<\/p>\n<p style=\"font-weight: 400; text-align: justify;\">La vocera de Gobierno, Tatiana Pl\u00e1, valor\u00f3 estas instancias de trabajo mancomunado. \u201cPara poder trabajar en conjunto y adelantarnos a ciertos hechos. Esta instancia es una de las muchas que nuestro gobierno acoge con di\u00e1logo y disposici\u00f3n para ir mejorando las distintas instancias para ir contra el crimen organizado. Es primera vez que nuestro pa\u00eds tiene una ley que va contra el crimen organizado y contra el narcotr\u00e1fico, las que se han ido robusteciendo y fortaleciendo\u201d, afirm\u00f3.<\/p>\n<p style=\"font-weight: 400; text-align: justify;\"><strong>Proyectos de ley<\/strong><\/p>\n<p style=\"font-weight: 400; text-align: justify;\">El aumento de penas al\u00a0<strong>delito de secuestro<\/strong>\u00a0incrementa la sanci\u00f3n por un tiempo mayor de retenci\u00f3n de la v\u00edctima; mientras que la otra impone un rango m\u00e1s estrecho de pena m\u00e1xima frente a secuestros que presenten paralelamente consecuencias como la muerte del afectado\/a. Hoy, se castiga con presidio mayor en su grado m\u00ednimo a medio (de 5 a\u00f1os y un d\u00eda a 15 a\u00f1os) a quien retenga a una persona para obtener un rescate, imponer exigencias o arrancar decisiones. Con este proyecto, la misma pena se aplicar\u00e1 cuando el encierro o detenci\u00f3n se prolongue por m\u00e1s de 48 horas.<\/p>\n<p style=\"font-weight: 400; text-align: justify;\">En el caso del\u00a0<strong>incremento de las penas por porte de armas<\/strong>\u00a0en lugares altamente concurridos modifica la Ley sobre Control de Armas, contrarrestando la tendencia de casos en que se usan armas de fuego o se provocan balaceras en lugares altamente concurridos. En concreto, dispone que la pena del porte de armas de fuego y sus partes, dispositivos y piezas, realizada sin la correspondiente autorizaci\u00f3n (que actualmente parte en 3 a\u00f1os y un d\u00eda), ahora partir\u00e1 en 4 a\u00f1os y un d\u00eda.<\/p>\n<p style=\"font-weight: 400; text-align: justify;\">La iniciativa de\u00a0<strong>Sanci\u00f3n al Sicariato<\/strong>, castiga la conspiraci\u00f3n de homicidio calificado por premio o promesa, la legislaci\u00f3n establece que conspiraci\u00f3n es el concierto de dos o m\u00e1s personas para ejecutar un delito por lo que cuando dos o m\u00e1s personas se pongan de acuerdo para que una de ellas mate a otra a cambio de dinero o una contraprestaci\u00f3n, se lo castigar\u00e1 por este delito, independiente de si el asesinato finalmente se realiza, cabe consignar que la pena asignada a este delito ser\u00e1 de 3 a\u00f1os y un d\u00eda a 5 a\u00f1os por el solo hecho de llegar a este acuerdo (conspiraci\u00f3n).<\/p>\n<p style=\"font-weight: 400; text-align: justify;\">El\u00a0<strong>Control policial a migrantes<\/strong>\u00a0ampl\u00eda facultades de control policial en materia de migraciones. El proyecto establece que si en el marco de un control de identidad realizado por Carabineros a un extranjero, \u00e9ste no puede acreditar su situaci\u00f3n migratoria regular en el pa\u00eds, debe ser puesto a disposici\u00f3n de la PDI, no m\u00e1s all\u00e1 de una hora desde su detenci\u00f3n. Esto implica que la PDI deber\u00e1 corroborar su situaci\u00f3n migratoria irregular e iniciar los procedimientos que correspondan, como comenzar el proceso de expulsi\u00f3n administrativa. Si el extranjero tuviere notificaciones pendientes relacionadas a procedimientos de expulsi\u00f3n u otros de la ley de migraci\u00f3n, se le deber\u00e1 notificar inmediatamente.<\/p>\n<p style=\"font-weight: 400; text-align: justify;\">En el caso de\u00a0<strong>Gendarmer\u00eda y Extorsiones<\/strong>, el proyecto permite a Gendarmer\u00eda ser una entidad auxiliar en realizaci\u00f3n de diligencias de investigaci\u00f3n al interior de establecimientos penales sobre hechos que se relacionen con actividades il\u00edcitas que ocurran, aun parcialmente, en las c\u00e1rceles. De este modo, el Ministerio P\u00fablico podr\u00eda impartir instrucciones a Gendarmer\u00eda, sobre hechos que se relacionen con actividades il\u00edcitas que ocurran, aun parcialmente, al interior de los establecimientos penales.<\/p>\n<p style=\"font-weight: 400; text-align: justify;\">En materia de extorsiones se busca sancionar con penas similares al robo a quienes en recintos penitenciarios obliguen a otros con violencia o intimidaci\u00f3n a suscribir, otorgar o entregar un instrumento p\u00fablico o dinero, o a ejecutar una acci\u00f3n para obtener un provecho patrimonial para s\u00ed o para un tercero u omitir o tolerar cualquier otra acci\u00f3n signifique da\u00f1o patrimonial en perjuicio suyo o de un tercero.<\/p>\n<\/div><\/section><\/div><div  style='height:50px' class='hr hr-invisible   avia-builder-el-6  el_after_av_one_full  el_before_av_social_share '><span class='hr-inner ' ><span class='hr-inner-style'><\/span><\/span><\/div><\/p>\n<div  class='av-social-sharing-box  avia-builder-el-7  el_after_av_hr  el_before_av_hr  '><div class='av-share-box'><h5 class='av-share-link-description av-no-toc '>Compartir esta noticia<\/h5><ul class='av-share-box-list noLightbox'><li class='av-share-link av-social-link-facebook' ><a target=\"_blank\" aria-label=\"Compartir en Facebook\" href='https:\/\/www.facebook.com\/sharer.php?u=https:\/\/radiorevelacionfm.cl\/?p=29635&#038;t=Autoridades%20de%20Ays%C3%A9n%20destacan%20avances%20%20en%20materia%20de%20seguridad%20p%C3%BAblica' aria-hidden='false' data-av_icon='\ue8f3' data-av_iconfont='entypo-fontello' title='' data-avia-related-tooltip='Compartir en Facebook' rel=\"noopener\"><span class='avia_hidden_link_text'>Compartir en Facebook<\/span><\/a><\/li><li class='av-share-link av-social-link-twitter' ><a target=\"_blank\" aria-label=\"Compartir en Twitter\" href='https:\/\/twitter.com\/share?text=Autoridades%20de%20Ays%C3%A9n%20destacan%20avances%20%20en%20materia%20de%20seguridad%20p%C3%BAblica&#038;url=https:\/\/radiorevelacionfm.cl\/?p=29635' aria-hidden='false' data-av_icon='\ue8f1' data-av_iconfont='entypo-fontello' title='' data-avia-related-tooltip='Compartir en Twitter' rel=\"noopener\"><span class='avia_hidden_link_text'>Compartir en Twitter<\/span><\/a><\/li><li class='av-share-link av-social-link-whatsapp' ><a target=\"_blank\" aria-label=\"Compartir en Whatsapp\" href='https:\/\/api.whatsapp.com\/send?text=https:\/\/radiorevelacionfm.cl\/?p=29635' aria-hidden='false' data-av_icon='\uf232' data-av_iconfont='entypo-fontello' title='' data-avia-related-tooltip='Compartir en Whatsapp' rel=\"noopener\"><span class='avia_hidden_link_text'>Compartir en Whatsapp<\/span><\/a><\/li><li class='av-share-link av-social-link-linkedin' ><a target=\"_blank\" aria-label=\"Compartir en LinkedIn\" href='https:\/\/linkedin.com\/shareArticle?mini=true&#038;title=Autoridades%20de%20Ays%C3%A9n%20destacan%20avances%20%20en%20materia%20de%20seguridad%20p%C3%BAblica&#038;url=https:\/\/radiorevelacionfm.cl\/?p=29635' aria-hidden='false' data-av_icon='\ue8fc' data-av_iconfont='entypo-fontello' title='' data-avia-related-tooltip='Compartir en LinkedIn' rel=\"noopener\"><span class='avia_hidden_link_text'>Compartir en LinkedIn<\/span><\/a><\/li><li class='av-share-link av-social-link-mail' ><a  aria-label=\"Compartir por correo\" href='mailto:?subject=Autoridades%20de%20Ays%C3%A9n%20destacan%20avances%20%20en%20materia%20de%20seguridad%20p%C3%BAblica&#038;body=https:\/\/radiorevelacionfm.cl\/?p=29635' aria-hidden='false' data-av_icon='\ue805' data-av_iconfont='entypo-fontello' title='' data-avia-related-tooltip='Compartir por correo'><span class='avia_hidden_link_text'>Compartir por correo<\/span><\/a><\/li><\/ul><\/div><\/div>\n<div  style='height:50px' class='hr hr-invisible   avia-builder-el-8  el_after_av_social_share  el_before_av_comments_list '><span class='hr-inner ' ><span class='hr-inner-style'><\/span><\/span><\/div>\n<div  class='av-buildercomment  av-blog-meta-html-info-disabled av-blog-meta-tag-disabled  '><\/div>\n","protected":false},"excerpt":{"rendered":"","protected":false},"author":1,"featured_media":29636,"comment_status":"open","ping_status":"open","sticky":false,"template":"","format":"standard","meta":{"footnotes":""},"categories":[38],"tags":[],"class_list":["post-29635","post","type-post","status-publish","format-standard","has-post-thumbnail","hentry","category-regional"],"jetpack_featured_media_url":"https:\/\/radiorevelacionfm.cl\/wp-content\/uploads\/2023\/04\/WhatsApp-Image-2023-04-02-at-17.46.29-1-1.jpeg","_links":{"self":[{"href":"https:\/\/radiorevelacionfm.cl\/index.php?rest_route=\/wp\/v2\/posts\/29635","targetHints":{"allow":["GET"]}}],"collection":[{"href":"https:\/\/radiorevelacionfm.cl\/index.php?rest_route=\/wp\/v2\/posts"}],"about":[{"href":"https:\/\/radiorevelacionfm.cl\/index.php?rest_route=\/wp\/v2\/types\/post"}],"author":[{"embeddable":true,"href":"https:\/\/radiorevelacionfm.cl\/index.php?rest_route=\/wp\/v2\/users\/1"}],"replies":[{"embeddable":true,"href":"https:\/\/radiorevelacionfm.cl\/index.php?rest_route=%2Fwp%2Fv2%2Fcomments&post=29635"}],"version-history":[{"count":1,"href":"https:\/\/radiorevelacionfm.cl\/index.php?rest_route=\/wp\/v2\/posts\/29635\/revisions"}],"predecessor-version":[{"id":29637,"href":"https:\/\/radiorevelacionfm.cl\/index.php?rest_route=\/wp\/v2\/posts\/29635\/revisions\/29637"}],"wp:featuredmedia":[{"embeddable":true,"href":"https:\/\/radiorevelacionfm.cl\/index.php?rest_route=\/wp\/v2\/media\/29636"}],"wp:attachment":[{"href":"https:\/\/radiorevelacionfm.cl\/index.php?rest_route=%2Fwp%2Fv2%2Fmedia&parent=29635"}],"wp:term":[{"taxonomy":"category","embeddable":true,"href":"https:\/\/radiorevelacionfm.cl\/index.php?rest_route=%2Fwp%2Fv2%2Fcategories&post=29635"},{"taxonomy":"post_tag","embeddable":true,"href":"https:\/\/radiorevelacionfm.cl\/index.php?rest_route=%2Fwp%2Fv2%2Ftags&post=29635"}],"curies":[{"name":"wp","href":"https:\/\/api.w.org\/{rel}","templated":true}]}}