{"id":29629,"date":"2023-04-02T16:03:21","date_gmt":"2023-04-02T19:03:21","guid":{"rendered":"https:\/\/radiorevelacionfm.cl\/?p=29629"},"modified":"2023-04-02T16:03:21","modified_gmt":"2023-04-02T19:03:21","slug":"reconocen-a-ocho-mujeres-pioneras-en-salud-con-nuevo-mural-en-puerto-aysen","status":"publish","type":"post","link":"https:\/\/radiorevelacionfm.cl\/?p=29629","title":{"rendered":"Reconocen a ocho mujeres pioneras en Salud con nuevo mural en Puerto Ays\u00e9n"},"content":{"rendered":"<div class=\"flex_column av_one_full  flex_column_div av-zero-column-padding first  avia-builder-el-0  el_before_av_one_full  avia-builder-el-first  \" style='border-radius:0px; '><div  class='avia-image-container  av-styling-    avia-builder-el-1  avia-builder-el-no-sibling  avia-align-center '  itemprop=\"image\" itemscope=\"itemscope\" itemtype=\"https:\/\/schema.org\/ImageObject\"  ><div class='avia-image-container-inner'><div class='avia-image-overlay-wrap'><img decoding=\"async\" class='wp-image-29630 avia-img-lazy-loading-not-29630 avia_image' src=\"https:\/\/radiorevelacionfm.cl\/wp-content\/uploads\/2023\/04\/img-MujerespionerasAysen1-1-1.jpeg\" alt='' title='img-MujerespionerasAysen1 (1) (1)' height=\"600\" width=\"800\"  itemprop=\"thumbnailUrl\" srcset=\"https:\/\/radiorevelacionfm.cl\/wp-content\/uploads\/2023\/04\/img-MujerespionerasAysen1-1-1.jpeg 800w, https:\/\/radiorevelacionfm.cl\/wp-content\/uploads\/2023\/04\/img-MujerespionerasAysen1-1-1-300x225.jpeg 300w, https:\/\/radiorevelacionfm.cl\/wp-content\/uploads\/2023\/04\/img-MujerespionerasAysen1-1-1-768x576.jpeg 768w, https:\/\/radiorevelacionfm.cl\/wp-content\/uploads\/2023\/04\/img-MujerespionerasAysen1-1-1-705x529.jpeg 705w, https:\/\/radiorevelacionfm.cl\/wp-content\/uploads\/2023\/04\/img-MujerespionerasAysen1-1-1-450x338.jpeg 450w, https:\/\/radiorevelacionfm.cl\/wp-content\/uploads\/2023\/04\/img-MujerespionerasAysen1-1-1-600x450.jpeg 600w\" sizes=\"(max-width: 800px) 100vw, 800px\" \/><\/div><\/div><\/div><\/div><div class=\"flex_column av_one_full  flex_column_div av-zero-column-padding first  avia-builder-el-2  el_after_av_one_full  el_before_av_one_full  column-top-margin\" style='border-radius:0px; '><section class=\"av_textblock_section \"  itemscope=\"itemscope\" itemtype=\"https:\/\/schema.org\/BlogPosting\" itemprop=\"blogPost\" ><div class='avia_textblock  '   itemprop=\"text\" ><p style=\"text-align: center;\"><strong><span style=\"font-size: 18pt;\">Reconocen a ocho mujeres pioneras en Salud con nuevo mural en Puerto Ays\u00e9n <\/span><\/strong><\/p>\n<div id=\"gtx-trans\" style=\"position: absolute; left: -50px; top: 4.31534px;\">\n<div class=\"gtx-trans-icon\"><\/div>\n<\/div>\n<\/div><\/section><\/div><div class=\"flex_column av_one_full  flex_column_div av-zero-column-padding first  avia-builder-el-4  el_after_av_one_full  el_before_av_hr  column-top-margin\" style='border-radius:0px; '><section class=\"av_textblock_section \"  itemscope=\"itemscope\" itemtype=\"https:\/\/schema.org\/BlogPosting\" itemprop=\"blogPost\" ><div class='avia_textblock  '   itemprop=\"text\" ><p style=\"text-align: justify;\">\u201cMujeres Pioneras en Salud: Fuertes, comprometidas y admirables\u201d se denomin\u00f3 la actividad que dio pas\u00f3 a la entrega de un mural conmemorativo con las fotograf\u00edas de ocho mujeres que provistas de conocimientos t\u00e9cnicos y universitarios fueron destinadas por el Servicio Nacional de Salud (SNS) y posteriormente por Sistema Nacional de Servicios de Salud (SNSS) hasta Puerto Ays\u00e9n entre las d\u00e9cadas de 1950 a 1990. La actividad cont\u00f3 con la participaci\u00f3n de funcionarios del Cesfam de Puerto Ays\u00e9n y fue ampliamente valorada por el reconocimiento en vida de quienes marcaron por diversos motivos la provisi\u00f3n p\u00fablica local.<\/p>\n<p style=\"text-align: justify;\">Edita Chiguay Coliboro; Nuvia Olavarr\u00eda Villegas; Orieta Vargas Torres; Gladys Riffo Sandoval; Alicia Rosales Balbont\u00edn; Adela Riffo Sandoval; Ida Arismendi Vel\u00e1squez y Norma Alvarado Fuentealba son las ocho primeras mujeres que reconoci\u00f3 la nueva direcci\u00f3n de Atenci\u00f3n Primaria en la comuna porte\u00f1a por el esfuerzo empleado en sus carreras funcionarias para llevar hasta los sectores m\u00e1s rec\u00f3nditos asistencia sanitaria.<\/p>\n<p style=\"text-align: justify;\">Es as\u00ed, como el relato de casi todas abord\u00f3 la falta de caminos en su vida laboral, lo cual implic\u00f3 que se debieran desplegar por diversas v\u00edas para llegar con sus pacientes hasta los centros de salud m\u00e1s pr\u00f3ximos: cabalgatas, viajes en lanchones, balsas y otras proezas fueron parte cotidiana de sus vidas. Otras en tanto, deb\u00edan desplazarse en un Puerto Ays\u00e9n que no contaba con mayor locomoci\u00f3n y eso en m\u00e1s de una oportunidad implic\u00f3 que lluvia las mojara por completo o participar en caminatas que pod\u00edan ser de largas horas.<\/p>\n<p style=\"text-align: justify;\">Al respecto, la directora del Centro de Salud Familiar de Puerto Ays\u00e9n, Dra. Milenka Adofacci Zamora, destac\u00f3 que estas acciones forman parte del trabajo que se realiza paralelamente a la funci\u00f3n cl\u00ednica. Puesto que, para la titular de la salud primaria en la comuna porte\u00f1a es primordial rescatar las historias y vivencias producto del tr\u00e1nsito que har\u00e1 durante los pr\u00f3ximos a\u00f1os el CESFAM a la nueva infraestructura que se encuentra en desarrollo por parte del Servicio de Salud de Ays\u00e9n.<\/p>\n<p style=\"text-align: justify;\">A\u00f1adiendo que, \u201ceste acto cultural viene a cerrar lo que fue en marzo, el Mes de la Mujer y que cont\u00f3 con la presencia de seis de las ocho personas que fuimos a retratar en una ceremonia muy sentida, junto con gente de nuestro CESFAM, con sus familias y donde contamos tambi\u00e9n con la presencia de la Camerata de Cuerdas de la Escuela Litoral Austral.<\/p>\n<p style=\"text-align: justify;\">As\u00ed es que, espero seguir replicando este tipo de actividades para darle un sello distintivo a lo que es esta administraci\u00f3n\u201d explic\u00f3 Adofacci Zamora.<\/p>\n<p style=\"text-align: justify;\">Por su parte, una de las homenajeadas y quien desempe\u00f1ara funciones en el ex Hospital de Puerto Ays\u00e9n durante 38 a\u00f1os, Adela Riffo Sandoval, mencion\u00f3 que \u201cfue una ceremonia muy linda, estoy muy agradecida por reconocernos el trabajo de tantos a\u00f1os. A pesar de todas las tareas que ten\u00edamos siempre estuve muy contenta con lo que hac\u00eda. Yo le recomiendo a la gente nueva que viene llegando que haga su trabajo con mucha voluntad y con mucho esfuerzo. Tambi\u00e9n decirles que no se olviden nunca que ellos trabajan con personas, con enfermos y que pongan lo mejor de ellas y ellos para poder atenderlos bien, que sean responsables con el trabajo\u201d puntualiz\u00f3 la homenajeada.<\/p>\n<p style=\"text-align: justify;\">En tanto, Sheila Ditzel Rosales, hija de Alicia Rosales Balbont\u00edn quien fuera reconocida en esta instancia manifest\u00f3 su conformidad, indicando que \u201cestoy muy orgullosa de lo que han hecho y agradecida de la directora, porque ella un d\u00eda dijo har\u00eda este reconocimiento y lo cumpli\u00f3, eso se lo agradezco mucho.\u00a0 Mi mam\u00e1 tambi\u00e9n est\u00e1 muy contenta en realidad y yo creo que todas porque, qu\u00e9 bonito que les hagan un reconocimiento a las personas todav\u00eda cuando est\u00e1n en vida ya que luego es complicado. Se van y nunca se les ha dado ni siquiera un abrazo de reconocimiento a todo el trabajo que han hecho\u201d.<\/p>\n<p style=\"text-align: justify;\">La intervenci\u00f3n con el retrato de las homenajeadas estar\u00e1 disponible a todo el p\u00fablico en el Hall central del Centro de Salud Familiar de Puerto Ays\u00e9n (ex Hospital) en los horarios de atenci\u00f3n al p\u00fablico desde las 08:00 hasta las 17:00 horas.<\/p>\n<\/div><\/section><\/div><div  style='height:50px' class='hr hr-invisible   avia-builder-el-6  el_after_av_one_full  el_before_av_social_share '><span class='hr-inner ' ><span class='hr-inner-style'><\/span><\/span><\/div><\/p>\n<div  class='av-social-sharing-box  avia-builder-el-7  el_after_av_hr  el_before_av_hr  '><div class='av-share-box'><h5 class='av-share-link-description av-no-toc '>Compartir esta noticia<\/h5><ul class='av-share-box-list noLightbox'><li class='av-share-link av-social-link-facebook' ><a target=\"_blank\" aria-label=\"Compartir en Facebook\" href='https:\/\/www.facebook.com\/sharer.php?u=https:\/\/radiorevelacionfm.cl\/?p=29629&#038;t=Reconocen%20a%20ocho%20mujeres%20pioneras%20en%20Salud%20con%20nuevo%20mural%20en%20Puerto%20Ays%C3%A9n' aria-hidden='false' data-av_icon='\ue8f3' data-av_iconfont='entypo-fontello' title='' data-avia-related-tooltip='Compartir en Facebook' rel=\"noopener\"><span class='avia_hidden_link_text'>Compartir en Facebook<\/span><\/a><\/li><li class='av-share-link av-social-link-twitter' ><a target=\"_blank\" aria-label=\"Compartir en Twitter\" href='https:\/\/twitter.com\/share?text=Reconocen%20a%20ocho%20mujeres%20pioneras%20en%20Salud%20con%20nuevo%20mural%20en%20Puerto%20Ays%C3%A9n&#038;url=https:\/\/radiorevelacionfm.cl\/?p=29629' aria-hidden='false' data-av_icon='\ue8f1' data-av_iconfont='entypo-fontello' title='' data-avia-related-tooltip='Compartir en Twitter' rel=\"noopener\"><span class='avia_hidden_link_text'>Compartir en Twitter<\/span><\/a><\/li><li class='av-share-link av-social-link-whatsapp' ><a target=\"_blank\" aria-label=\"Compartir en Whatsapp\" href='https:\/\/api.whatsapp.com\/send?text=https:\/\/radiorevelacionfm.cl\/?p=29629' aria-hidden='false' data-av_icon='\uf232' data-av_iconfont='entypo-fontello' title='' data-avia-related-tooltip='Compartir en Whatsapp' rel=\"noopener\"><span class='avia_hidden_link_text'>Compartir en Whatsapp<\/span><\/a><\/li><li class='av-share-link av-social-link-linkedin' ><a target=\"_blank\" aria-label=\"Compartir en LinkedIn\" href='https:\/\/linkedin.com\/shareArticle?mini=true&#038;title=Reconocen%20a%20ocho%20mujeres%20pioneras%20en%20Salud%20con%20nuevo%20mural%20en%20Puerto%20Ays%C3%A9n&#038;url=https:\/\/radiorevelacionfm.cl\/?p=29629' aria-hidden='false' data-av_icon='\ue8fc' data-av_iconfont='entypo-fontello' title='' data-avia-related-tooltip='Compartir en LinkedIn' rel=\"noopener\"><span class='avia_hidden_link_text'>Compartir en LinkedIn<\/span><\/a><\/li><li class='av-share-link av-social-link-mail' ><a  aria-label=\"Compartir por correo\" href='mailto:?subject=Reconocen%20a%20ocho%20mujeres%20pioneras%20en%20Salud%20con%20nuevo%20mural%20en%20Puerto%20Ays%C3%A9n&#038;body=https:\/\/radiorevelacionfm.cl\/?p=29629' aria-hidden='false' data-av_icon='\ue805' data-av_iconfont='entypo-fontello' title='' data-avia-related-tooltip='Compartir por correo'><span class='avia_hidden_link_text'>Compartir por correo<\/span><\/a><\/li><\/ul><\/div><\/div>\n<div  style='height:50px' class='hr hr-invisible   avia-builder-el-8  el_after_av_social_share  el_before_av_comments_list '><span class='hr-inner ' ><span class='hr-inner-style'><\/span><\/span><\/div>\n<div  class='av-buildercomment  av-blog-meta-html-info-disabled av-blog-meta-tag-disabled  '><\/div>\n","protected":false},"excerpt":{"rendered":"","protected":false},"author":1,"featured_media":29630,"comment_status":"open","ping_status":"open","sticky":false,"template":"","format":"standard","meta":{"footnotes":""},"categories":[46],"tags":[],"class_list":["post-29629","post","type-post","status-publish","format-standard","has-post-thumbnail","hentry","category-salud"],"jetpack_featured_media_url":"https:\/\/radiorevelacionfm.cl\/wp-content\/uploads\/2023\/04\/img-MujerespionerasAysen1-1-1.jpeg","_links":{"self":[{"href":"https:\/\/radiorevelacionfm.cl\/index.php?rest_route=\/wp\/v2\/posts\/29629","targetHints":{"allow":["GET"]}}],"collection":[{"href":"https:\/\/radiorevelacionfm.cl\/index.php?rest_route=\/wp\/v2\/posts"}],"about":[{"href":"https:\/\/radiorevelacionfm.cl\/index.php?rest_route=\/wp\/v2\/types\/post"}],"author":[{"embeddable":true,"href":"https:\/\/radiorevelacionfm.cl\/index.php?rest_route=\/wp\/v2\/users\/1"}],"replies":[{"embeddable":true,"href":"https:\/\/radiorevelacionfm.cl\/index.php?rest_route=%2Fwp%2Fv2%2Fcomments&post=29629"}],"version-history":[{"count":1,"href":"https:\/\/radiorevelacionfm.cl\/index.php?rest_route=\/wp\/v2\/posts\/29629\/revisions"}],"predecessor-version":[{"id":29631,"href":"https:\/\/radiorevelacionfm.cl\/index.php?rest_route=\/wp\/v2\/posts\/29629\/revisions\/29631"}],"wp:featuredmedia":[{"embeddable":true,"href":"https:\/\/radiorevelacionfm.cl\/index.php?rest_route=\/wp\/v2\/media\/29630"}],"wp:attachment":[{"href":"https:\/\/radiorevelacionfm.cl\/index.php?rest_route=%2Fwp%2Fv2%2Fmedia&parent=29629"}],"wp:term":[{"taxonomy":"category","embeddable":true,"href":"https:\/\/radiorevelacionfm.cl\/index.php?rest_route=%2Fwp%2Fv2%2Fcategories&post=29629"},{"taxonomy":"post_tag","embeddable":true,"href":"https:\/\/radiorevelacionfm.cl\/index.php?rest_route=%2Fwp%2Fv2%2Ftags&post=29629"}],"curies":[{"name":"wp","href":"https:\/\/api.w.org\/{rel}","templated":true}]}}