{"id":2961,"date":"2021-02-25T17:03:22","date_gmt":"2021-02-25T20:03:22","guid":{"rendered":"https:\/\/radiorevelacionfm.cl\/?p=2961"},"modified":"2021-02-25T17:03:22","modified_gmt":"2021-02-25T20:03:22","slug":"gobierno-asegura-extension-de-ingreso-familiar-de-emergencia-y-bono-covid-para-los-meses-de-marzo-y-abril","status":"publish","type":"post","link":"https:\/\/radiorevelacionfm.cl\/?p=2961","title":{"rendered":"Gobierno asegura extensi\u00f3n de Ingreso Familiar de Emergencia y Bono Covid para los meses de marzo y abril"},"content":{"rendered":"<div class=\"flex_column av_one_full  flex_column_div av-zero-column-padding first  avia-builder-el-0  el_before_av_one_full  avia-builder-el-first  \" style='border-radius:0px; '><div  class='avia-image-container  av-styling-    avia-builder-el-1  avia-builder-el-no-sibling  avia-align-center '  itemprop=\"image\" itemscope=\"itemscope\" itemtype=\"https:\/\/schema.org\/ImageObject\"  ><div class='avia-image-container-inner'><div class='avia-image-overlay-wrap'><img decoding=\"async\" class='wp-image-0 avia-img-lazy-loading-not-0 avia_image' src=\"https:\/\/radiorevelacionfm.cl\/wp-content\/uploads\/2021\/02\/WhatsApp-Image-2021-02-25-at-16.13.46-2.jpeg\" alt='' title=''   itemprop=\"thumbnailUrl\"  \/><\/div><\/div><\/div><\/div><div class=\"flex_column av_one_full  flex_column_div av-zero-column-padding first  avia-builder-el-2  el_after_av_one_full  el_before_av_one_full  column-top-margin\" style='border-radius:0px; '><section class=\"av_textblock_section \"  itemscope=\"itemscope\" itemtype=\"https:\/\/schema.org\/BlogPosting\" itemprop=\"blogPost\" ><div class='avia_textblock  '   itemprop=\"text\" ><p style=\"text-align: center;\"><strong><span style=\"font-size: 18pt;\">Gobierno asegura extensi\u00f3n de Ingreso Familiar de Emergencia y Bono Covid para los meses de marzo y abril<\/span><\/strong><\/p>\n<div id=\"gtx-trans\" style=\"position: absolute; left: -50px; top: 4.31534px;\">\n<div class=\"gtx-trans-icon\"><\/div>\n<\/div>\n<\/div><\/section><\/div><div class=\"flex_column av_one_full  flex_column_div av-zero-column-padding first  avia-builder-el-4  el_after_av_one_full  el_before_av_hr  column-top-margin\" style='border-radius:0px; '><section class=\"av_textblock_section \"  itemscope=\"itemscope\" itemtype=\"https:\/\/schema.org\/BlogPosting\" itemprop=\"blogPost\" ><div class='avia_textblock  '   itemprop=\"text\" ><p style=\"text-align: justify;\"><em>Este viernes en tanto, se pagar\u00e1 el IFE correspondiente al mes de febrero donde se espera llegar a m\u00e1s de 12 mil hogares en la regi\u00f3n. Postulaciones para el siguiente se iniciar\u00e1 el pr\u00f3ximo 5 de marzo.<\/em><\/p>\n<p style=\"text-align: justify;\">El Presidente Sebasti\u00e1n Pi\u00f1era anunci\u00f3 la extensi\u00f3n del Ingreso Familiar de Emergencia y Bono Covid\u00a0 durante los meses de marzo y abril\u00a0 para apoyar a las familias mayormente afectadas por la pandemia del Covid-19.<\/p>\n<p style=\"text-align: justify;\">Estos beneficios est\u00e1n destinados a aquellas familias m\u00e1s vulnerables que se encontraban en comunas en Cuarentena, Transici\u00f3n, Preparaci\u00f3n o Apertura, con montos que van desde los $25 mil por integrante a los $100 mil por integrante, de acuerdo con la realidad sanitaria de cada comuna.<\/p>\n<p style=\"text-align: justify;\">El anuncio del Gobierno fue valorado por la Intendenta Regional de Ays\u00e9n, Margarita Ossa, quien al respecto explic\u00f3 que \u201cson aportes que sin duda deben ser bien vistos ya que significa que estamos apoyando no solo en t\u00e9rminos sanitarios a nuestra poblaci\u00f3n \u2013 con la campa\u00f1a de vacunaci\u00f3n masiva \u2013 sino que tambi\u00e9n apoy\u00e1ndola desde el punto de vista econ\u00f3mico y social. La pandemia no ha terminado y no sabemos cu\u00e1ndo va a ocurrir, por ende, cualquier acci\u00f3n del Estado que tienda una mano debemos destacarla y procurar de que las ayudas lleguen en tiempo y forma\u201d, dijo.<\/p>\n<p style=\"text-align: justify;\">En tanto desde la seremi de Desarrollo Social, su titular, Marcelo J\u00e9lvez, explic\u00f3 que a contar de este viernes 26 de febrero \u201cestaremos interiorizando e informando a todos nuestros vecinos de los alcances y de las comunas \u2013 dependiendo de las etapas en que se encuentren \u2013 respecto de la postulaci\u00f3n de cada una de ellas\u201d.<\/p>\n<p style=\"text-align: justify;\">Adicionalmente, el secretario regional ministerial inform\u00f3 que este viernes 26 de febrero \u201cse inicia el pago del IFE y Bono Covid correspondiente al mes de febrero, donde por primera vez recibir\u00e1n de forma autom\u00e1tica, sin previa solicitud, cerca de 1 mill\u00f3n de personas y que son parte del Sistema de Seguridad y Oportunidades; con quienes tengan cuenta rut del Banco Estado para luego seguir durante la primera semana de marzo con los pagos presenciales en la Caja de Compensaci\u00f3n Los H\u00e9roes y en las sucursales de Banco Estado. En nuestra regi\u00f3n fueron 12.003 hogares que recibieron este importante beneficio de parte de nuestro Gobierno\u00bb, agreg\u00f3.<\/p>\n<p style=\"text-align: justify;\">Procesos<\/p>\n<p style=\"text-align: justify;\">Para la extensi\u00f3n del beneficio se han establecido dos procesos de solicitud: entre el 5 y el 15 de marzo, para el caso del pago de marzo, y del 8 al 18 de abril para el pago del mes de abril. Al igual que en los meses anteriores las solicitudes se realizar\u00e1n a trav\u00e9s del sitio web www.ingresodeemergencia.cl.<\/p>\n<p style=\"text-align: justify;\">Para el aporte correspondiente al mes de marzo, se considerar\u00e1 la situaci\u00f3n sanitaria de las comunas para las cinco semanas trascurridas entre los d\u00edas 25 de enero y 28 de febrero de 2021, ambas fechas inclusive.<\/p>\n<p style=\"text-align: justify;\">Mientras que, para el aporte de abril, se considerar\u00e1 la situaci\u00f3n sanitaria de las cinco semanas transcurridas entre los d\u00edas 25 de febrero de 2021 y 31 de marzo de 2021, ambas inclusive.<\/p>\n<\/div><\/section><\/div><div  style='height:50px' class='hr hr-invisible   avia-builder-el-6  el_after_av_one_full  el_before_av_social_share '><span class='hr-inner ' ><span class='hr-inner-style'><\/span><\/span><\/div><\/p>\n<div  class='av-social-sharing-box  avia-builder-el-7  el_after_av_hr  el_before_av_hr  '><div class='av-share-box'><h5 class='av-share-link-description av-no-toc '>Compartir esta noticia<\/h5><ul class='av-share-box-list noLightbox'><li class='av-share-link av-social-link-facebook' ><a target=\"_blank\" aria-label=\"Compartir en Facebook\" href='https:\/\/www.facebook.com\/sharer.php?u=https:\/\/radiorevelacionfm.cl\/?p=2961&#038;t=Gobierno%20asegura%20extensi%C3%B3n%20de%20Ingreso%20Familiar%20de%20Emergencia%20y%20Bono%20Covid%20para%20los%20meses%20de%20marzo%20y%20abril' aria-hidden='false' data-av_icon='\ue8f3' data-av_iconfont='entypo-fontello' title='' data-avia-related-tooltip='Compartir en Facebook' rel=\"noopener\"><span class='avia_hidden_link_text'>Compartir en Facebook<\/span><\/a><\/li><li class='av-share-link av-social-link-twitter' ><a target=\"_blank\" aria-label=\"Compartir en Twitter\" href='https:\/\/twitter.com\/share?text=Gobierno%20asegura%20extensi%C3%B3n%20de%20Ingreso%20Familiar%20de%20Emergencia%20y%20Bono%20Covid%20para%20los%20meses%20de%20marzo%20y%20abril&#038;url=https:\/\/radiorevelacionfm.cl\/?p=2961' aria-hidden='false' data-av_icon='\ue8f1' data-av_iconfont='entypo-fontello' title='' data-avia-related-tooltip='Compartir en Twitter' rel=\"noopener\"><span class='avia_hidden_link_text'>Compartir en Twitter<\/span><\/a><\/li><li class='av-share-link av-social-link-whatsapp' ><a target=\"_blank\" aria-label=\"Compartir en Whatsapp\" href='https:\/\/api.whatsapp.com\/send?text=https:\/\/radiorevelacionfm.cl\/?p=2961' aria-hidden='false' data-av_icon='\uf232' data-av_iconfont='entypo-fontello' title='' data-avia-related-tooltip='Compartir en Whatsapp' rel=\"noopener\"><span class='avia_hidden_link_text'>Compartir en Whatsapp<\/span><\/a><\/li><li class='av-share-link av-social-link-linkedin' ><a target=\"_blank\" aria-label=\"Compartir en LinkedIn\" href='https:\/\/linkedin.com\/shareArticle?mini=true&#038;title=Gobierno%20asegura%20extensi%C3%B3n%20de%20Ingreso%20Familiar%20de%20Emergencia%20y%20Bono%20Covid%20para%20los%20meses%20de%20marzo%20y%20abril&#038;url=https:\/\/radiorevelacionfm.cl\/?p=2961' aria-hidden='false' data-av_icon='\ue8fc' data-av_iconfont='entypo-fontello' title='' data-avia-related-tooltip='Compartir en LinkedIn' rel=\"noopener\"><span class='avia_hidden_link_text'>Compartir en LinkedIn<\/span><\/a><\/li><li class='av-share-link av-social-link-mail' ><a  aria-label=\"Compartir por correo\" href='mailto:?subject=Gobierno%20asegura%20extensi%C3%B3n%20de%20Ingreso%20Familiar%20de%20Emergencia%20y%20Bono%20Covid%20para%20los%20meses%20de%20marzo%20y%20abril&#038;body=https:\/\/radiorevelacionfm.cl\/?p=2961' aria-hidden='false' data-av_icon='\ue805' data-av_iconfont='entypo-fontello' title='' data-avia-related-tooltip='Compartir por correo'><span class='avia_hidden_link_text'>Compartir por correo<\/span><\/a><\/li><\/ul><\/div><\/div>\n<div  style='height:50px' class='hr hr-invisible   avia-builder-el-8  el_after_av_social_share  el_before_av_comments_list '><span class='hr-inner ' ><span class='hr-inner-style'><\/span><\/span><\/div>\n<div  class='av-buildercomment  av-blog-meta-html-info-disabled av-blog-meta-tag-disabled  '><\/div>\n","protected":false},"excerpt":{"rendered":"","protected":false},"author":1,"featured_media":0,"comment_status":"open","ping_status":"open","sticky":false,"template":"","format":"standard","meta":{"footnotes":""},"categories":[38],"tags":[],"class_list":["post-2961","post","type-post","status-publish","format-standard","hentry","category-regional"],"jetpack_featured_media_url":"","_links":{"self":[{"href":"https:\/\/radiorevelacionfm.cl\/index.php?rest_route=\/wp\/v2\/posts\/2961","targetHints":{"allow":["GET"]}}],"collection":[{"href":"https:\/\/radiorevelacionfm.cl\/index.php?rest_route=\/wp\/v2\/posts"}],"about":[{"href":"https:\/\/radiorevelacionfm.cl\/index.php?rest_route=\/wp\/v2\/types\/post"}],"author":[{"embeddable":true,"href":"https:\/\/radiorevelacionfm.cl\/index.php?rest_route=\/wp\/v2\/users\/1"}],"replies":[{"embeddable":true,"href":"https:\/\/radiorevelacionfm.cl\/index.php?rest_route=%2Fwp%2Fv2%2Fcomments&post=2961"}],"version-history":[{"count":1,"href":"https:\/\/radiorevelacionfm.cl\/index.php?rest_route=\/wp\/v2\/posts\/2961\/revisions"}],"predecessor-version":[{"id":2964,"href":"https:\/\/radiorevelacionfm.cl\/index.php?rest_route=\/wp\/v2\/posts\/2961\/revisions\/2964"}],"wp:attachment":[{"href":"https:\/\/radiorevelacionfm.cl\/index.php?rest_route=%2Fwp%2Fv2%2Fmedia&parent=2961"}],"wp:term":[{"taxonomy":"category","embeddable":true,"href":"https:\/\/radiorevelacionfm.cl\/index.php?rest_route=%2Fwp%2Fv2%2Fcategories&post=2961"},{"taxonomy":"post_tag","embeddable":true,"href":"https:\/\/radiorevelacionfm.cl\/index.php?rest_route=%2Fwp%2Fv2%2Ftags&post=2961"}],"curies":[{"name":"wp","href":"https:\/\/api.w.org\/{rel}","templated":true}]}}