{"id":29607,"date":"2023-04-01T11:33:10","date_gmt":"2023-04-01T14:33:10","guid":{"rendered":"https:\/\/radiorevelacionfm.cl\/?p=29607"},"modified":"2023-04-01T11:33:10","modified_gmt":"2023-04-01T14:33:10","slug":"empresa-electrica-realizara-trabajos-de-mantenimiento-en-linea-de-interconexion-aysen-coyhaique","status":"publish","type":"post","link":"https:\/\/radiorevelacionfm.cl\/?p=29607","title":{"rendered":"Empresa el\u00e9ctrica realizar\u00e1 trabajos de mantenimiento en l\u00ednea de interconexi\u00f3n Ays\u00e9n-Coyhaique"},"content":{"rendered":"<div class=\"flex_column av_one_full  flex_column_div av-zero-column-padding first  avia-builder-el-0  el_before_av_one_full  avia-builder-el-first  \" style='border-radius:0px; '><div  class='avia-image-container  av-styling-    avia-builder-el-1  avia-builder-el-no-sibling  avia-align-center '  itemprop=\"image\" itemscope=\"itemscope\" itemtype=\"https:\/\/schema.org\/ImageObject\"  ><div class='avia-image-container-inner'><div class='avia-image-overlay-wrap'><img decoding=\"async\" class='wp-image-29610 avia-img-lazy-loading-not-29610 avia_image' src=\"https:\/\/radiorevelacionfm.cl\/wp-content\/uploads\/2023\/03\/Linieros-1-1-1.jpg\" alt='' title='Linieros (1) (1) (1)' height=\"600\" width=\"885\"  itemprop=\"thumbnailUrl\" srcset=\"https:\/\/radiorevelacionfm.cl\/wp-content\/uploads\/2023\/03\/Linieros-1-1-1.jpg 885w, https:\/\/radiorevelacionfm.cl\/wp-content\/uploads\/2023\/03\/Linieros-1-1-1-300x203.jpg 300w, https:\/\/radiorevelacionfm.cl\/wp-content\/uploads\/2023\/03\/Linieros-1-1-1-768x521.jpg 768w, https:\/\/radiorevelacionfm.cl\/wp-content\/uploads\/2023\/03\/Linieros-1-1-1-705x478.jpg 705w, https:\/\/radiorevelacionfm.cl\/wp-content\/uploads\/2023\/03\/Linieros-1-1-1-450x305.jpg 450w, https:\/\/radiorevelacionfm.cl\/wp-content\/uploads\/2023\/03\/Linieros-1-1-1-600x407.jpg 600w\" sizes=\"(max-width: 885px) 100vw, 885px\" \/><\/div><\/div><\/div><\/div><div class=\"flex_column av_one_full  flex_column_div av-zero-column-padding first  avia-builder-el-2  el_after_av_one_full  el_before_av_one_full  column-top-margin\" style='border-radius:0px; '><section class=\"av_textblock_section \"  itemscope=\"itemscope\" itemtype=\"https:\/\/schema.org\/BlogPosting\" itemprop=\"blogPost\" ><div class='avia_textblock  '   itemprop=\"text\" ><p style=\"text-align: center;\"><strong><span style=\"font-size: 18pt;\">Empresa el\u00e9ctrica realizar\u00e1 trabajos de mantenimiento en l\u00ednea de interconexi\u00f3n Ays\u00e9n-Coyhaique<\/span><\/strong><\/p>\n<div id=\"gtx-trans\" style=\"position: absolute; left: -50px; top: 4.31534px;\">\n<div class=\"gtx-trans-icon\"><\/div>\n<\/div>\n<\/div><\/section><\/div><div class=\"flex_column av_one_full  flex_column_div av-zero-column-padding first  avia-builder-el-4  el_after_av_one_full  el_before_av_hr  column-top-margin\" style='border-radius:0px; '><section class=\"av_textblock_section \"  itemscope=\"itemscope\" itemtype=\"https:\/\/schema.org\/BlogPosting\" itemprop=\"blogPost\" ><div class='avia_textblock  '   itemprop=\"text\" ><p style=\"text-align: justify;\">Desde este mi\u00e9rcoles 29 de marzo y hasta el 6 de abril, Edelaysen llevar\u00e1 a cabo trabajos de mantenimiento en la l\u00ednea de interconexi\u00f3n entre Ays\u00e9n y Coyhaique, como parte del plan de inversiones 2023 que busca fortalecer la infraestructura el\u00e9ctrica del sistema mediano Ays\u00e9n-Coyhaique.<\/p>\n<p style=\"text-align: justify;\">Patricio Raimilla, jefe de Servicio al Cliente de la empresa mencion\u00f3 que estos trabajos consisten en el recambio de m\u00e1s de 40 postes con sus respectivas aislaciones y la realizaci\u00f3n de labores de mantenimiento de la l\u00ednea el\u00e9ctrica. \u201cEste plan de mejoramiento busca robustecer nuestra infraestructura el\u00e9ctrica en el sistema mediano Ays\u00e9n- Coyhaique, para entregar energ\u00eda de calidad a toda la comunidad de la regi\u00f3n\u201d.<\/p>\n<p style=\"text-align: justify;\">El personal t\u00e9cnico de Edelaysen, conformado por 4 equipos, totalizar\u00e1 m\u00e1s de 60 personas trabajando en simult\u00e1neo. Todo lo anteriormente detallado implica la necesidad de regular el tr\u00e1nsito en la ruta 240, que une la capital regional y la comuna de Ays\u00e9n entre el sector el Morro y la Gruta de San Sebasti\u00e1n, de la reserva Nacional.<\/p>\n<p style=\"text-align: justify;\">El ejecutivo se\u00f1al\u00f3 que la regulaci\u00f3n del tr\u00e1nsito se realizar\u00e1 entre las 9:00 y las 19:00 horas, adem\u00e1s de agradecer la comprensi\u00f3n y precauci\u00f3n en la conducci\u00f3n de quienes utilizan diariamente la v\u00eda. \u201cSabemos que esto puede generar alg\u00fan inconveniente, pero es fundamental para llevar adelante estos importantes trabajos que buscan entregar energ\u00eda de calidad a toda la comunidad de la regi\u00f3n, con seguridad para nuestro personal y para la comunidad\u201d, concluy\u00f3 Patricio Raimilla.<\/p>\n<\/div><\/section><\/div><div  style='height:50px' class='hr hr-invisible   avia-builder-el-6  el_after_av_one_full  el_before_av_social_share '><span class='hr-inner ' ><span class='hr-inner-style'><\/span><\/span><\/div><\/p>\n<div  class='av-social-sharing-box  avia-builder-el-7  el_after_av_hr  el_before_av_hr  '><div class='av-share-box'><h5 class='av-share-link-description av-no-toc '>Compartir esta noticia<\/h5><ul class='av-share-box-list noLightbox'><li class='av-share-link av-social-link-facebook' ><a target=\"_blank\" aria-label=\"Compartir en Facebook\" href='https:\/\/www.facebook.com\/sharer.php?u=https:\/\/radiorevelacionfm.cl\/?p=29607&#038;t=Empresa%20el%C3%A9ctrica%20realizar%C3%A1%20trabajos%20de%20mantenimiento%20en%20l%C3%ADnea%20de%20interconexi%C3%B3n%20Ays%C3%A9n-Coyhaique' aria-hidden='false' data-av_icon='\ue8f3' data-av_iconfont='entypo-fontello' title='' data-avia-related-tooltip='Compartir en Facebook' rel=\"noopener\"><span class='avia_hidden_link_text'>Compartir en Facebook<\/span><\/a><\/li><li class='av-share-link av-social-link-twitter' ><a target=\"_blank\" aria-label=\"Compartir en Twitter\" href='https:\/\/twitter.com\/share?text=Empresa%20el%C3%A9ctrica%20realizar%C3%A1%20trabajos%20de%20mantenimiento%20en%20l%C3%ADnea%20de%20interconexi%C3%B3n%20Ays%C3%A9n-Coyhaique&#038;url=https:\/\/radiorevelacionfm.cl\/?p=29607' aria-hidden='false' data-av_icon='\ue8f1' data-av_iconfont='entypo-fontello' title='' data-avia-related-tooltip='Compartir en Twitter' rel=\"noopener\"><span class='avia_hidden_link_text'>Compartir en Twitter<\/span><\/a><\/li><li class='av-share-link av-social-link-whatsapp' ><a target=\"_blank\" aria-label=\"Compartir en Whatsapp\" href='https:\/\/api.whatsapp.com\/send?text=https:\/\/radiorevelacionfm.cl\/?p=29607' aria-hidden='false' data-av_icon='\uf232' data-av_iconfont='entypo-fontello' title='' data-avia-related-tooltip='Compartir en Whatsapp' rel=\"noopener\"><span class='avia_hidden_link_text'>Compartir en Whatsapp<\/span><\/a><\/li><li class='av-share-link av-social-link-linkedin' ><a target=\"_blank\" aria-label=\"Compartir en LinkedIn\" href='https:\/\/linkedin.com\/shareArticle?mini=true&#038;title=Empresa%20el%C3%A9ctrica%20realizar%C3%A1%20trabajos%20de%20mantenimiento%20en%20l%C3%ADnea%20de%20interconexi%C3%B3n%20Ays%C3%A9n-Coyhaique&#038;url=https:\/\/radiorevelacionfm.cl\/?p=29607' aria-hidden='false' data-av_icon='\ue8fc' data-av_iconfont='entypo-fontello' title='' data-avia-related-tooltip='Compartir en LinkedIn' rel=\"noopener\"><span class='avia_hidden_link_text'>Compartir en LinkedIn<\/span><\/a><\/li><li class='av-share-link av-social-link-mail' ><a  aria-label=\"Compartir por correo\" href='mailto:?subject=Empresa%20el%C3%A9ctrica%20realizar%C3%A1%20trabajos%20de%20mantenimiento%20en%20l%C3%ADnea%20de%20interconexi%C3%B3n%20Ays%C3%A9n-Coyhaique&#038;body=https:\/\/radiorevelacionfm.cl\/?p=29607' aria-hidden='false' data-av_icon='\ue805' data-av_iconfont='entypo-fontello' title='' data-avia-related-tooltip='Compartir por correo'><span class='avia_hidden_link_text'>Compartir por correo<\/span><\/a><\/li><\/ul><\/div><\/div>\n<div  style='height:50px' class='hr hr-invisible   avia-builder-el-8  el_after_av_social_share  el_before_av_comments_list '><span class='hr-inner ' ><span class='hr-inner-style'><\/span><\/span><\/div>\n<div  class='av-buildercomment  av-blog-meta-html-info-disabled av-blog-meta-tag-disabled  '><\/div>\n","protected":false},"excerpt":{"rendered":"","protected":false},"author":1,"featured_media":29610,"comment_status":"open","ping_status":"open","sticky":false,"template":"","format":"standard","meta":{"footnotes":""},"categories":[38],"tags":[],"class_list":["post-29607","post","type-post","status-publish","format-standard","has-post-thumbnail","hentry","category-regional"],"jetpack_featured_media_url":"https:\/\/radiorevelacionfm.cl\/wp-content\/uploads\/2023\/03\/Linieros-1-1-1.jpg","_links":{"self":[{"href":"https:\/\/radiorevelacionfm.cl\/index.php?rest_route=\/wp\/v2\/posts\/29607","targetHints":{"allow":["GET"]}}],"collection":[{"href":"https:\/\/radiorevelacionfm.cl\/index.php?rest_route=\/wp\/v2\/posts"}],"about":[{"href":"https:\/\/radiorevelacionfm.cl\/index.php?rest_route=\/wp\/v2\/types\/post"}],"author":[{"embeddable":true,"href":"https:\/\/radiorevelacionfm.cl\/index.php?rest_route=\/wp\/v2\/users\/1"}],"replies":[{"embeddable":true,"href":"https:\/\/radiorevelacionfm.cl\/index.php?rest_route=%2Fwp%2Fv2%2Fcomments&post=29607"}],"version-history":[{"count":1,"href":"https:\/\/radiorevelacionfm.cl\/index.php?rest_route=\/wp\/v2\/posts\/29607\/revisions"}],"predecessor-version":[{"id":29611,"href":"https:\/\/radiorevelacionfm.cl\/index.php?rest_route=\/wp\/v2\/posts\/29607\/revisions\/29611"}],"wp:featuredmedia":[{"embeddable":true,"href":"https:\/\/radiorevelacionfm.cl\/index.php?rest_route=\/wp\/v2\/media\/29610"}],"wp:attachment":[{"href":"https:\/\/radiorevelacionfm.cl\/index.php?rest_route=%2Fwp%2Fv2%2Fmedia&parent=29607"}],"wp:term":[{"taxonomy":"category","embeddable":true,"href":"https:\/\/radiorevelacionfm.cl\/index.php?rest_route=%2Fwp%2Fv2%2Fcategories&post=29607"},{"taxonomy":"post_tag","embeddable":true,"href":"https:\/\/radiorevelacionfm.cl\/index.php?rest_route=%2Fwp%2Fv2%2Ftags&post=29607"}],"curies":[{"name":"wp","href":"https:\/\/api.w.org\/{rel}","templated":true}]}}