{"id":29604,"date":"2023-03-31T18:33:23","date_gmt":"2023-03-31T21:33:23","guid":{"rendered":"https:\/\/radiorevelacionfm.cl\/?p=29604"},"modified":"2023-03-31T18:33:23","modified_gmt":"2023-03-31T21:33:23","slug":"seremi-de-salud-conoce-en-terreno-condiciones-sanitarias-de-melinka","status":"publish","type":"post","link":"https:\/\/radiorevelacionfm.cl\/?p=29604","title":{"rendered":"Seremi de Salud conoce en terreno condiciones sanitarias de Melinka"},"content":{"rendered":"<div class=\"flex_column av_one_full  flex_column_div av-zero-column-padding first  avia-builder-el-0  el_before_av_one_full  avia-builder-el-first  \" style='border-radius:0px; '><div  class='avia-image-container  av-styling-    avia-builder-el-1  avia-builder-el-no-sibling  avia-align-center '  itemprop=\"image\" itemscope=\"itemscope\" itemtype=\"https:\/\/schema.org\/ImageObject\"  ><div class='avia-image-container-inner'><div class='avia-image-overlay-wrap'><img decoding=\"async\" class='wp-image-29605 avia-img-lazy-loading-not-29605 avia_image' src=\"https:\/\/radiorevelacionfm.cl\/wp-content\/uploads\/2023\/03\/encuentor-comunidad-melinka-1_optimized-1.jpg\" alt='' title='encuentor-comunidad-melinka-(1)_optimized (1)' height=\"600\" width=\"1067\"  itemprop=\"thumbnailUrl\" srcset=\"https:\/\/radiorevelacionfm.cl\/wp-content\/uploads\/2023\/03\/encuentor-comunidad-melinka-1_optimized-1.jpg 1067w, https:\/\/radiorevelacionfm.cl\/wp-content\/uploads\/2023\/03\/encuentor-comunidad-melinka-1_optimized-1-300x169.jpg 300w, https:\/\/radiorevelacionfm.cl\/wp-content\/uploads\/2023\/03\/encuentor-comunidad-melinka-1_optimized-1-1030x579.jpg 1030w, https:\/\/radiorevelacionfm.cl\/wp-content\/uploads\/2023\/03\/encuentor-comunidad-melinka-1_optimized-1-768x432.jpg 768w, https:\/\/radiorevelacionfm.cl\/wp-content\/uploads\/2023\/03\/encuentor-comunidad-melinka-1_optimized-1-705x396.jpg 705w, https:\/\/radiorevelacionfm.cl\/wp-content\/uploads\/2023\/03\/encuentor-comunidad-melinka-1_optimized-1-450x253.jpg 450w, https:\/\/radiorevelacionfm.cl\/wp-content\/uploads\/2023\/03\/encuentor-comunidad-melinka-1_optimized-1-600x337.jpg 600w\" sizes=\"(max-width: 1067px) 100vw, 1067px\" \/><\/div><\/div><\/div><\/div><div class=\"flex_column av_one_full  flex_column_div av-zero-column-padding first  avia-builder-el-2  el_after_av_one_full  el_before_av_one_full  column-top-margin\" style='border-radius:0px; '><section class=\"av_textblock_section \"  itemscope=\"itemscope\" itemtype=\"https:\/\/schema.org\/BlogPosting\" itemprop=\"blogPost\" ><div class='avia_textblock  '   itemprop=\"text\" ><p style=\"text-align: center;\"><span style=\"font-size: 18pt;\"><strong>Seremi de Salud conoce en terreno condiciones sanitarias de Melinka<\/strong><\/span><\/p>\n<div id=\"gtx-trans\" style=\"position: absolute; left: -50px; top: 4.31534px;\">\n<div class=\"gtx-trans-icon\"><\/div>\n<\/div>\n<\/div><\/section><\/div><div class=\"flex_column av_one_full  flex_column_div av-zero-column-padding first  avia-builder-el-4  el_after_av_one_full  el_before_av_hr  column-top-margin\" style='border-radius:0px; '><section class=\"av_textblock_section \"  itemscope=\"itemscope\" itemtype=\"https:\/\/schema.org\/BlogPosting\" itemprop=\"blogPost\" ><div class='avia_textblock  '   itemprop=\"text\" ><p style=\"text-align: justify;\">Durante una visita a la comuna de Las Guaitecas en el litoral Aysenino, la Autoridad Sanitaria \u2013 junto a profesionales de salud- realiz\u00f3 visitas inspectivas a la zona donde se procesan los residuos domiciliarios, al sistema de Agua Potable Rural, donde sostuvo adem\u00e1s, encuentros con la comunidad del sector.<\/p>\n<p style=\"text-align: justify;\">Inserto dentro del plan de trabajo en terreno que desarrolla la Secretar\u00eda Regional Ministerial de Salud en Ays\u00e9n, nuestra Autoridad Sanitaria, preocupada de resguardar la salud de las comunidades llev\u00f3 a cabo una nutrida agenda de actividades en la comuna de Las Guaitecas, donde se cont\u00f3 adem\u00e1s con la participaci\u00f3n de profesionales del \u00e1rea de la salud, quienes realizaron visitas inspectivas a la zona en la que se realiza el tratamiento de residuos domiciliarios, al igual que la planta de agua potable rural de esta localidad, entre otras acciones relacionadas con la promoci\u00f3n de programas de Salud P\u00fablica.<\/p>\n<p style=\"text-align: justify;\">Programa de actividades que no solo involucr\u00f3 a profesionales de la Seremi de Salud, sino que tambi\u00e9n de Atenci\u00f3n Primaria de Salud, donde lo m\u00e1s relevante ser\u00e1 la coordinaci\u00f3n intersectorial para dar respuesta a las demandas de los habitantes de Melinka.\u00a0 Tal como lo manifest\u00f3 la Autoridad Sanitaria Carmen Monsalve G\u00f3mez.\u00a0 \u201cEn Melinka fuimos acompa\u00f1ados por la Directora de Atenci\u00f3n Primaria y un equipo de profesionales de la autoridad sanitaria, con el objetivo de poder dar cumplimiento a uno de los mandatos m\u00e1s importantes de nuestro Presidente Gabriel Boric, que tiene que ver con el trabajo cercano en el territorio y con las comunidades.\u00a0 Aqu\u00ed, tuvimos la oportunidad de trabajar muy en conjunto con el alcalde, su concejo y sus funcionarios para poder revisar las situaciones sanitarias y ambientales que est\u00e1n afectando hoy d\u00eda a la comunidad, donde es imperioso poder trabajar de manera colaborativa para poder avanzar concretamente en las soluciones o medidas a mediano y largo plazo\u201d, puntualiz\u00f3 la seremi.<\/p>\n<p style=\"text-align: justify;\">Fue as\u00ed como en esta jornada, la Autoridad Sanitaria, junto a profesionales de la Seremi de Salud conocieron el estado sanitario del vertedero de Melinka, donde junto a funcionarios y concejales municipales, se advirti\u00f3 la necesidad de mejorar el tratamiento de residuos de este lugar, para lo cual se contar\u00e1 con la gu\u00eda y normativas sanitarias que resguardan la salud de las personas.\u00a0 Asimismo, se inspeccion\u00f3 la planta de Agua Potable Rural del sector de Repollal.<\/p>\n<p style=\"text-align: justify;\">En la oportunidad, el Alcalde de Guaitecas, Marcos Silva Miranda, junto con valorar esta visita, se refiri\u00f3 a las demandas planteadas por la comunidad en una reuni\u00f3n con las autoridades de salud. \u201cPara nosotros siempre va a ser importante la visita de autoridades en comunas como Guaitecas.\u00a0 Siempre es valorable tener un director o seremi que recorra estos lugares especialmente en temas de salud. Somos una isla, no tenemos ninguna otra alternativa como para decir, voy a tomar una ambulancia y me voy a otro centro, ac\u00e1 eso no existe ac\u00e1 hay una posta rural, para los traslados hay que llamar a las autoridades para poder agilizarlos, es por eso que estos temas que han sido planteados en reuniones con la comunidad se vayan solucionando paulatinamente\u201d.<\/p>\n<p style=\"text-align: justify;\">Dentro de esta visita a la comuna de Las Guaitecas, la Seremi de Salud tambi\u00e9n sostuvo un encuentro con la comunidad y dirigentes sociales del sector, donde junto a las demandas ciudadanas, se reforz\u00f3 la importancia de los procesos de vacunaci\u00f3n frente a enfermedades como el COVID-19 e Influenza, adem\u00e1s de una reuni\u00f3n de coordinaci\u00f3n con los equipos de la Posta de Salud Rural en la que particip\u00f3 la Directora de Atenci\u00f3n Primaria del Servicio de Salud Ays\u00e9n, Lorena Guerrero, coloc\u00e1ndose \u00e9nfasis en la necesidad de promover la vacunaci\u00f3n, el trabajo con la comunidad, los enfermos cr\u00f3nicos y el mejoramiento en la detecci\u00f3n oportuna de tuberculosis.<\/p>\n<p style=\"text-align: justify;\">Cabe se\u00f1alar que el traslado de los equipos de salud a Melinka, se gest\u00f3 gracias a un convenio de colaboraci\u00f3n con la empresa Naviera Austral que se sum\u00f3 adem\u00e1s a potenciar campa\u00f1as de promoci\u00f3n en temas de Salud P\u00fablica como la prevenci\u00f3n de Marea Roja y Hantavirus, entre otros.<\/p>\n<\/div><\/section><\/div><div  style='height:50px' class='hr hr-invisible   avia-builder-el-6  el_after_av_one_full  el_before_av_social_share '><span class='hr-inner ' ><span class='hr-inner-style'><\/span><\/span><\/div><\/p>\n<div  class='av-social-sharing-box  avia-builder-el-7  el_after_av_hr  el_before_av_hr  '><div class='av-share-box'><h5 class='av-share-link-description av-no-toc '>Compartir esta noticia<\/h5><ul class='av-share-box-list noLightbox'><li class='av-share-link av-social-link-facebook' ><a target=\"_blank\" aria-label=\"Compartir en Facebook\" href='https:\/\/www.facebook.com\/sharer.php?u=https:\/\/radiorevelacionfm.cl\/?p=29604&#038;t=Seremi%20de%20Salud%20conoce%20en%20terreno%20condiciones%20sanitarias%20de%20Melinka' aria-hidden='false' data-av_icon='\ue8f3' data-av_iconfont='entypo-fontello' title='' data-avia-related-tooltip='Compartir en Facebook' rel=\"noopener\"><span class='avia_hidden_link_text'>Compartir en Facebook<\/span><\/a><\/li><li class='av-share-link av-social-link-twitter' ><a target=\"_blank\" aria-label=\"Compartir en Twitter\" href='https:\/\/twitter.com\/share?text=Seremi%20de%20Salud%20conoce%20en%20terreno%20condiciones%20sanitarias%20de%20Melinka&#038;url=https:\/\/radiorevelacionfm.cl\/?p=29604' aria-hidden='false' data-av_icon='\ue8f1' data-av_iconfont='entypo-fontello' title='' data-avia-related-tooltip='Compartir en Twitter' rel=\"noopener\"><span class='avia_hidden_link_text'>Compartir en Twitter<\/span><\/a><\/li><li class='av-share-link av-social-link-whatsapp' ><a target=\"_blank\" aria-label=\"Compartir en Whatsapp\" href='https:\/\/api.whatsapp.com\/send?text=https:\/\/radiorevelacionfm.cl\/?p=29604' aria-hidden='false' data-av_icon='\uf232' data-av_iconfont='entypo-fontello' title='' data-avia-related-tooltip='Compartir en Whatsapp' rel=\"noopener\"><span class='avia_hidden_link_text'>Compartir en Whatsapp<\/span><\/a><\/li><li class='av-share-link av-social-link-linkedin' ><a target=\"_blank\" aria-label=\"Compartir en LinkedIn\" href='https:\/\/linkedin.com\/shareArticle?mini=true&#038;title=Seremi%20de%20Salud%20conoce%20en%20terreno%20condiciones%20sanitarias%20de%20Melinka&#038;url=https:\/\/radiorevelacionfm.cl\/?p=29604' aria-hidden='false' data-av_icon='\ue8fc' data-av_iconfont='entypo-fontello' title='' data-avia-related-tooltip='Compartir en LinkedIn' rel=\"noopener\"><span class='avia_hidden_link_text'>Compartir en LinkedIn<\/span><\/a><\/li><li class='av-share-link av-social-link-mail' ><a  aria-label=\"Compartir por correo\" href='mailto:?subject=Seremi%20de%20Salud%20conoce%20en%20terreno%20condiciones%20sanitarias%20de%20Melinka&#038;body=https:\/\/radiorevelacionfm.cl\/?p=29604' aria-hidden='false' data-av_icon='\ue805' data-av_iconfont='entypo-fontello' title='' data-avia-related-tooltip='Compartir por correo'><span class='avia_hidden_link_text'>Compartir por correo<\/span><\/a><\/li><\/ul><\/div><\/div>\n<div  style='height:50px' class='hr hr-invisible   avia-builder-el-8  el_after_av_social_share  el_before_av_comments_list '><span class='hr-inner ' ><span class='hr-inner-style'><\/span><\/span><\/div>\n<div  class='av-buildercomment  av-blog-meta-html-info-disabled av-blog-meta-tag-disabled  '><\/div>\n","protected":false},"excerpt":{"rendered":"","protected":false},"author":1,"featured_media":29605,"comment_status":"open","ping_status":"open","sticky":false,"template":"","format":"standard","meta":{"footnotes":""},"categories":[46],"tags":[],"class_list":["post-29604","post","type-post","status-publish","format-standard","has-post-thumbnail","hentry","category-salud"],"jetpack_featured_media_url":"https:\/\/radiorevelacionfm.cl\/wp-content\/uploads\/2023\/03\/encuentor-comunidad-melinka-1_optimized-1.jpg","_links":{"self":[{"href":"https:\/\/radiorevelacionfm.cl\/index.php?rest_route=\/wp\/v2\/posts\/29604","targetHints":{"allow":["GET"]}}],"collection":[{"href":"https:\/\/radiorevelacionfm.cl\/index.php?rest_route=\/wp\/v2\/posts"}],"about":[{"href":"https:\/\/radiorevelacionfm.cl\/index.php?rest_route=\/wp\/v2\/types\/post"}],"author":[{"embeddable":true,"href":"https:\/\/radiorevelacionfm.cl\/index.php?rest_route=\/wp\/v2\/users\/1"}],"replies":[{"embeddable":true,"href":"https:\/\/radiorevelacionfm.cl\/index.php?rest_route=%2Fwp%2Fv2%2Fcomments&post=29604"}],"version-history":[{"count":1,"href":"https:\/\/radiorevelacionfm.cl\/index.php?rest_route=\/wp\/v2\/posts\/29604\/revisions"}],"predecessor-version":[{"id":29606,"href":"https:\/\/radiorevelacionfm.cl\/index.php?rest_route=\/wp\/v2\/posts\/29604\/revisions\/29606"}],"wp:featuredmedia":[{"embeddable":true,"href":"https:\/\/radiorevelacionfm.cl\/index.php?rest_route=\/wp\/v2\/media\/29605"}],"wp:attachment":[{"href":"https:\/\/radiorevelacionfm.cl\/index.php?rest_route=%2Fwp%2Fv2%2Fmedia&parent=29604"}],"wp:term":[{"taxonomy":"category","embeddable":true,"href":"https:\/\/radiorevelacionfm.cl\/index.php?rest_route=%2Fwp%2Fv2%2Fcategories&post=29604"},{"taxonomy":"post_tag","embeddable":true,"href":"https:\/\/radiorevelacionfm.cl\/index.php?rest_route=%2Fwp%2Fv2%2Ftags&post=29604"}],"curies":[{"name":"wp","href":"https:\/\/api.w.org\/{rel}","templated":true}]}}