{"id":29599,"date":"2023-03-31T18:13:03","date_gmt":"2023-03-31T21:13:03","guid":{"rendered":"https:\/\/radiorevelacionfm.cl\/?p=29599"},"modified":"2023-03-31T18:13:03","modified_gmt":"2023-03-31T21:13:03","slug":"gremios-del-sector-turistico-comercio-transportes-y-alcaldes-se-reunen-con-el-mop-para-constatar-avances-en-el-plan-excepcional-de-conservacion-de-caminos","status":"publish","type":"post","link":"https:\/\/radiorevelacionfm.cl\/?p=29599","title":{"rendered":"Gremios del sector tur\u00edstico, comercio, transportes y alcaldes se re\u00fanen con el MOP para constatar avances en el plan excepcional de conservaci\u00f3n de caminos"},"content":{"rendered":"<div class=\"flex_column av_one_full  flex_column_div av-zero-column-padding first  avia-builder-el-0  el_before_av_one_full  avia-builder-el-first  \" style='border-radius:0px; '><div  class='avia-image-container  av-styling-    avia-builder-el-1  avia-builder-el-no-sibling  avia-align-center '  itemprop=\"image\" itemscope=\"itemscope\" itemtype=\"https:\/\/schema.org\/ImageObject\"  ><div class='avia-image-container-inner'><div class='avia-image-overlay-wrap'><img decoding=\"async\" class='wp-image-29602 avia-img-lazy-loading-not-29602 avia_image' src=\"https:\/\/radiorevelacionfm.cl\/wp-content\/uploads\/2023\/03\/turismo-reuniones-5-1_optimized-2.jpg\" alt='' title='turismo-reuniones-5-(1)_optimized (2)' height=\"600\" width=\"1590\"  itemprop=\"thumbnailUrl\" srcset=\"https:\/\/radiorevelacionfm.cl\/wp-content\/uploads\/2023\/03\/turismo-reuniones-5-1_optimized-2.jpg 1590w, https:\/\/radiorevelacionfm.cl\/wp-content\/uploads\/2023\/03\/turismo-reuniones-5-1_optimized-2-300x113.jpg 300w, https:\/\/radiorevelacionfm.cl\/wp-content\/uploads\/2023\/03\/turismo-reuniones-5-1_optimized-2-1030x389.jpg 1030w, https:\/\/radiorevelacionfm.cl\/wp-content\/uploads\/2023\/03\/turismo-reuniones-5-1_optimized-2-768x290.jpg 768w, https:\/\/radiorevelacionfm.cl\/wp-content\/uploads\/2023\/03\/turismo-reuniones-5-1_optimized-2-1536x580.jpg 1536w, https:\/\/radiorevelacionfm.cl\/wp-content\/uploads\/2023\/03\/turismo-reuniones-5-1_optimized-2-1500x566.jpg 1500w, https:\/\/radiorevelacionfm.cl\/wp-content\/uploads\/2023\/03\/turismo-reuniones-5-1_optimized-2-705x266.jpg 705w, https:\/\/radiorevelacionfm.cl\/wp-content\/uploads\/2023\/03\/turismo-reuniones-5-1_optimized-2-450x170.jpg 450w, https:\/\/radiorevelacionfm.cl\/wp-content\/uploads\/2023\/03\/turismo-reuniones-5-1_optimized-2-600x226.jpg 600w\" sizes=\"(max-width: 1590px) 100vw, 1590px\" \/><\/div><\/div><\/div><\/div><div class=\"flex_column av_one_full  flex_column_div av-zero-column-padding first  avia-builder-el-2  el_after_av_one_full  el_before_av_one_full  column-top-margin\" style='border-radius:0px; '><section class=\"av_textblock_section \"  itemscope=\"itemscope\" itemtype=\"https:\/\/schema.org\/BlogPosting\" itemprop=\"blogPost\" ><div class='avia_textblock  '   itemprop=\"text\" ><p style=\"text-align: center;\"><strong><span style=\"font-size: 18pt;\">Gremios del sector tur\u00edstico, comercio, transportes y alcaldes se re\u00fanen con el MOP para constatar avances en el plan excepcional de conservaci\u00f3n de caminos<\/span><\/strong><\/p>\n<div id=\"gtx-trans\" style=\"position: absolute; left: -50px; top: 4.31534px;\">\n<div class=\"gtx-trans-icon\"><\/div>\n<\/div>\n<\/div><\/section><\/div><div class=\"flex_column av_one_full  flex_column_div av-zero-column-padding first  avia-builder-el-4  el_after_av_one_full  el_before_av_hr  column-top-margin\" style='border-radius:0px; '><section class=\"av_textblock_section \"  itemscope=\"itemscope\" itemtype=\"https:\/\/schema.org\/BlogPosting\" itemprop=\"blogPost\" ><div class='avia_textblock  '   itemprop=\"text\" ><p style=\"text-align: justify;\"><em>\u201cHoy 21 m\u00e1quinas y personal est\u00e1n trabajando en la conservaci\u00f3n de las Rutas. La pr\u00f3xima semana contaremos con un parque total de 26 maquinarias m\u00e1s 18 personas que se integrar\u00e1n al equipo regional de Vialidad para dar continuidad a estas labores en toda la red vial regional, siendo parte de las medidas que estamos implementando como gobierno en el marco de la ejecuci\u00f3n del Plan Excepcional de Conservaci\u00f3n de Caminos\u201d, asegur\u00f3 el Seremi del MOP. <\/em><\/p>\n<p style=\"text-align: justify;\">El Secretario Regional Ministerial de Obras P\u00fablicas, Patricio Sanhueza Ulloa, inform\u00f3 que esta semana realiz\u00f3 una serie de reuniones con distintos sectores para informar los avances que a la fecha presenta el Plan Excepcional de Conservaci\u00f3n de Caminos en la regi\u00f3n de Ays\u00e9n, gestiones que continuar\u00e1n ampli\u00e1ndose los pr\u00f3ximos d\u00edas.<\/p>\n<p style=\"text-align: justify;\">Al respecto, Patricio Sanhueza Ulloa inform\u00f3 \u201chemos podido comunicar algunos avances que tenemos en el desarrollo del Plan Excepcional de Conservaci\u00f3n de Caminos, en donde ya contamos con la redacci\u00f3n del Decreto de Emergencia y lo estamos pasando a tr\u00e1mite, as\u00ed como tambi\u00e9n la llegada desde otras regiones del pa\u00eds de motoniveladoras para reforzar la Administraci\u00f3n Directa de Vialidad. Tambi\u00e9n hemos escuchado, tomado nota y en algunos casos dado respuesta inmediata a los requerimientos de las y los vecinos\/as, as\u00ed que estamos muy satisfechos porque han sido reuniones muy constructivas. Hemos acordado reunirnos en tres semanas m\u00e1s para entregarles un nuevo reporte de los avances que tengamos a esa fecha. As\u00ed que de manera conjunta vamos a enfrentar este desaf\u00edo para disminuir la brecha respecto de lo que la comunidad espera de la conservaci\u00f3n de los caminos. Tambi\u00e9n, nos han felicitado tanto la comunidad y como las autoridades porque ya han podido ver que la red vial principalmente hacia el sur ha mostrado una notable mejor\u00eda y lo mismo ha sucedido respecto a las operaciones de conservaci\u00f3n realizadas en la Ruta 7 Norte en el sector Queulat, as\u00ed que los reportes tanto internos de nuestros equipos, como de los dirigentes son satisfactorios, y estamos muy contentos por ello y por mejorar las condiciones de vida de todas y todos\u201d.<\/p>\n<p style=\"text-align: justify;\">Consultado acerca de la reuni\u00f3n sostenida con los representantes de la Asociaci\u00f3n Regional de Municipios de Ays\u00e9n (AREMU) a trav\u00e9s de los Alcaldes Jorge Calder\u00f3n, Abel Becerra y Marcelo Santana, la autoridad regional de Obras P\u00fablicas indic\u00f3 que consultaron acerca de c\u00f3mo se materializa y se avanza respecto de los anuncios realizados por el presidente de la Rep\u00fablica en materia de licitaci\u00f3n de nuevos contratos de pavimento de esta Ruta, y tambi\u00e9n abordaron la mantenci\u00f3n de la Ruta 7 y las medidas a corto y mediano plazo consideradas para mejorar las condiciones de la Ruta 7, m\u00e1s a\u00fan cuando se avecina el invierno.<\/p>\n<p style=\"text-align: justify;\">Sobre el particular, el Alcalde de la comuna de Cochrane destac\u00f3 \u201chemos conocido detalles respecto de cu\u00e1l ser\u00eda la forma y los tiempos para avanzar en la pavimentaci\u00f3n de la Ruta 7 Sur, y hemos recibido la noticia de la llegada de mayor cantidad de maquinaria para la mantenci\u00f3n de la Ruta, y as\u00ed mismo tambi\u00e9n se nos ha informado respecto de nuevos contratos de emergencia que debiesen colaborar en aquello. En las \u00faltimas dos semanas hemos visto una mejora respecto de la mantenci\u00f3n de la Ruta 7 principalmente en lo que respecta hacia el sur de la regi\u00f3n de Ays\u00e9n y eso lo encontramos muy positivo y esperamos entonces, que en raz\u00f3n de las medidas que se van a implementar, estas mejoras se mantengan de manera permanente porque en definitiva, las comunidades sobre todo las del sur de la regi\u00f3n de Ays\u00e9n son quienes transitan muchas veces por situaciones de tr\u00e1mites, de enfermedad, etc. y requieren que esa Ruta -que es la \u00fanica forma de conectividad- este en buenas condiciones\u201d.<\/p>\n<p style=\"text-align: justify;\">Por su parte, en la reuni\u00f3n expuso Renzo Sanders Cort\u00e9s, Coordinador del Plan Excepcional de Conservaci\u00f3n de Caminos de la Direcci\u00f3n Regional de Vialidad MOP, quien indic\u00f3 \u201cal d\u00eda de hoy -31 de marzo- podemos aseverar que el pool de motoniveladoras que realiza faenas en la red vial son 21 unidades operativas, y con la llegada de cinco motoniveladoras de apoyo de regiones del norte se completa la totalidad de 26 motoniveladoras. Cada una de estas m\u00e1quinas va a tener una red vial asignada para cubrir el 100% de nuestros caminos. El apoyo de las regiones del norte se complementar\u00e1 con 2 camiones tolva, 1 retroexcavadora, 4 camionetas y 18 funcionarios. Importante destacar que adem\u00e1s, de las dos motoniveladoras nuevas que ser\u00e1n parte de la dotaci\u00f3n de la regi\u00f3n \u2013enviadas desde la Direcci\u00f3n Nacional de Vialidad MOP- se suman otras m\u00e1quinas nuevas como son 4 camionetas 4&#215;4, 1 gr\u00faa horquilla y 1 cami\u00f3n aljibe. La percepci\u00f3n de las personas poco a poco ha ido cambiando, siendo positiva lo que es un aliciente para todo el equipo de la Direcci\u00f3n de Vialidad. El Plan se extender\u00e1 hasta junio de este a\u00f1o, donde seg\u00fan la planificaci\u00f3n debieran ingresar los contratos por trato directo del Decreto de Emergencia y una vez finalizados estos, dar el inicio a los contratos de Conservaci\u00f3n Global\u201d.<\/p>\n<p style=\"text-align: justify;\">En la reuni\u00f3n, tambi\u00e9n participaron integrantes del gremio del transporte, oportunidad en la que el secretario de la Asociaci\u00f3n Gremial de Transporte Privado y Remunerado de la regi\u00f3n de Ays\u00e9n, Ram\u00f3n Mena Gallardo resalt\u00f3 \u201cven\u00edamos con la expectativa de aclarar todas las dudas que tiene el gremio relacionado espec\u00edficamente con el eje vertebral de lo que es la Ruta 7 Sur. Me voy bastante tranquilo, la verdad con el equipo de trabajo que est\u00e1 desarrollando el MOP Vialidad a trav\u00e9s de la gente que ha venido fuera de la regi\u00f3n y con la exposici\u00f3n dada tenemos optimismo de que esto va a llegar a buen t\u00e9rmino en el corto plazo. As\u00ed que ya las m\u00e1quinas est\u00e1n trabajando. Yo vengo llegando de Caleta Tortel y vi tramos que est\u00e1n bastante buenos, as\u00ed que optimista con la reuni\u00f3n y con lo que se ha expresado por parte de Vialidad\u201d.<\/p>\n<p style=\"text-align: justify;\">Finalmente, el SEREMI del MOP inform\u00f3 que durante las pr\u00f3ximas semanas se continuar\u00e1n desarrollando reuniones con otros representantes y sectores de la comunidad como son el Consejo Regional de Ays\u00e9n y la C\u00e1mara Chilena de la Construcci\u00f3n, con el objetivo de poder atender las necesidades y requerimientos espec\u00edficos de cada sector.<\/p>\n<\/div><\/section><\/div><\/p>\n<div  style='height:50px' class='hr hr-invisible   avia-builder-el-6  el_after_av_one_full  el_before_av_social_share '><span class='hr-inner ' ><span class='hr-inner-style'><\/span><\/span><\/div>\n<div  class='av-social-sharing-box  avia-builder-el-7  el_after_av_hr  el_before_av_hr  '><div class='av-share-box'><h5 class='av-share-link-description av-no-toc '>Compartir esta noticia<\/h5><ul class='av-share-box-list noLightbox'><li class='av-share-link av-social-link-facebook' ><a target=\"_blank\" aria-label=\"Compartir en Facebook\" href='https:\/\/www.facebook.com\/sharer.php?u=https:\/\/radiorevelacionfm.cl\/?p=29599&#038;t=Gremios%20del%20sector%20tur%C3%ADstico%2C%20comercio%2C%20transportes%20y%20alcaldes%20se%20re%C3%BAnen%20con%20el%20MOP%20para%20constatar%20avances%20en%20el%20plan%20excepcional%20de%20conservaci%C3%B3n%20de%20caminos' aria-hidden='false' data-av_icon='\ue8f3' data-av_iconfont='entypo-fontello' title='' data-avia-related-tooltip='Compartir en Facebook' rel=\"noopener\"><span class='avia_hidden_link_text'>Compartir en Facebook<\/span><\/a><\/li><li class='av-share-link av-social-link-twitter' ><a target=\"_blank\" aria-label=\"Compartir en Twitter\" href='https:\/\/twitter.com\/share?text=Gremios%20del%20sector%20tur%C3%ADstico%2C%20comercio%2C%20transportes%20y%20alcaldes%20se%20re%C3%BAnen%20con%20el%20MOP%20para%20constatar%20avances%20en%20el%20plan%20excepcional%20de%20conservaci%C3%B3n%20de%20caminos&#038;url=https:\/\/radiorevelacionfm.cl\/?p=29599' aria-hidden='false' data-av_icon='\ue8f1' data-av_iconfont='entypo-fontello' title='' data-avia-related-tooltip='Compartir en Twitter' rel=\"noopener\"><span class='avia_hidden_link_text'>Compartir en Twitter<\/span><\/a><\/li><li class='av-share-link av-social-link-whatsapp' ><a target=\"_blank\" aria-label=\"Compartir en Whatsapp\" href='https:\/\/api.whatsapp.com\/send?text=https:\/\/radiorevelacionfm.cl\/?p=29599' aria-hidden='false' data-av_icon='\uf232' data-av_iconfont='entypo-fontello' title='' data-avia-related-tooltip='Compartir en Whatsapp' rel=\"noopener\"><span class='avia_hidden_link_text'>Compartir en Whatsapp<\/span><\/a><\/li><li class='av-share-link av-social-link-linkedin' ><a target=\"_blank\" aria-label=\"Compartir en LinkedIn\" href='https:\/\/linkedin.com\/shareArticle?mini=true&#038;title=Gremios%20del%20sector%20tur%C3%ADstico%2C%20comercio%2C%20transportes%20y%20alcaldes%20se%20re%C3%BAnen%20con%20el%20MOP%20para%20constatar%20avances%20en%20el%20plan%20excepcional%20de%20conservaci%C3%B3n%20de%20caminos&#038;url=https:\/\/radiorevelacionfm.cl\/?p=29599' aria-hidden='false' data-av_icon='\ue8fc' data-av_iconfont='entypo-fontello' title='' data-avia-related-tooltip='Compartir en LinkedIn' rel=\"noopener\"><span class='avia_hidden_link_text'>Compartir en LinkedIn<\/span><\/a><\/li><li class='av-share-link av-social-link-mail' ><a  aria-label=\"Compartir por correo\" href='mailto:?subject=Gremios%20del%20sector%20tur%C3%ADstico%2C%20comercio%2C%20transportes%20y%20alcaldes%20se%20re%C3%BAnen%20con%20el%20MOP%20para%20constatar%20avances%20en%20el%20plan%20excepcional%20de%20conservaci%C3%B3n%20de%20caminos&#038;body=https:\/\/radiorevelacionfm.cl\/?p=29599' aria-hidden='false' data-av_icon='\ue805' data-av_iconfont='entypo-fontello' title='' data-avia-related-tooltip='Compartir por correo'><span class='avia_hidden_link_text'>Compartir por correo<\/span><\/a><\/li><\/ul><\/div><\/div>\n<div  style='height:50px' class='hr hr-invisible   avia-builder-el-8  el_after_av_social_share  el_before_av_comments_list '><span class='hr-inner ' ><span class='hr-inner-style'><\/span><\/span><\/div>\n<div  class='av-buildercomment  av-blog-meta-html-info-disabled av-blog-meta-tag-disabled  '><\/div>\n","protected":false},"excerpt":{"rendered":"","protected":false},"author":1,"featured_media":29602,"comment_status":"open","ping_status":"open","sticky":false,"template":"","format":"standard","meta":{"footnotes":""},"categories":[38],"tags":[],"class_list":["post-29599","post","type-post","status-publish","format-standard","has-post-thumbnail","hentry","category-regional"],"jetpack_featured_media_url":"https:\/\/radiorevelacionfm.cl\/wp-content\/uploads\/2023\/03\/turismo-reuniones-5-1_optimized-2.jpg","_links":{"self":[{"href":"https:\/\/radiorevelacionfm.cl\/index.php?rest_route=\/wp\/v2\/posts\/29599","targetHints":{"allow":["GET"]}}],"collection":[{"href":"https:\/\/radiorevelacionfm.cl\/index.php?rest_route=\/wp\/v2\/posts"}],"about":[{"href":"https:\/\/radiorevelacionfm.cl\/index.php?rest_route=\/wp\/v2\/types\/post"}],"author":[{"embeddable":true,"href":"https:\/\/radiorevelacionfm.cl\/index.php?rest_route=\/wp\/v2\/users\/1"}],"replies":[{"embeddable":true,"href":"https:\/\/radiorevelacionfm.cl\/index.php?rest_route=%2Fwp%2Fv2%2Fcomments&post=29599"}],"version-history":[{"count":1,"href":"https:\/\/radiorevelacionfm.cl\/index.php?rest_route=\/wp\/v2\/posts\/29599\/revisions"}],"predecessor-version":[{"id":29603,"href":"https:\/\/radiorevelacionfm.cl\/index.php?rest_route=\/wp\/v2\/posts\/29599\/revisions\/29603"}],"wp:featuredmedia":[{"embeddable":true,"href":"https:\/\/radiorevelacionfm.cl\/index.php?rest_route=\/wp\/v2\/media\/29602"}],"wp:attachment":[{"href":"https:\/\/radiorevelacionfm.cl\/index.php?rest_route=%2Fwp%2Fv2%2Fmedia&parent=29599"}],"wp:term":[{"taxonomy":"category","embeddable":true,"href":"https:\/\/radiorevelacionfm.cl\/index.php?rest_route=%2Fwp%2Fv2%2Fcategories&post=29599"},{"taxonomy":"post_tag","embeddable":true,"href":"https:\/\/radiorevelacionfm.cl\/index.php?rest_route=%2Fwp%2Fv2%2Ftags&post=29599"}],"curies":[{"name":"wp","href":"https:\/\/api.w.org\/{rel}","templated":true}]}}