{"id":29596,"date":"2023-04-02T13:22:07","date_gmt":"2023-04-02T16:22:07","guid":{"rendered":"https:\/\/radiorevelacionfm.cl\/?p=29596"},"modified":"2023-04-02T13:22:07","modified_gmt":"2023-04-02T16:22:07","slug":"este-2-de-abril-se-conmemora-el-dia-mundial-de-la-concienciacion-del-espectro-autista","status":"publish","type":"post","link":"https:\/\/radiorevelacionfm.cl\/?p=29596","title":{"rendered":"Este 2 de abril se conmemora el d\u00eda mundial de la concienciaci\u00f3n del Espectro Autista"},"content":{"rendered":"<div class=\"flex_column av_one_full  flex_column_div av-zero-column-padding first  avia-builder-el-0  el_before_av_one_full  avia-builder-el-first  \" style='border-radius:0px; '><div  class='avia-image-container  av-styling-    avia-builder-el-1  avia-builder-el-no-sibling  avia-align-center '  itemprop=\"image\" itemscope=\"itemscope\" itemtype=\"https:\/\/schema.org\/ImageObject\"  ><div class='avia-image-container-inner'><div class='avia-image-overlay-wrap'><img decoding=\"async\" class='wp-image-29597 avia-img-lazy-loading-not-29597 avia_image' src=\"https:\/\/radiorevelacionfm.cl\/wp-content\/uploads\/2023\/03\/whatsapp-image-2023-03-31-at-15_optimized.19.29-1.jpeg\" alt='' title='whatsapp-image-2023-03-31-at-15_optimized.19.29-(1)' height=\"600\" width=\"1294\"  itemprop=\"thumbnailUrl\" srcset=\"https:\/\/radiorevelacionfm.cl\/wp-content\/uploads\/2023\/03\/whatsapp-image-2023-03-31-at-15_optimized.19.29-1.jpeg 1294w, https:\/\/radiorevelacionfm.cl\/wp-content\/uploads\/2023\/03\/whatsapp-image-2023-03-31-at-15_optimized.19.29-1-300x139.jpeg 300w, https:\/\/radiorevelacionfm.cl\/wp-content\/uploads\/2023\/03\/whatsapp-image-2023-03-31-at-15_optimized.19.29-1-1030x478.jpeg 1030w, https:\/\/radiorevelacionfm.cl\/wp-content\/uploads\/2023\/03\/whatsapp-image-2023-03-31-at-15_optimized.19.29-1-768x356.jpeg 768w, https:\/\/radiorevelacionfm.cl\/wp-content\/uploads\/2023\/03\/whatsapp-image-2023-03-31-at-15_optimized.19.29-1-705x327.jpeg 705w, https:\/\/radiorevelacionfm.cl\/wp-content\/uploads\/2023\/03\/whatsapp-image-2023-03-31-at-15_optimized.19.29-1-450x209.jpeg 450w, https:\/\/radiorevelacionfm.cl\/wp-content\/uploads\/2023\/03\/whatsapp-image-2023-03-31-at-15_optimized.19.29-1-600x278.jpeg 600w\" sizes=\"(max-width: 1294px) 100vw, 1294px\" \/><\/div><\/div><\/div><\/div><div class=\"flex_column av_one_full  flex_column_div av-zero-column-padding first  avia-builder-el-2  el_after_av_one_full  el_before_av_one_full  column-top-margin\" style='border-radius:0px; '><section class=\"av_textblock_section \"  itemscope=\"itemscope\" itemtype=\"https:\/\/schema.org\/BlogPosting\" itemprop=\"blogPost\" ><div class='avia_textblock  '   itemprop=\"text\" ><p style=\"text-align: center;\"><span style=\"font-size: 18pt;\"><b>Este 2 de abril se conmemora el d\u00eda mundial de la concienciaci\u00f3n del Espectro Autista<\/b><\/span><\/p>\n<div id=\"gtx-trans\" style=\"position: absolute; left: -50px; top: 4.31534px;\">\n<div class=\"gtx-trans-icon\"><\/div>\n<\/div>\n<\/div><\/section><\/div><div class=\"flex_column av_one_full  flex_column_div av-zero-column-padding first  avia-builder-el-4  el_after_av_one_full  el_before_av_hr  column-top-margin\" style='border-radius:0px; '><section class=\"av_textblock_section \"  itemscope=\"itemscope\" itemtype=\"https:\/\/schema.org\/BlogPosting\" itemprop=\"blogPost\" ><div class='avia_textblock  '   itemprop=\"text\" ><p style=\"font-weight: 400; text-align: justify;\">Este trastorno del Espectro Autista (TEA), es un trastorno del Neurodesarrollo y se caracteriza por alteraci\u00f3n en el \u00e1rea de comunicaci\u00f3n, interacci\u00f3n social y rigidez cognitiva.<\/p>\n<p style=\"font-weight: 400; text-align: justify;\">Con el objetivo de visibilizar y trabajar en la inclusi\u00f3n de esas personas, cada 2 de abril desde el 2008 se conmemora el d\u00eda internacional de conmemoraci\u00f3n del TEA. \u201cEl objetivo es visibilizar las problem\u00e1ticas de estas personas y sus familias. As\u00ed como tambi\u00e9n apoyar en su inserci\u00f3n social como uno m\u00e1s, favoreciendo su desarrollo en plenitud. Dar un espacio a estas personas y no estigmatizar su condici\u00f3n y derrocar mitos en relaci\u00f3n a esta es imprescindible si queremos avanzar en una sociedad inclusiva\u201d, se\u00f1al\u00f3 Alejandra Pacheco Gonz\u00e1lez, Referente de Infancia y Chile Crece Contigo Servicio de Salud Ays\u00e9n.<\/p>\n<p style=\"font-weight: 400; text-align: justify;\">El Trastorno del Espectro Autista (TEA) se caracteriza por ciertos d\u00e9ficits en comunicaci\u00f3n e interacci\u00f3n social, como tambi\u00e9n, patrones repetitivos y espec\u00edficos de conductas. Para reconocer a estas personas cada dos de abril, desde el a\u00f1o 2008, se conmemora el d\u00eda mundial de la concienciaci\u00f3n sobre el autismo.<\/p>\n<p style=\"font-weight: 400; text-align: justify;\">En ese contexto y en marzo pasado se aprob\u00f3 la Ley N\u00b0 21.545 que establece la promoci\u00f3n de la inclusi\u00f3n, la atenci\u00f3n integral, y la protecci\u00f3n de los derechos de las personas con trastorno del espectro autista en el \u00e1mbito social, de salud y educaci\u00f3n, m\u00e1s conocida como Ley TEA. El documento fue promulgado por el presidente Gabriel Boric.<\/p>\n<p style=\"font-weight: 400; text-align: justify;\">El texto legal busca establecer los deberes del Estado con las personas con TEA para asegurar el desarrollo personal, la vida independiente, la autonom\u00eda y la igualdad de oportunidades, adem\u00e1s de asegurar el derecho a la igualdad de oportunidades y resguardar la inclusi\u00f3n social de los ni\u00f1os, ni\u00f1as, adolescentes (NNA) y adultos con TEA. De esta forma, la ley termina con cualquier forma de discriminaci\u00f3n, para promover un abordaje integral de dichas personas en el \u00e1mbito social, de la salud y la educaci\u00f3n.<\/p>\n<p style=\"font-weight: 400; text-align: justify;\">Para este domingo la Asociaci\u00f3n Asperger Patagonia realizar\u00e1 un di\u00e1logo acerca de la ley 21.545, adem\u00e1s de impulsar diversos proyectos y los avances como organizaci\u00f3n. \u201cTambi\u00e9n vamos a hablar de la ley 21.545, conocida tambi\u00e9n como la Ley TEA y reforzar la colaboraci\u00f3n con las autoridades para la construcci\u00f3n del primer centro de autismo en Ays\u00e9n\u201d, indic\u00f3 Roberto Haro, presidente de la Asociaci\u00f3n Asperger Patagonia y agreg\u00f3 que \u201ctodos los a\u00f1os la Organizaci\u00f3n Mundial de la Salud coloca un lema, para este a\u00f1o es tr\u00e1tame por el nombre\u201d.<\/p>\n<p style=\"font-weight: 400; text-align: justify;\">El TEA est\u00e1 presente en todo el ciclo vital y hay una alta correlaci\u00f3n con factores gen\u00e9ticos. De all\u00ed la importancia de detectarla a tiempo, sobre todo en la infancia y facilitar la inclusi\u00f3n social de ni\u00f1os y ni\u00f1as.<\/p>\n<\/div><\/section><\/div><div  style='height:50px' class='hr hr-invisible   avia-builder-el-6  el_after_av_one_full  el_before_av_social_share '><span class='hr-inner ' ><span class='hr-inner-style'><\/span><\/span><\/div><\/p>\n<div  class='av-social-sharing-box  avia-builder-el-7  el_after_av_hr  el_before_av_hr  '><div class='av-share-box'><h5 class='av-share-link-description av-no-toc '>Compartir esta noticia<\/h5><ul class='av-share-box-list noLightbox'><li class='av-share-link av-social-link-facebook' ><a target=\"_blank\" aria-label=\"Compartir en Facebook\" href='https:\/\/www.facebook.com\/sharer.php?u=https:\/\/radiorevelacionfm.cl\/?p=29596&#038;t=Este%202%20de%20abril%20se%20conmemora%20el%20d%C3%ADa%20mundial%20de%20la%20concienciaci%C3%B3n%20del%20Espectro%20Autista' aria-hidden='false' data-av_icon='\ue8f3' data-av_iconfont='entypo-fontello' title='' data-avia-related-tooltip='Compartir en Facebook' rel=\"noopener\"><span class='avia_hidden_link_text'>Compartir en Facebook<\/span><\/a><\/li><li class='av-share-link av-social-link-twitter' ><a target=\"_blank\" aria-label=\"Compartir en Twitter\" href='https:\/\/twitter.com\/share?text=Este%202%20de%20abril%20se%20conmemora%20el%20d%C3%ADa%20mundial%20de%20la%20concienciaci%C3%B3n%20del%20Espectro%20Autista&#038;url=https:\/\/radiorevelacionfm.cl\/?p=29596' aria-hidden='false' data-av_icon='\ue8f1' data-av_iconfont='entypo-fontello' title='' data-avia-related-tooltip='Compartir en Twitter' rel=\"noopener\"><span class='avia_hidden_link_text'>Compartir en Twitter<\/span><\/a><\/li><li class='av-share-link av-social-link-whatsapp' ><a target=\"_blank\" aria-label=\"Compartir en Whatsapp\" href='https:\/\/api.whatsapp.com\/send?text=https:\/\/radiorevelacionfm.cl\/?p=29596' aria-hidden='false' data-av_icon='\uf232' data-av_iconfont='entypo-fontello' title='' data-avia-related-tooltip='Compartir en Whatsapp' rel=\"noopener\"><span class='avia_hidden_link_text'>Compartir en Whatsapp<\/span><\/a><\/li><li class='av-share-link av-social-link-linkedin' ><a target=\"_blank\" aria-label=\"Compartir en LinkedIn\" href='https:\/\/linkedin.com\/shareArticle?mini=true&#038;title=Este%202%20de%20abril%20se%20conmemora%20el%20d%C3%ADa%20mundial%20de%20la%20concienciaci%C3%B3n%20del%20Espectro%20Autista&#038;url=https:\/\/radiorevelacionfm.cl\/?p=29596' aria-hidden='false' data-av_icon='\ue8fc' data-av_iconfont='entypo-fontello' title='' data-avia-related-tooltip='Compartir en LinkedIn' rel=\"noopener\"><span class='avia_hidden_link_text'>Compartir en LinkedIn<\/span><\/a><\/li><li class='av-share-link av-social-link-mail' ><a  aria-label=\"Compartir por correo\" href='mailto:?subject=Este%202%20de%20abril%20se%20conmemora%20el%20d%C3%ADa%20mundial%20de%20la%20concienciaci%C3%B3n%20del%20Espectro%20Autista&#038;body=https:\/\/radiorevelacionfm.cl\/?p=29596' aria-hidden='false' data-av_icon='\ue805' data-av_iconfont='entypo-fontello' title='' data-avia-related-tooltip='Compartir por correo'><span class='avia_hidden_link_text'>Compartir por correo<\/span><\/a><\/li><\/ul><\/div><\/div>\n<div  style='height:50px' class='hr hr-invisible   avia-builder-el-8  el_after_av_social_share  el_before_av_comments_list '><span class='hr-inner ' ><span class='hr-inner-style'><\/span><\/span><\/div>\n<div  class='av-buildercomment  av-blog-meta-html-info-disabled av-blog-meta-tag-disabled  '><\/div>\n","protected":false},"excerpt":{"rendered":"","protected":false},"author":1,"featured_media":29597,"comment_status":"open","ping_status":"open","sticky":false,"template":"","format":"standard","meta":{"footnotes":""},"categories":[46],"tags":[],"class_list":["post-29596","post","type-post","status-publish","format-standard","has-post-thumbnail","hentry","category-salud"],"jetpack_featured_media_url":"https:\/\/radiorevelacionfm.cl\/wp-content\/uploads\/2023\/03\/whatsapp-image-2023-03-31-at-15_optimized.19.29-1.jpeg","_links":{"self":[{"href":"https:\/\/radiorevelacionfm.cl\/index.php?rest_route=\/wp\/v2\/posts\/29596","targetHints":{"allow":["GET"]}}],"collection":[{"href":"https:\/\/radiorevelacionfm.cl\/index.php?rest_route=\/wp\/v2\/posts"}],"about":[{"href":"https:\/\/radiorevelacionfm.cl\/index.php?rest_route=\/wp\/v2\/types\/post"}],"author":[{"embeddable":true,"href":"https:\/\/radiorevelacionfm.cl\/index.php?rest_route=\/wp\/v2\/users\/1"}],"replies":[{"embeddable":true,"href":"https:\/\/radiorevelacionfm.cl\/index.php?rest_route=%2Fwp%2Fv2%2Fcomments&post=29596"}],"version-history":[{"count":1,"href":"https:\/\/radiorevelacionfm.cl\/index.php?rest_route=\/wp\/v2\/posts\/29596\/revisions"}],"predecessor-version":[{"id":29598,"href":"https:\/\/radiorevelacionfm.cl\/index.php?rest_route=\/wp\/v2\/posts\/29596\/revisions\/29598"}],"wp:featuredmedia":[{"embeddable":true,"href":"https:\/\/radiorevelacionfm.cl\/index.php?rest_route=\/wp\/v2\/media\/29597"}],"wp:attachment":[{"href":"https:\/\/radiorevelacionfm.cl\/index.php?rest_route=%2Fwp%2Fv2%2Fmedia&parent=29596"}],"wp:term":[{"taxonomy":"category","embeddable":true,"href":"https:\/\/radiorevelacionfm.cl\/index.php?rest_route=%2Fwp%2Fv2%2Fcategories&post=29596"},{"taxonomy":"post_tag","embeddable":true,"href":"https:\/\/radiorevelacionfm.cl\/index.php?rest_route=%2Fwp%2Fv2%2Ftags&post=29596"}],"curies":[{"name":"wp","href":"https:\/\/api.w.org\/{rel}","templated":true}]}}