{"id":29591,"date":"2023-03-31T17:12:46","date_gmt":"2023-03-31T20:12:46","guid":{"rendered":"https:\/\/radiorevelacionfm.cl\/?p=29591"},"modified":"2023-03-31T17:12:46","modified_gmt":"2023-03-31T20:12:46","slug":"con-entrega-de-material-educativo-dan-inicio-al-periodo-de-gestion-de-episodios-criticos-2023","status":"publish","type":"post","link":"https:\/\/radiorevelacionfm.cl\/?p=29591","title":{"rendered":"Con entrega de material educativo dan inicio al periodo de Gesti\u00f3n de Episodios Cr\u00edticos 2023"},"content":{"rendered":"<div class=\"flex_column av_one_full  flex_column_div av-zero-column-padding first  avia-builder-el-0  el_before_av_one_full  avia-builder-el-first  \" style='border-radius:0px; '><div  class='avia-image-container  av-styling-    avia-builder-el-1  avia-builder-el-no-sibling  avia-align-center '  itemprop=\"image\" itemscope=\"itemscope\" itemtype=\"https:\/\/schema.org\/ImageObject\"  ><div class='avia-image-container-inner'><div class='avia-image-overlay-wrap'><img decoding=\"async\" class='wp-image-29592 avia-img-lazy-loading-not-29592 avia_image' src=\"https:\/\/radiorevelacionfm.cl\/wp-content\/uploads\/2023\/03\/img_4394-2-2_optimized-2.jpg\" alt='' title='img_4394-2-2_optimized-2' height=\"600\" width=\"1067\"  itemprop=\"thumbnailUrl\" srcset=\"https:\/\/radiorevelacionfm.cl\/wp-content\/uploads\/2023\/03\/img_4394-2-2_optimized-2.jpg 1067w, https:\/\/radiorevelacionfm.cl\/wp-content\/uploads\/2023\/03\/img_4394-2-2_optimized-2-300x169.jpg 300w, https:\/\/radiorevelacionfm.cl\/wp-content\/uploads\/2023\/03\/img_4394-2-2_optimized-2-1030x579.jpg 1030w, https:\/\/radiorevelacionfm.cl\/wp-content\/uploads\/2023\/03\/img_4394-2-2_optimized-2-768x432.jpg 768w, https:\/\/radiorevelacionfm.cl\/wp-content\/uploads\/2023\/03\/img_4394-2-2_optimized-2-705x396.jpg 705w, https:\/\/radiorevelacionfm.cl\/wp-content\/uploads\/2023\/03\/img_4394-2-2_optimized-2-450x253.jpg 450w, https:\/\/radiorevelacionfm.cl\/wp-content\/uploads\/2023\/03\/img_4394-2-2_optimized-2-600x337.jpg 600w\" sizes=\"(max-width: 1067px) 100vw, 1067px\" \/><\/div><\/div><\/div><\/div><div class=\"flex_column av_one_full  flex_column_div av-zero-column-padding first  avia-builder-el-2  el_after_av_one_full  el_before_av_one_full  column-top-margin\" style='border-radius:0px; '><section class=\"av_textblock_section \"  itemscope=\"itemscope\" itemtype=\"https:\/\/schema.org\/BlogPosting\" itemprop=\"blogPost\" ><div class='avia_textblock  '   itemprop=\"text\" ><p style=\"text-align: center;\"><strong><span style=\"font-size: 18pt;\">Con entrega de material educativo dan inicio al periodo de Gesti\u00f3n de Episodios Cr\u00edticos 2023<\/span><\/strong><\/p>\n<div id=\"gtx-trans\" style=\"position: absolute; left: -50px; top: 4.31534px;\">\n<div class=\"gtx-trans-icon\"><\/div>\n<\/div>\n<\/div><\/section><\/div><div class=\"flex_column av_one_full  flex_column_div av-zero-column-padding first  avia-builder-el-4  el_after_av_one_full  el_before_av_hr  column-top-margin\" style='border-radius:0px; '><section class=\"av_textblock_section \"  itemscope=\"itemscope\" itemtype=\"https:\/\/schema.org\/BlogPosting\" itemprop=\"blogPost\" ><div class='avia_textblock  '   itemprop=\"text\" ><p style=\"text-align: justify;\">El SEREMI del Medio Ambiente, Juli\u00e1n C\u00e1rdenas, junto al SEREMI de Energ\u00eda, Carlos D\u00edaz, la SEREMI de Salud Carmen Monsalve, Jefe de la oficina Regional de la Superintendencia del Medio Ambiente, Oscar Leal y representantes de la Municipalidad de Coyhaique llegaron hasta el jard\u00edn infantil VTF, Aiken Yemel, donde junto a la comunidad educativa dieron inicio al periodo de Gesti\u00f3n de Episodios Cr\u00edticos para la zona saturada de Coyhaique.<\/p>\n<p style=\"text-align: justify;\">Las autoridades fueron recibidas por peque\u00f1os y peque\u00f1as que cargaban pancartas con consignas como \u201cLa le\u00f1a mojada me va a enfermar, contamina el aire, me voy a intoxicar\u201d y vitoreando \u00a1Aire limpio, Aire limpio! Las y los p\u00e1rvulos realizaron adem\u00e1s una presentaci\u00f3n teatral llamando a la comunidad a mejorar la calidad del aire para futuras generaciones.<\/p>\n<p style=\"text-align: justify;\">El SEREMI del Medio Ambiente hizo entrega oficial a la comunidad educativa, del material de apoyo docente en calidad del aire, que forma parte del programa FNDR \u201cDifusi\u00f3n y Educaci\u00f3n Ambiental en Calidad del Aire\u201d financiado por el Gobierno Regional y su Consejo, relevando la Certificaci\u00f3n Ambiental de Excelencia obtenida por el centro educativo y marcando el tono del inicio del periodo GEC como el inicio de un trabajo de corresponsabilidad, compromiso ciudadano y de promoci\u00f3n de valores ambientales. \u201cMuy linda la actividad de hoy, llena de energ\u00eda y de mensajes potentes de que necesitamos hacer transformaciones desde ni\u00f1as, ni\u00f1os, nuestra juventud, nuestros adultos y poblaci\u00f3n en general para enfrentar el desaf\u00edo que presenta la calidad del aire en nuestra regi\u00f3n y particularmente en Coyhaique\u201d, relev\u00f3 el SEREMI agregando que la GEC es una herramienta fundamental que nos permite adoptar medidas restrictivas o prohibitivas, permanentes y por episodio para atacar la concentraci\u00f3n de contaminantes.<\/p>\n<p style=\"text-align: justify;\">El periodo de Gesti\u00f3n de Episodios Cr\u00edticos GEC, forma parte del Plan de Descontaminaci\u00f3n Atmosf\u00e9rica (PDA) de la zona saturada de Coyhaique y rige desde el 1 de abril hasta el 30 de septiembre, con el objetivo de proteger la salud de la poblaci\u00f3n, realizando acciones preventivas y restrictivas que permitan disminuir la exposici\u00f3n de la comunidad a los altos \u00edndices de contaminaci\u00f3n del aire por material particulado asociado al aumento en el uso de le\u00f1a h\u00fameda en los meses de oto\u00f1o &#8211; invierno.<\/p>\n<p style=\"text-align: justify;\">Durante la GEC las medidas restrictivas permanentes y fiscalizadas por la Superintendencia del Medio Ambiente SMA, consideran la prohibici\u00f3n del uso de calefactores a le\u00f1a en establecimientos comerciales y en dependencias de organismos de la administraci\u00f3n del Estado y municipales. Y la comercializaci\u00f3n de le\u00f1a sobre un 25% de humedad, al respecto el Jefe de la Oficina regional SMA, Oscar Leal, realiz\u00f3 un llamado a la comunidad \u201ca los vecinos, y vecinas, que realicen un gesto de compra responsable, que en la medida de sus posibilidades compren le\u00f1a con tiempo y exijan a su proveedor de le\u00f1a contar con un xilohigr\u00f3metro para verificar que cuente con menos del 25% de humedad\u201d.<\/p>\n<p style=\"text-align: justify;\">As\u00ed tambi\u00e9n como medida permanente se proh\u00edbe el uso del fuego para la quema de rastrojos, y de cualquier tipo de vegetaci\u00f3n viva o muerta en terrenos agr\u00edcolas, ganaderos o de aptitud preferentemente forestal dentro de la zona suscrita al plan. Finalmente se proh\u00edbe la quema de neum\u00e1ticos, hojas secas, ramas y\/o todo tipo de residuos al aire libre, en la v\u00eda p\u00fablica o recintos privados.<\/p>\n<p style=\"text-align: justify;\">Tambi\u00e9n se establecen medidas prohibitivas para cada episodio cr\u00edtico, definidos como ALERTA, PRE-EMERGENCIA y EMERGENCIA, cuya declaratoria emana desde la Delegaci\u00f3n Presidencial Regional y que son anunciados diariamente en airechile.mma.gob.cl, airecoyaique.mma.gob.cl, redes sociales de la Seremi del Medio Ambiente y medios de comunicaci\u00f3n locales.<\/p>\n<p style=\"text-align: justify;\">Las restricciones para los episodios de ALERTA, consisten en la prohibici\u00f3n de m\u00e1s de un artefacto a le\u00f1a por vivienda durante las 24 horas del d\u00eda, mientras que para los episodios de PRE-EMERGENCIA y EMERGENCIA adem\u00e1s se fiscalizar\u00e1n humos visibles y funcionamiento de calderas con emisiones mayores a 50 mg\/m3N. Dichas restricciones son fiscalizadas a trav\u00e9s de la SEREMI de Salud, que durante 2022 report\u00f3 68 incumplimientos que se tradujeron en sumarios sanitario. La SEREMI de Salud, Carmen Monsalve, respald\u00f3 el compromiso conjunto con la SEREMI del Medio ambiente para llevar adelante el periodo GEC 2022 y, como aprendizaje de la pandemia, la autoridad llam\u00f3 a reforzar el uso de mascarilla \u201csi bien no es una medida que se fiscalice dentro de la GEC, siempre es recomendable que las personas con problemas respiratorios cr\u00f3nicos que se enfrenten a episodios de emergencia en nuestra ciudad, puedan portar mascarilla, idealmente una Kn95 que es la que permite filtrar las part\u00edculas m\u00e1s peque\u00f1as\u201d.<\/p>\n<p style=\"text-align: justify;\">Por su parte el SEREMI de Energ\u00eda, Carlos D\u00edaz precis\u00f3 que \u201ccontamos con una nueva ley de biocombustibles s\u00f3lidos para la cual estamos desarrollando un reglamento, ya hicimos taller en Coyhaique, vamos a Puerto Ays\u00e9n y Cerro Castillo tambi\u00e9n, para construir un reglamento, principalmente en le\u00f1a, pellet y briquetas que nos va a permitir contar con reglas para cada regi\u00f3n, con plazos (\u2026) en cuanto a contaminaci\u00f3n, que es lo que llama a la motivaci\u00f3n de esta ley, tambi\u00e9n nos va a permitir regular la humedad de la le\u00f1a a un 25% como m\u00e1ximo\u201d, agregando que los esfuerzos y gestiones de este periodo han estado enfocadas en asegurar el abastecimiento de Pellet para evitar el retorno a la le\u00f1a.<\/p>\n<p style=\"text-align: justify;\">Respecto a las clases de Educaci\u00f3n F\u00edsica, las autoridades recordaron a la comunidad que estas no est\u00e1n prohibidas en los establecimientos educacionales, no obstante, se recomienda revisar la Gu\u00eda de actividades de educaci\u00f3n F\u00edsica para periodos de preemergencia y emergencia ambiental en Coyhaique, que se encuentra disponible en la p\u00e1gina web airecoyhaique.mma.gob.cl<\/p>\n<p style=\"text-align: justify;\">Finalmente, el SEREMI del Medio Ambiente recalc\u00f3 que seguir\u00e1 entregado material educativo, tanto a establecimientos educativos, como a la comunidad en general, aportando por reforzar el proceso de educaci\u00f3n ambiental como herramienta para seguir avanzando en descontaminaci\u00f3n, del mismo modo invito a la comunidad a mantenerse atenta a las redes sociales de la SEREMI donde se publicar\u00e1 el pron\u00f3stico diario de calidad del aire que para este este s\u00e1bado 1 de abril es: BUENO.<\/p>\n<\/div><\/section><\/div><div  style='height:50px' class='hr hr-invisible   avia-builder-el-6  el_after_av_one_full  el_before_av_social_share '><span class='hr-inner ' ><span class='hr-inner-style'><\/span><\/span><\/div><\/p>\n<div  class='av-social-sharing-box  avia-builder-el-7  el_after_av_hr  el_before_av_hr  '><div class='av-share-box'><h5 class='av-share-link-description av-no-toc '>Compartir esta noticia<\/h5><ul class='av-share-box-list noLightbox'><li class='av-share-link av-social-link-facebook' ><a target=\"_blank\" aria-label=\"Compartir en Facebook\" href='https:\/\/www.facebook.com\/sharer.php?u=https:\/\/radiorevelacionfm.cl\/?p=29591&#038;t=Con%20entrega%20de%20material%20educativo%20dan%20inicio%20al%20periodo%20de%20Gesti%C3%B3n%20de%20Episodios%20Cr%C3%ADticos%202023' aria-hidden='false' data-av_icon='\ue8f3' data-av_iconfont='entypo-fontello' title='' data-avia-related-tooltip='Compartir en Facebook' rel=\"noopener\"><span class='avia_hidden_link_text'>Compartir en Facebook<\/span><\/a><\/li><li class='av-share-link av-social-link-twitter' ><a target=\"_blank\" aria-label=\"Compartir en Twitter\" href='https:\/\/twitter.com\/share?text=Con%20entrega%20de%20material%20educativo%20dan%20inicio%20al%20periodo%20de%20Gesti%C3%B3n%20de%20Episodios%20Cr%C3%ADticos%202023&#038;url=https:\/\/radiorevelacionfm.cl\/?p=29591' aria-hidden='false' data-av_icon='\ue8f1' data-av_iconfont='entypo-fontello' title='' data-avia-related-tooltip='Compartir en Twitter' rel=\"noopener\"><span class='avia_hidden_link_text'>Compartir en Twitter<\/span><\/a><\/li><li class='av-share-link av-social-link-whatsapp' ><a target=\"_blank\" aria-label=\"Compartir en Whatsapp\" href='https:\/\/api.whatsapp.com\/send?text=https:\/\/radiorevelacionfm.cl\/?p=29591' aria-hidden='false' data-av_icon='\uf232' data-av_iconfont='entypo-fontello' title='' data-avia-related-tooltip='Compartir en Whatsapp' rel=\"noopener\"><span class='avia_hidden_link_text'>Compartir en Whatsapp<\/span><\/a><\/li><li class='av-share-link av-social-link-linkedin' ><a target=\"_blank\" aria-label=\"Compartir en LinkedIn\" href='https:\/\/linkedin.com\/shareArticle?mini=true&#038;title=Con%20entrega%20de%20material%20educativo%20dan%20inicio%20al%20periodo%20de%20Gesti%C3%B3n%20de%20Episodios%20Cr%C3%ADticos%202023&#038;url=https:\/\/radiorevelacionfm.cl\/?p=29591' aria-hidden='false' data-av_icon='\ue8fc' data-av_iconfont='entypo-fontello' title='' data-avia-related-tooltip='Compartir en LinkedIn' rel=\"noopener\"><span class='avia_hidden_link_text'>Compartir en LinkedIn<\/span><\/a><\/li><li class='av-share-link av-social-link-mail' ><a  aria-label=\"Compartir por correo\" href='mailto:?subject=Con%20entrega%20de%20material%20educativo%20dan%20inicio%20al%20periodo%20de%20Gesti%C3%B3n%20de%20Episodios%20Cr%C3%ADticos%202023&#038;body=https:\/\/radiorevelacionfm.cl\/?p=29591' aria-hidden='false' data-av_icon='\ue805' data-av_iconfont='entypo-fontello' title='' data-avia-related-tooltip='Compartir por correo'><span class='avia_hidden_link_text'>Compartir por correo<\/span><\/a><\/li><\/ul><\/div><\/div>\n<div  style='height:50px' class='hr hr-invisible   avia-builder-el-8  el_after_av_social_share  el_before_av_comments_list '><span class='hr-inner ' ><span class='hr-inner-style'><\/span><\/span><\/div>\n<div  class='av-buildercomment  av-blog-meta-html-info-disabled av-blog-meta-tag-disabled  '><\/div>\n","protected":false},"excerpt":{"rendered":"","protected":false},"author":1,"featured_media":29592,"comment_status":"open","ping_status":"open","sticky":false,"template":"","format":"standard","meta":{"footnotes":""},"categories":[39],"tags":[],"class_list":["post-29591","post","type-post","status-publish","format-standard","has-post-thumbnail","hentry","category-medio-ambiente"],"jetpack_featured_media_url":"https:\/\/radiorevelacionfm.cl\/wp-content\/uploads\/2023\/03\/img_4394-2-2_optimized-2.jpg","_links":{"self":[{"href":"https:\/\/radiorevelacionfm.cl\/index.php?rest_route=\/wp\/v2\/posts\/29591","targetHints":{"allow":["GET"]}}],"collection":[{"href":"https:\/\/radiorevelacionfm.cl\/index.php?rest_route=\/wp\/v2\/posts"}],"about":[{"href":"https:\/\/radiorevelacionfm.cl\/index.php?rest_route=\/wp\/v2\/types\/post"}],"author":[{"embeddable":true,"href":"https:\/\/radiorevelacionfm.cl\/index.php?rest_route=\/wp\/v2\/users\/1"}],"replies":[{"embeddable":true,"href":"https:\/\/radiorevelacionfm.cl\/index.php?rest_route=%2Fwp%2Fv2%2Fcomments&post=29591"}],"version-history":[{"count":1,"href":"https:\/\/radiorevelacionfm.cl\/index.php?rest_route=\/wp\/v2\/posts\/29591\/revisions"}],"predecessor-version":[{"id":29593,"href":"https:\/\/radiorevelacionfm.cl\/index.php?rest_route=\/wp\/v2\/posts\/29591\/revisions\/29593"}],"wp:featuredmedia":[{"embeddable":true,"href":"https:\/\/radiorevelacionfm.cl\/index.php?rest_route=\/wp\/v2\/media\/29592"}],"wp:attachment":[{"href":"https:\/\/radiorevelacionfm.cl\/index.php?rest_route=%2Fwp%2Fv2%2Fmedia&parent=29591"}],"wp:term":[{"taxonomy":"category","embeddable":true,"href":"https:\/\/radiorevelacionfm.cl\/index.php?rest_route=%2Fwp%2Fv2%2Fcategories&post=29591"},{"taxonomy":"post_tag","embeddable":true,"href":"https:\/\/radiorevelacionfm.cl\/index.php?rest_route=%2Fwp%2Fv2%2Ftags&post=29591"}],"curies":[{"name":"wp","href":"https:\/\/api.w.org\/{rel}","templated":true}]}}