{"id":29588,"date":"2023-03-31T16:35:05","date_gmt":"2023-03-31T19:35:05","guid":{"rendered":"https:\/\/radiorevelacionfm.cl\/?p=29588"},"modified":"2023-03-31T16:35:05","modified_gmt":"2023-03-31T19:35:05","slug":"senadora-ordenes-entrego-reconocimiento-a-conocido-gestor-cultural-de-puerto-aysen","status":"publish","type":"post","link":"https:\/\/radiorevelacionfm.cl\/?p=29588","title":{"rendered":"Senadora Ordenes entreg\u00f3 reconocimiento a conocido gestor cultural de Puerto Ays\u00e9n"},"content":{"rendered":"<div class=\"flex_column av_one_full  flex_column_div av-zero-column-padding first  avia-builder-el-0  el_before_av_one_full  avia-builder-el-first  \" style='border-radius:0px; '><div  class='avia-image-container  av-styling-    avia-builder-el-1  avia-builder-el-no-sibling  avia-align-center '  itemprop=\"image\" itemscope=\"itemscope\" itemtype=\"https:\/\/schema.org\/ImageObject\"  ><div class='avia-image-container-inner'><div class='avia-image-overlay-wrap'><img decoding=\"async\" class='wp-image-29589 avia-img-lazy-loading-not-29589 avia_image' src=\"https:\/\/radiorevelacionfm.cl\/wp-content\/uploads\/2023\/03\/reconocimiento-jose-pincol2-1_optimized.jpg\" alt='' title='reconocimiento-jose-pincol2-(1)_optimized' height=\"600\" width=\"1067\"  itemprop=\"thumbnailUrl\" srcset=\"https:\/\/radiorevelacionfm.cl\/wp-content\/uploads\/2023\/03\/reconocimiento-jose-pincol2-1_optimized.jpg 1067w, https:\/\/radiorevelacionfm.cl\/wp-content\/uploads\/2023\/03\/reconocimiento-jose-pincol2-1_optimized-300x169.jpg 300w, https:\/\/radiorevelacionfm.cl\/wp-content\/uploads\/2023\/03\/reconocimiento-jose-pincol2-1_optimized-1030x579.jpg 1030w, https:\/\/radiorevelacionfm.cl\/wp-content\/uploads\/2023\/03\/reconocimiento-jose-pincol2-1_optimized-768x432.jpg 768w, https:\/\/radiorevelacionfm.cl\/wp-content\/uploads\/2023\/03\/reconocimiento-jose-pincol2-1_optimized-705x396.jpg 705w, https:\/\/radiorevelacionfm.cl\/wp-content\/uploads\/2023\/03\/reconocimiento-jose-pincol2-1_optimized-450x253.jpg 450w, https:\/\/radiorevelacionfm.cl\/wp-content\/uploads\/2023\/03\/reconocimiento-jose-pincol2-1_optimized-600x337.jpg 600w\" sizes=\"(max-width: 1067px) 100vw, 1067px\" \/><\/div><\/div><\/div><\/div><div class=\"flex_column av_one_full  flex_column_div av-zero-column-padding first  avia-builder-el-2  el_after_av_one_full  el_before_av_one_full  column-top-margin\" style='border-radius:0px; '><section class=\"av_textblock_section \"  itemscope=\"itemscope\" itemtype=\"https:\/\/schema.org\/BlogPosting\" itemprop=\"blogPost\" ><div class='avia_textblock  '   itemprop=\"text\" ><p style=\"text-align: center;\"><strong><span style=\"font-size: 18pt;\">Senadora Ordenes entreg\u00f3 reconocimiento a conocido gestor cultural de Puerto Ays\u00e9n<\/span><\/strong><\/p>\n<div id=\"gtx-trans\" style=\"position: absolute; left: -50px; top: 4.31534px;\">\n<div class=\"gtx-trans-icon\"><\/div>\n<\/div>\n<\/div><\/section><\/div><div class=\"flex_column av_one_full  flex_column_div av-zero-column-padding first  avia-builder-el-4  el_after_av_one_full  el_before_av_hr  column-top-margin\" style='border-radius:0px; '><section class=\"av_textblock_section \"  itemscope=\"itemscope\" itemtype=\"https:\/\/schema.org\/BlogPosting\" itemprop=\"blogPost\" ><div class='avia_textblock  '   itemprop=\"text\" ><p style=\"text-align: justify;\">En una sencilla y muy grata ceremonia, la Senadora Ximena Ordenes Neira, hizo entrega de un merecido reconocimiento al gestor cultural de Puerto Ays\u00e9n, Jos\u00e9 Pincol.<\/p>\n<p style=\"text-align: justify;\">La actividad se realiz\u00f3 en la sede del \u201cC\u00edrculo de Hijos y Amigos de Chilo\u00e9\u201d, organizaci\u00f3n que en la actualidad preside Pincol y ante todos sus integrantes fue sorprendido por la Parlamentaria, acompa\u00f1ada del Alcalde (s) Marco Co\u00f1uecar y el Concejal Jorge Figueroa.<\/p>\n<p style=\"text-align: justify;\">\u201cPrimero es un reconocimiento a todo el Circulo de Hijos y Amigos de Chilo\u00e9, en particular a don Jos\u00e9 Pincol, que es la cara visible y quien los ha representado siempre. Esta regi\u00f3n a crecido de la mano con la cultura de Chilo\u00e9, por eso era necesario visibilizar el aporte que ha realizado y su trayectoria. La ocupaci\u00f3n del territorio de Ays\u00e9n est\u00e1 marcada por chilotes y chilotas que se asentaron, formaron sus familias y se quedaron para trabajar en pos de un mejor futuro en nuestra regi\u00f3n\u201d, manifest\u00f3 la Parlamentaria.<\/p>\n<p style=\"text-align: justify;\">\u201cEs el merecido reconocimiento al trabajo de una trayectoria de muchas d\u00e9cadas, en lo cultural, en el \u00e1mbito folcl\u00f3rico y ha sido crucial su rol para mantener vivo algo que es parte esencial de la identidad de Ays\u00e9n.\u201d, agreg\u00f3 la Senadora Ximena Ordenes.<\/p>\n<p style=\"text-align: justify;\">En tanto, como una verdadera sorpresa recibi\u00f3 este reconocimiento, Jos\u00e9 Pincol, quien agradeci\u00f3 las gestiones de la Parlamentaria y valor\u00f3 enormemente que este tipo instancias se realicen en vida. \u201cMuy agradecido de la Senadora, de mi grupo, de mi gente que me sigue. Yo siempre he estado con todas las autoridades, la Senadora Ordenes ella siempre ha venido a reunirse con nosotros y esto fue una sorpresa. Este tipo de reconocimientos deben ser as\u00ed, ya que, si a uno lo van a reconocer que sea en vida, porque as\u00ed uno disfruta del reconocimiento y sabe que el pueblo tambi\u00e9n est\u00e1 con uno. Por lo tanto, muy feliz y muchas gracias\u201d.<\/p>\n<p style=\"text-align: justify;\">Jos\u00e9 Pincol, en la actualidad tambi\u00e9n dirige el conjunto folcl\u00f3rico \u201cChiloAys\u00e9n\u201d, realiza el programa \u201cRa\u00edces de Chilo\u00e9\u201d en Canal 11 TV Ays\u00e9n y un programa radial con rescate de tracciones de la Patagonia y Chilo\u00e9.<\/p>\n<\/div><\/section><\/div><div  style='height:50px' class='hr hr-invisible   avia-builder-el-6  el_after_av_one_full  el_before_av_social_share '><span class='hr-inner ' ><span class='hr-inner-style'><\/span><\/span><\/div><\/p>\n<div  class='av-social-sharing-box  avia-builder-el-7  el_after_av_hr  el_before_av_hr  '><div class='av-share-box'><h5 class='av-share-link-description av-no-toc '>Compartir esta noticia<\/h5><ul class='av-share-box-list noLightbox'><li class='av-share-link av-social-link-facebook' ><a target=\"_blank\" aria-label=\"Compartir en Facebook\" href='https:\/\/www.facebook.com\/sharer.php?u=https:\/\/radiorevelacionfm.cl\/?p=29588&#038;t=Senadora%20Ordenes%20entreg%C3%B3%20reconocimiento%20a%20conocido%20gestor%20cultural%20de%20Puerto%20Ays%C3%A9n' aria-hidden='false' data-av_icon='\ue8f3' data-av_iconfont='entypo-fontello' title='' data-avia-related-tooltip='Compartir en Facebook' rel=\"noopener\"><span class='avia_hidden_link_text'>Compartir en Facebook<\/span><\/a><\/li><li class='av-share-link av-social-link-twitter' ><a target=\"_blank\" aria-label=\"Compartir en Twitter\" href='https:\/\/twitter.com\/share?text=Senadora%20Ordenes%20entreg%C3%B3%20reconocimiento%20a%20conocido%20gestor%20cultural%20de%20Puerto%20Ays%C3%A9n&#038;url=https:\/\/radiorevelacionfm.cl\/?p=29588' aria-hidden='false' data-av_icon='\ue8f1' data-av_iconfont='entypo-fontello' title='' data-avia-related-tooltip='Compartir en Twitter' rel=\"noopener\"><span class='avia_hidden_link_text'>Compartir en Twitter<\/span><\/a><\/li><li class='av-share-link av-social-link-whatsapp' ><a target=\"_blank\" aria-label=\"Compartir en Whatsapp\" href='https:\/\/api.whatsapp.com\/send?text=https:\/\/radiorevelacionfm.cl\/?p=29588' aria-hidden='false' data-av_icon='\uf232' data-av_iconfont='entypo-fontello' title='' data-avia-related-tooltip='Compartir en Whatsapp' rel=\"noopener\"><span class='avia_hidden_link_text'>Compartir en Whatsapp<\/span><\/a><\/li><li class='av-share-link av-social-link-linkedin' ><a target=\"_blank\" aria-label=\"Compartir en LinkedIn\" href='https:\/\/linkedin.com\/shareArticle?mini=true&#038;title=Senadora%20Ordenes%20entreg%C3%B3%20reconocimiento%20a%20conocido%20gestor%20cultural%20de%20Puerto%20Ays%C3%A9n&#038;url=https:\/\/radiorevelacionfm.cl\/?p=29588' aria-hidden='false' data-av_icon='\ue8fc' data-av_iconfont='entypo-fontello' title='' data-avia-related-tooltip='Compartir en LinkedIn' rel=\"noopener\"><span class='avia_hidden_link_text'>Compartir en LinkedIn<\/span><\/a><\/li><li class='av-share-link av-social-link-mail' ><a  aria-label=\"Compartir por correo\" href='mailto:?subject=Senadora%20Ordenes%20entreg%C3%B3%20reconocimiento%20a%20conocido%20gestor%20cultural%20de%20Puerto%20Ays%C3%A9n&#038;body=https:\/\/radiorevelacionfm.cl\/?p=29588' aria-hidden='false' data-av_icon='\ue805' data-av_iconfont='entypo-fontello' title='' data-avia-related-tooltip='Compartir por correo'><span class='avia_hidden_link_text'>Compartir por correo<\/span><\/a><\/li><\/ul><\/div><\/div>\n<div  style='height:50px' class='hr hr-invisible   avia-builder-el-8  el_after_av_social_share  el_before_av_comments_list '><span class='hr-inner ' ><span class='hr-inner-style'><\/span><\/span><\/div>\n<div  class='av-buildercomment  av-blog-meta-html-info-disabled av-blog-meta-tag-disabled  '><\/div>\n","protected":false},"excerpt":{"rendered":"","protected":false},"author":1,"featured_media":29589,"comment_status":"open","ping_status":"open","sticky":false,"template":"","format":"standard","meta":{"footnotes":""},"categories":[35],"tags":[],"class_list":["post-29588","post","type-post","status-publish","format-standard","has-post-thumbnail","hentry","category-politica"],"jetpack_featured_media_url":"https:\/\/radiorevelacionfm.cl\/wp-content\/uploads\/2023\/03\/reconocimiento-jose-pincol2-1_optimized.jpg","_links":{"self":[{"href":"https:\/\/radiorevelacionfm.cl\/index.php?rest_route=\/wp\/v2\/posts\/29588","targetHints":{"allow":["GET"]}}],"collection":[{"href":"https:\/\/radiorevelacionfm.cl\/index.php?rest_route=\/wp\/v2\/posts"}],"about":[{"href":"https:\/\/radiorevelacionfm.cl\/index.php?rest_route=\/wp\/v2\/types\/post"}],"author":[{"embeddable":true,"href":"https:\/\/radiorevelacionfm.cl\/index.php?rest_route=\/wp\/v2\/users\/1"}],"replies":[{"embeddable":true,"href":"https:\/\/radiorevelacionfm.cl\/index.php?rest_route=%2Fwp%2Fv2%2Fcomments&post=29588"}],"version-history":[{"count":1,"href":"https:\/\/radiorevelacionfm.cl\/index.php?rest_route=\/wp\/v2\/posts\/29588\/revisions"}],"predecessor-version":[{"id":29590,"href":"https:\/\/radiorevelacionfm.cl\/index.php?rest_route=\/wp\/v2\/posts\/29588\/revisions\/29590"}],"wp:featuredmedia":[{"embeddable":true,"href":"https:\/\/radiorevelacionfm.cl\/index.php?rest_route=\/wp\/v2\/media\/29589"}],"wp:attachment":[{"href":"https:\/\/radiorevelacionfm.cl\/index.php?rest_route=%2Fwp%2Fv2%2Fmedia&parent=29588"}],"wp:term":[{"taxonomy":"category","embeddable":true,"href":"https:\/\/radiorevelacionfm.cl\/index.php?rest_route=%2Fwp%2Fv2%2Fcategories&post=29588"},{"taxonomy":"post_tag","embeddable":true,"href":"https:\/\/radiorevelacionfm.cl\/index.php?rest_route=%2Fwp%2Fv2%2Ftags&post=29588"}],"curies":[{"name":"wp","href":"https:\/\/api.w.org\/{rel}","templated":true}]}}