{"id":29585,"date":"2023-04-01T12:48:36","date_gmt":"2023-04-01T15:48:36","guid":{"rendered":"https:\/\/radiorevelacionfm.cl\/?p=29585"},"modified":"2023-04-01T12:48:36","modified_gmt":"2023-04-01T15:48:36","slug":"ciep-y-sml-firman-convenio-de-colaboracion-para-el-desarrollo-de-la-investigacion","status":"publish","type":"post","link":"https:\/\/radiorevelacionfm.cl\/?p=29585","title":{"rendered":"CIEP y SML firman convenio de colaboraci\u00f3n para el desarrollo de la investigaci\u00f3n"},"content":{"rendered":"<div class=\"flex_column av_one_full  flex_column_div av-zero-column-padding first  avia-builder-el-0  el_before_av_one_full  avia-builder-el-first  \" style='border-radius:0px; '><div  class='avia-image-container  av-styling-    avia-builder-el-1  avia-builder-el-no-sibling  avia-align-center '  itemprop=\"image\" itemscope=\"itemscope\" itemtype=\"https:\/\/schema.org\/ImageObject\"  ><div class='avia-image-container-inner'><div class='avia-image-overlay-wrap'><img decoding=\"async\" class='wp-image-29586 avia-img-lazy-loading-not-29586 avia_image' src=\"https:\/\/radiorevelacionfm.cl\/wp-content\/uploads\/2023\/03\/WhatsApp-Image-2023-03-23-at-11.05.50-1-1-1.jpeg\" alt='' title='WhatsApp Image 2023-03-23 at 11.05.50 (1) (1) (1)' height=\"600\" width=\"800\"  itemprop=\"thumbnailUrl\" srcset=\"https:\/\/radiorevelacionfm.cl\/wp-content\/uploads\/2023\/03\/WhatsApp-Image-2023-03-23-at-11.05.50-1-1-1.jpeg 800w, https:\/\/radiorevelacionfm.cl\/wp-content\/uploads\/2023\/03\/WhatsApp-Image-2023-03-23-at-11.05.50-1-1-1-300x225.jpeg 300w, https:\/\/radiorevelacionfm.cl\/wp-content\/uploads\/2023\/03\/WhatsApp-Image-2023-03-23-at-11.05.50-1-1-1-768x576.jpeg 768w, https:\/\/radiorevelacionfm.cl\/wp-content\/uploads\/2023\/03\/WhatsApp-Image-2023-03-23-at-11.05.50-1-1-1-705x529.jpeg 705w, https:\/\/radiorevelacionfm.cl\/wp-content\/uploads\/2023\/03\/WhatsApp-Image-2023-03-23-at-11.05.50-1-1-1-450x338.jpeg 450w, https:\/\/radiorevelacionfm.cl\/wp-content\/uploads\/2023\/03\/WhatsApp-Image-2023-03-23-at-11.05.50-1-1-1-600x450.jpeg 600w\" sizes=\"(max-width: 800px) 100vw, 800px\" \/><\/div><\/div><\/div><\/div>\n<div class=\"flex_column av_one_full  flex_column_div av-zero-column-padding first  avia-builder-el-2  el_after_av_one_full  el_before_av_one_full  column-top-margin\" style='border-radius:0px; '><section class=\"av_textblock_section \"  itemscope=\"itemscope\" itemtype=\"https:\/\/schema.org\/BlogPosting\" itemprop=\"blogPost\" ><div class='avia_textblock  '   itemprop=\"text\" ><p style=\"text-align: center;\"><strong><span style=\"font-size: 18pt;\">CIEP y SML firman convenio de colaboraci\u00f3n para el desarrollo de la investigaci\u00f3n<\/span><\/strong><\/p>\n<div id=\"gtx-trans\" style=\"position: absolute; left: -50px; top: 4.31534px;\">\n<div class=\"gtx-trans-icon\"><\/div>\n<\/div>\n<\/div><\/section><\/div><div class=\"flex_column av_one_full  flex_column_div av-zero-column-padding first  avia-builder-el-4  el_after_av_one_full  el_before_av_hr  column-top-margin\" style='border-radius:0px; '><section class=\"av_textblock_section \"  itemscope=\"itemscope\" itemtype=\"https:\/\/schema.org\/BlogPosting\" itemprop=\"blogPost\" ><div class='avia_textblock  '   itemprop=\"text\" ><p dir=\"ltr\" style=\"text-align: justify;\"><span class=\"v1ContentPasted0\">El 22 de marzo se firm\u00f3 un convenio de colaboraci\u00f3n entre el Servicio M\u00e9dico Legal (SML) y Centro de Investigaci\u00f3n en Ecosistemas de la Patagonia (CIEP), el cual busca la mutua cooperaci\u00f3n tecnol\u00f3gica y cient\u00edfica en materias relacionadas a la medicina legal y forense, as\u00ed como tambi\u00e9n la implementaci\u00f3n de proyectos de desarrollo conjuntos, desde las capacidades y competencias propias de cada instituci\u00f3n.<\/span><span class=\"v1ContentPasted0\">\u00a0<\/span><\/p>\n<p dir=\"ltr\" style=\"text-align: justify;\"><span class=\"v1ContentPasted0\">Gracias a una historia de cooperaci\u00f3n entre ambas instituciones, es que se materializ\u00f3 un convenio de colaboraci\u00f3n conjunta, lo que permitir\u00e1 facilitar los procesos t\u00e9cnicos y de investigaci\u00f3n de ambas entidades. Esta alianza busca apoyarse en materias relacionadas a arqueolog\u00eda, antropolog\u00eda f\u00edsica, como tambi\u00e9n facilitar el acceso a colecciones arqueol\u00f3gicas que sirvan de referencia para estudios y que se encuentran albergadas en el Laboratorio de Arqueolog\u00eda de CIEP. Por su parte, el SML colaborar\u00e1 en los \u00e1mbitos de medicina legal y forense, en t\u00e9rminos cient\u00edficos, t\u00e9cnicos y bioantropol\u00f3gicos. Adem\u00e1s, este acuerdo permite que se puedan utilizar los laboratorios de ambas instituciones para facilitar procesos de investigaci\u00f3n, experiencias y complementar las capacidades de ambas instituciones.\u00a0<\/span><\/p>\n<p dir=\"ltr\" style=\"text-align: justify;\"><span class=\"v1ContentPasted0\">El Doctor C\u00e9sar M\u00e9ndez, subdirector cient\u00edfico y arque\u00f3logo de CIEP, qui\u00e9n ya tiene experiencia en esta colaboraci\u00f3n relata, \u00abEl convenio con el Servicio M\u00e9dico Legal es fruto de experiencias de trabajo conjunto que el equipo de arqueolog\u00eda de CIEP tuvo a lo largo de los a\u00f1os con profesionales de dicha instituci\u00f3n. El hallazgo de restos bioarqueol\u00f3gicos en El Blanco a\u00f1os atr\u00e1s, convoc\u00f3 a LABOCAR (Laboratorio de Criminal\u00edstica de Carabineros), SML y CIEP, momento en que todos nos conocimos y empezamos a establecer redes de colaboraci\u00f3n. La firma del convenio es una formalizaci\u00f3n de dichas redes\u00bb. A lo que a\u00f1ade, \u00abFirmar el convenio con el Servicio M\u00e9dico Legal significa que muchas de estas experiencias podr\u00edan desarrollarse de forma m\u00e1s organizada y formal\u00bb.<\/span><\/p>\n<p dir=\"ltr\" style=\"text-align: justify;\"><span class=\"v1ContentPasted0\">Adicionalmente, este convenio permitir\u00e1 la formaci\u00f3n y capacitaci\u00f3n de profesionales, a trav\u00e9s del traspaso de conocimientos y competencias que tienen ambas instituciones. Ejemplo de ello, es lo que se gener\u00f3 en el desarrollo de tesis de pregrado de antropolog\u00eda f\u00edsica de la profesional de CIEP Camila Fournier, qui\u00e9n caracteriz\u00f3 restos \u00f3seos de larga data hallados en la Patagonia.<\/span><\/p>\n<p dir=\"ltr\" style=\"text-align: justify;\"><span class=\"v1ContentPasted0\">En cuanto a lo que este convenio conlleva para el Servicio M\u00e9dico Legal, la directora regional de Ays\u00e9n, Doctora Catherine Sandoval Marchant, destaca \u00abLa firma de este convenio nos pone muy contentos, ya que nos remite a uno de los pilares del Servicio M\u00e9dico Legal, que es el desarrollo de la investigaci\u00f3n, extensi\u00f3n y docencia. Con esta cooperaci\u00f3n buscamos ampliar la mirada en tem\u00e1ticas y disciplinas que nos son comunes, como la arqueolog\u00eda, antropolog\u00eda, la revisi\u00f3n de casos complejos en an\u00e1lisis de osamentas de larga data y en general las relaciones de la historia forense que tengan implicancias del Ecosistema de la Patagonia; m\u00e1s a\u00fan, considerando que CIEP realiza una destacada labor cient\u00edfica en el rescate de la historia y patrimonio de nuestra regi\u00f3n. Es por ello que esperamos que este acuerdo contribuya al intercambio de experiencias y fortalezca los conocimientos tanto de los profesionales del SML como los del CIEP, ante futuros proyectos que podamos abordar\u00bb.<\/span><\/p>\n<\/div><\/section><\/div><\/p>\n<div  style='height:50px' class='hr hr-invisible   avia-builder-el-6  el_after_av_one_full  el_before_av_social_share '><span class='hr-inner ' ><span class='hr-inner-style'><\/span><\/span><\/div>\n<div  class='av-social-sharing-box  avia-builder-el-7  el_after_av_hr  el_before_av_hr  '><div class='av-share-box'><h5 class='av-share-link-description av-no-toc '>Compartir esta noticia<\/h5><ul class='av-share-box-list noLightbox'><li class='av-share-link av-social-link-facebook' ><a target=\"_blank\" aria-label=\"Compartir en Facebook\" href='https:\/\/www.facebook.com\/sharer.php?u=https:\/\/radiorevelacionfm.cl\/?p=29585&#038;t=CIEP%20y%20SML%20firman%20convenio%20de%20colaboraci%C3%B3n%20para%20el%20desarrollo%20de%20la%20investigaci%C3%B3n' aria-hidden='false' data-av_icon='\ue8f3' data-av_iconfont='entypo-fontello' title='' data-avia-related-tooltip='Compartir en Facebook' rel=\"noopener\"><span class='avia_hidden_link_text'>Compartir en Facebook<\/span><\/a><\/li><li class='av-share-link av-social-link-twitter' ><a target=\"_blank\" aria-label=\"Compartir en Twitter\" href='https:\/\/twitter.com\/share?text=CIEP%20y%20SML%20firman%20convenio%20de%20colaboraci%C3%B3n%20para%20el%20desarrollo%20de%20la%20investigaci%C3%B3n&#038;url=https:\/\/radiorevelacionfm.cl\/?p=29585' aria-hidden='false' data-av_icon='\ue8f1' data-av_iconfont='entypo-fontello' title='' data-avia-related-tooltip='Compartir en Twitter' rel=\"noopener\"><span class='avia_hidden_link_text'>Compartir en Twitter<\/span><\/a><\/li><li class='av-share-link av-social-link-whatsapp' ><a target=\"_blank\" aria-label=\"Compartir en Whatsapp\" href='https:\/\/api.whatsapp.com\/send?text=https:\/\/radiorevelacionfm.cl\/?p=29585' aria-hidden='false' data-av_icon='\uf232' data-av_iconfont='entypo-fontello' title='' data-avia-related-tooltip='Compartir en Whatsapp' rel=\"noopener\"><span class='avia_hidden_link_text'>Compartir en Whatsapp<\/span><\/a><\/li><li class='av-share-link av-social-link-linkedin' ><a target=\"_blank\" aria-label=\"Compartir en LinkedIn\" href='https:\/\/linkedin.com\/shareArticle?mini=true&#038;title=CIEP%20y%20SML%20firman%20convenio%20de%20colaboraci%C3%B3n%20para%20el%20desarrollo%20de%20la%20investigaci%C3%B3n&#038;url=https:\/\/radiorevelacionfm.cl\/?p=29585' aria-hidden='false' data-av_icon='\ue8fc' data-av_iconfont='entypo-fontello' title='' data-avia-related-tooltip='Compartir en LinkedIn' rel=\"noopener\"><span class='avia_hidden_link_text'>Compartir en LinkedIn<\/span><\/a><\/li><li class='av-share-link av-social-link-mail' ><a  aria-label=\"Compartir por correo\" href='mailto:?subject=CIEP%20y%20SML%20firman%20convenio%20de%20colaboraci%C3%B3n%20para%20el%20desarrollo%20de%20la%20investigaci%C3%B3n&#038;body=https:\/\/radiorevelacionfm.cl\/?p=29585' aria-hidden='false' data-av_icon='\ue805' data-av_iconfont='entypo-fontello' title='' data-avia-related-tooltip='Compartir por correo'><span class='avia_hidden_link_text'>Compartir por correo<\/span><\/a><\/li><\/ul><\/div><\/div>\n<div  style='height:50px' class='hr hr-invisible   avia-builder-el-8  el_after_av_social_share  el_before_av_comments_list '><span class='hr-inner ' ><span class='hr-inner-style'><\/span><\/span><\/div>\n<div  class='av-buildercomment  av-blog-meta-html-info-disabled av-blog-meta-tag-disabled  '><\/div>\n","protected":false},"excerpt":{"rendered":"","protected":false},"author":1,"featured_media":29586,"comment_status":"open","ping_status":"open","sticky":false,"template":"","format":"standard","meta":{"footnotes":""},"categories":[38],"tags":[],"class_list":["post-29585","post","type-post","status-publish","format-standard","has-post-thumbnail","hentry","category-regional"],"jetpack_featured_media_url":"https:\/\/radiorevelacionfm.cl\/wp-content\/uploads\/2023\/03\/WhatsApp-Image-2023-03-23-at-11.05.50-1-1-1.jpeg","_links":{"self":[{"href":"https:\/\/radiorevelacionfm.cl\/index.php?rest_route=\/wp\/v2\/posts\/29585","targetHints":{"allow":["GET"]}}],"collection":[{"href":"https:\/\/radiorevelacionfm.cl\/index.php?rest_route=\/wp\/v2\/posts"}],"about":[{"href":"https:\/\/radiorevelacionfm.cl\/index.php?rest_route=\/wp\/v2\/types\/post"}],"author":[{"embeddable":true,"href":"https:\/\/radiorevelacionfm.cl\/index.php?rest_route=\/wp\/v2\/users\/1"}],"replies":[{"embeddable":true,"href":"https:\/\/radiorevelacionfm.cl\/index.php?rest_route=%2Fwp%2Fv2%2Fcomments&post=29585"}],"version-history":[{"count":2,"href":"https:\/\/radiorevelacionfm.cl\/index.php?rest_route=\/wp\/v2\/posts\/29585\/revisions"}],"predecessor-version":[{"id":29618,"href":"https:\/\/radiorevelacionfm.cl\/index.php?rest_route=\/wp\/v2\/posts\/29585\/revisions\/29618"}],"wp:featuredmedia":[{"embeddable":true,"href":"https:\/\/radiorevelacionfm.cl\/index.php?rest_route=\/wp\/v2\/media\/29586"}],"wp:attachment":[{"href":"https:\/\/radiorevelacionfm.cl\/index.php?rest_route=%2Fwp%2Fv2%2Fmedia&parent=29585"}],"wp:term":[{"taxonomy":"category","embeddable":true,"href":"https:\/\/radiorevelacionfm.cl\/index.php?rest_route=%2Fwp%2Fv2%2Fcategories&post=29585"},{"taxonomy":"post_tag","embeddable":true,"href":"https:\/\/radiorevelacionfm.cl\/index.php?rest_route=%2Fwp%2Fv2%2Ftags&post=29585"}],"curies":[{"name":"wp","href":"https:\/\/api.w.org\/{rel}","templated":true}]}}