{"id":2958,"date":"2021-02-25T16:05:34","date_gmt":"2021-02-25T19:05:34","guid":{"rendered":"https:\/\/radiorevelacionfm.cl\/?p=2958"},"modified":"2021-02-25T16:05:34","modified_gmt":"2021-02-25T19:05:34","slug":"diputado-calisto-hace-un-llamado-al-gobierno-y-municipio-para-ir-en-ayuda-de-vecinos-de-poblacion-el-bosque-1-en-coyhaique","status":"publish","type":"post","link":"https:\/\/radiorevelacionfm.cl\/?p=2958","title":{"rendered":"Diputado Calisto hace un llamado al Gobierno y Municipio para ir en ayuda de vecinos de poblaci\u00f3n El Bosque 1 en Coyhaique"},"content":{"rendered":"<div class=\"flex_column av_one_full  flex_column_div av-zero-column-padding first  avia-builder-el-0  el_before_av_one_full  avia-builder-el-first  \" style='border-radius:0px; '><div  class='avia-image-container  av-styling-    avia-builder-el-1  avia-builder-el-no-sibling  avia-align-center '  itemprop=\"image\" itemscope=\"itemscope\" itemtype=\"https:\/\/schema.org\/ImageObject\"  ><div class='avia-image-container-inner'><div class='avia-image-overlay-wrap'><img decoding=\"async\" class='wp-image-0 avia-img-lazy-loading-not-0 avia_image' src=\"https:\/\/radiorevelacionfm.cl\/wp-content\/uploads\/2021\/02\/CALISTO-POBLACION-EL-BOSQUE-1.jpg\" alt='' title=''   itemprop=\"thumbnailUrl\"  \/><\/div><\/div><\/div><\/div><div class=\"flex_column av_one_full  flex_column_div av-zero-column-padding first  avia-builder-el-2  el_after_av_one_full  el_before_av_one_full  column-top-margin\" style='border-radius:0px; '><section class=\"av_textblock_section \"  itemscope=\"itemscope\" itemtype=\"https:\/\/schema.org\/BlogPosting\" itemprop=\"blogPost\" ><div class='avia_textblock  '   itemprop=\"text\" ><p style=\"text-align: center;\"><strong><span style=\"font-size: 18pt;\">Diputado Calisto hace un llamado al Gobierno y Municipio para ir en ayuda de vecinos de poblaci\u00f3n El Bosque 1 en Coyhaique<\/span><\/strong><\/p>\n<div id=\"gtx-trans\" style=\"position: absolute; left: -50px; top: 4.31534px;\">\n<div class=\"gtx-trans-icon\"><\/div>\n<\/div>\n<\/div><\/section><\/div><div class=\"flex_column av_one_full  flex_column_div av-zero-column-padding first  avia-builder-el-4  el_after_av_one_full  el_before_av_hr  column-top-margin\" style='border-radius:0px; '><section class=\"av_textblock_section \"  itemscope=\"itemscope\" itemtype=\"https:\/\/schema.org\/BlogPosting\" itemprop=\"blogPost\" ><div class='avia_textblock  '   itemprop=\"text\" ><p style=\"font-weight: 400; text-align: justify;\"><em>El legislador visit\u00f3 el sector, donde pudo compartir con vecinos que le plantearon los problemas econ\u00f3micos que est\u00e1n viviendo.<\/em><\/p>\n<p style=\"font-weight: 400; text-align: justify;\">Consciente de la grave crisis econ\u00f3mica generada \u00a0por la cuarentena en Coyhaique, el diputado Miguel \u00c1ngel Calisto visit\u00f3 la poblaci\u00f3n El Bosque 1, donde conoci\u00f3 en terreno la dif\u00edcil situaci\u00f3n que est\u00e1n viviendo los vecinos, por lo que hizo un llamado a los distintos servicios y autoridades regionales, tanto municipales como de Gobierno, a que entreguen ayuda una ayuda concreta.<\/p>\n<p style=\"font-weight: 400; text-align: justify;\">Seg\u00fan el legislador, visitamos a algunos vecinos y vimos la problem\u00e1tica que existe. Hay muchos adultos mayores abandonados y personas en situaci\u00f3n de pobreza. Hacemos un llamado a las autoridades regionales, a la Intendencia, la Gobernaci\u00f3n y al Municipio, que tienen fondos para apoyar a las familias desde el punto de vista social\u201d.<\/p>\n<p style=\"font-weight: 400; text-align: justify;\">\u201cUno puede entregar ayuda, que es lo que hemos estado haciendo desde que comenz\u00f3 la pandemia, pero ac\u00e1 se requiere mucho m\u00e1s apoyo para los vecinos. Ac\u00e1 no hay junta de vecinos, por lo que no tienen coordinaci\u00f3n y complica la entrega de ayuda y se hace mucho m\u00e1s necesaria una ayuda real y concreta\u201d, indic\u00f3 el legislador.<\/p>\n<p style=\"font-weight: 400; text-align: justify;\">Calisto asegur\u00f3 que \u201cen tiempos de cuarentena, en tiempos de una crisis econ\u00f3mica donde mucha gente no ha podido trabajar, necesitamos mayor presencia de las instituciones en sectores como el Bosque 1. Es urgente el apoyo social y econ\u00f3mico a las familias, especialmente a los adultos mayores y a las personas con enfermedades cr\u00f3nicas\u201d.<\/p>\n<p style=\"font-weight: 400; text-align: justify;\">Por su parte, Ana Oyarzo, vecina del sector, indic\u00f3 que \u201cle pedimos a las autoridades que nos apoyen. La mayor\u00eda somos adultos mayores, tenemos que estar con medicamentos y todo. Le pedimos al alcalde que nos ayude, porque yo antes ten\u00eda el subsidio del agua y ahora no tenemos nada\u201d.<\/p>\n<p style=\"font-weight: 400; text-align: justify;\">Finalmente, la vecina se\u00f1al\u00f3 que \u201cpor favor, p\u00f3nganse las pilas, ac\u00e1 somos todos pobres, somos todos humildes. Les pedimos al Alcalde y a las dem\u00e1s autoridades que por favor nos ayuden, ayuden a los vecinos de este sector. Ya no se qu\u00e9 esperan para venir a ayudarnos\u201d.<\/p>\n<\/div><\/section><\/div><div  style='height:50px' class='hr hr-invisible   avia-builder-el-6  el_after_av_one_full  el_before_av_social_share '><span class='hr-inner ' ><span class='hr-inner-style'><\/span><\/span><\/div><\/p>\n<div  class='av-social-sharing-box  avia-builder-el-7  el_after_av_hr  el_before_av_hr  '><div class='av-share-box'><h5 class='av-share-link-description av-no-toc '>Compartir esta noticia<\/h5><ul class='av-share-box-list noLightbox'><li class='av-share-link av-social-link-facebook' ><a target=\"_blank\" aria-label=\"Compartir en Facebook\" href='https:\/\/www.facebook.com\/sharer.php?u=https:\/\/radiorevelacionfm.cl\/?p=2958&#038;t=Diputado%20Calisto%20hace%20un%20llamado%20al%20Gobierno%20y%20Municipio%20para%20ir%20en%20ayuda%20de%20vecinos%20de%20poblaci%C3%B3n%20El%20Bosque%201%20en%20Coyhaique' aria-hidden='false' data-av_icon='\ue8f3' data-av_iconfont='entypo-fontello' title='' data-avia-related-tooltip='Compartir en Facebook' rel=\"noopener\"><span class='avia_hidden_link_text'>Compartir en Facebook<\/span><\/a><\/li><li class='av-share-link av-social-link-twitter' ><a target=\"_blank\" aria-label=\"Compartir en Twitter\" href='https:\/\/twitter.com\/share?text=Diputado%20Calisto%20hace%20un%20llamado%20al%20Gobierno%20y%20Municipio%20para%20ir%20en%20ayuda%20de%20vecinos%20de%20poblaci%C3%B3n%20El%20Bosque%201%20en%20Coyhaique&#038;url=https:\/\/radiorevelacionfm.cl\/?p=2958' aria-hidden='false' data-av_icon='\ue8f1' data-av_iconfont='entypo-fontello' title='' data-avia-related-tooltip='Compartir en Twitter' rel=\"noopener\"><span class='avia_hidden_link_text'>Compartir en Twitter<\/span><\/a><\/li><li class='av-share-link av-social-link-whatsapp' ><a target=\"_blank\" aria-label=\"Compartir en Whatsapp\" href='https:\/\/api.whatsapp.com\/send?text=https:\/\/radiorevelacionfm.cl\/?p=2958' aria-hidden='false' data-av_icon='\uf232' data-av_iconfont='entypo-fontello' title='' data-avia-related-tooltip='Compartir en Whatsapp' rel=\"noopener\"><span class='avia_hidden_link_text'>Compartir en Whatsapp<\/span><\/a><\/li><li class='av-share-link av-social-link-linkedin' ><a target=\"_blank\" aria-label=\"Compartir en LinkedIn\" href='https:\/\/linkedin.com\/shareArticle?mini=true&#038;title=Diputado%20Calisto%20hace%20un%20llamado%20al%20Gobierno%20y%20Municipio%20para%20ir%20en%20ayuda%20de%20vecinos%20de%20poblaci%C3%B3n%20El%20Bosque%201%20en%20Coyhaique&#038;url=https:\/\/radiorevelacionfm.cl\/?p=2958' aria-hidden='false' data-av_icon='\ue8fc' data-av_iconfont='entypo-fontello' title='' data-avia-related-tooltip='Compartir en LinkedIn' rel=\"noopener\"><span class='avia_hidden_link_text'>Compartir en LinkedIn<\/span><\/a><\/li><li class='av-share-link av-social-link-mail' ><a  aria-label=\"Compartir por correo\" href='mailto:?subject=Diputado%20Calisto%20hace%20un%20llamado%20al%20Gobierno%20y%20Municipio%20para%20ir%20en%20ayuda%20de%20vecinos%20de%20poblaci%C3%B3n%20El%20Bosque%201%20en%20Coyhaique&#038;body=https:\/\/radiorevelacionfm.cl\/?p=2958' aria-hidden='false' data-av_icon='\ue805' data-av_iconfont='entypo-fontello' title='' data-avia-related-tooltip='Compartir por correo'><span class='avia_hidden_link_text'>Compartir por correo<\/span><\/a><\/li><\/ul><\/div><\/div>\n<div  style='height:50px' class='hr hr-invisible   avia-builder-el-8  el_after_av_social_share  el_before_av_comments_list '><span class='hr-inner ' ><span class='hr-inner-style'><\/span><\/span><\/div>\n<div  class='av-buildercomment  av-blog-meta-html-info-disabled av-blog-meta-tag-disabled  '><\/div>\n","protected":false},"excerpt":{"rendered":"","protected":false},"author":1,"featured_media":0,"comment_status":"open","ping_status":"open","sticky":false,"template":"","format":"standard","meta":{"footnotes":""},"categories":[35],"tags":[],"class_list":["post-2958","post","type-post","status-publish","format-standard","hentry","category-politica"],"jetpack_featured_media_url":"","_links":{"self":[{"href":"https:\/\/radiorevelacionfm.cl\/index.php?rest_route=\/wp\/v2\/posts\/2958","targetHints":{"allow":["GET"]}}],"collection":[{"href":"https:\/\/radiorevelacionfm.cl\/index.php?rest_route=\/wp\/v2\/posts"}],"about":[{"href":"https:\/\/radiorevelacionfm.cl\/index.php?rest_route=\/wp\/v2\/types\/post"}],"author":[{"embeddable":true,"href":"https:\/\/radiorevelacionfm.cl\/index.php?rest_route=\/wp\/v2\/users\/1"}],"replies":[{"embeddable":true,"href":"https:\/\/radiorevelacionfm.cl\/index.php?rest_route=%2Fwp%2Fv2%2Fcomments&post=2958"}],"version-history":[{"count":1,"href":"https:\/\/radiorevelacionfm.cl\/index.php?rest_route=\/wp\/v2\/posts\/2958\/revisions"}],"predecessor-version":[{"id":2960,"href":"https:\/\/radiorevelacionfm.cl\/index.php?rest_route=\/wp\/v2\/posts\/2958\/revisions\/2960"}],"wp:attachment":[{"href":"https:\/\/radiorevelacionfm.cl\/index.php?rest_route=%2Fwp%2Fv2%2Fmedia&parent=2958"}],"wp:term":[{"taxonomy":"category","embeddable":true,"href":"https:\/\/radiorevelacionfm.cl\/index.php?rest_route=%2Fwp%2Fv2%2Fcategories&post=2958"},{"taxonomy":"post_tag","embeddable":true,"href":"https:\/\/radiorevelacionfm.cl\/index.php?rest_route=%2Fwp%2Fv2%2Ftags&post=2958"}],"curies":[{"name":"wp","href":"https:\/\/api.w.org\/{rel}","templated":true}]}}