{"id":29579,"date":"2023-03-31T15:32:52","date_gmt":"2023-03-31T18:32:52","guid":{"rendered":"https:\/\/radiorevelacionfm.cl\/?p=29579"},"modified":"2023-03-31T15:32:52","modified_gmt":"2023-03-31T18:32:52","slug":"a-retrasar-los-relojes-recomendaciones-para-que-ninos-y-ninas-se-adapten-al-cambio-de-hora","status":"publish","type":"post","link":"https:\/\/radiorevelacionfm.cl\/?p=29579","title":{"rendered":"A retrasar los relojes: recomendaciones para que ni\u00f1os y ni\u00f1as se adapten al cambio de hora"},"content":{"rendered":"<div class=\"flex_column av_one_full  flex_column_div av-zero-column-padding first  avia-builder-el-0  el_before_av_one_full  avia-builder-el-first  \" style='border-radius:0px; '><div  class='avia-image-container  av-styling-    avia-builder-el-1  avia-builder-el-no-sibling  avia-align-center '  itemprop=\"image\" itemscope=\"itemscope\" itemtype=\"https:\/\/schema.org\/ImageObject\"  ><div class='avia-image-container-inner'><div class='avia-image-overlay-wrap'><img decoding=\"async\" class='wp-image-29580 avia-img-lazy-loading-not-29580 avia_image' src=\"https:\/\/radiorevelacionfm.cl\/wp-content\/uploads\/2023\/03\/4-85-1_optimized.jpg\" alt='' title='4-(85)-(1)_optimized' height=\"600\" width=\"900\"  itemprop=\"thumbnailUrl\" srcset=\"https:\/\/radiorevelacionfm.cl\/wp-content\/uploads\/2023\/03\/4-85-1_optimized.jpg 900w, https:\/\/radiorevelacionfm.cl\/wp-content\/uploads\/2023\/03\/4-85-1_optimized-300x200.jpg 300w, https:\/\/radiorevelacionfm.cl\/wp-content\/uploads\/2023\/03\/4-85-1_optimized-768x512.jpg 768w, https:\/\/radiorevelacionfm.cl\/wp-content\/uploads\/2023\/03\/4-85-1_optimized-705x470.jpg 705w, https:\/\/radiorevelacionfm.cl\/wp-content\/uploads\/2023\/03\/4-85-1_optimized-450x300.jpg 450w, https:\/\/radiorevelacionfm.cl\/wp-content\/uploads\/2023\/03\/4-85-1_optimized-600x400.jpg 600w\" sizes=\"(max-width: 900px) 100vw, 900px\" \/><\/div><\/div><\/div><\/div><div class=\"flex_column av_one_full  flex_column_div av-zero-column-padding first  avia-builder-el-2  el_after_av_one_full  el_before_av_one_full  column-top-margin\" style='border-radius:0px; '><section class=\"av_textblock_section \"  itemscope=\"itemscope\" itemtype=\"https:\/\/schema.org\/BlogPosting\" itemprop=\"blogPost\" ><div class='avia_textblock  '   itemprop=\"text\" ><p style=\"text-align: center;\"><span style=\"font-size: 18pt;\"><b><span lang=\"ES-TRAD\">A retrasar los relojes: recomendaciones para que ni\u00f1os y ni\u00f1as se adapten al cambio de hora<\/span><\/b><\/span><\/p>\n<div id=\"gtx-trans\" style=\"position: absolute; left: -50px; top: 4.31534px;\">\n<div class=\"gtx-trans-icon\"><\/div>\n<\/div>\n<\/div><\/section><\/div><div class=\"flex_column av_one_full  flex_column_div av-zero-column-padding first  avia-builder-el-4  el_after_av_one_full  el_before_av_hr  column-top-margin\" style='border-radius:0px; '><section class=\"av_textblock_section \"  itemscope=\"itemscope\" itemtype=\"https:\/\/schema.org\/BlogPosting\" itemprop=\"blogPost\" ><div class='avia_textblock  '   itemprop=\"text\" ><p style=\"text-align: justify;\"><span lang=\"ES-TRAD\">La medianoche del pr\u00f3ximo s\u00e1bado 01 de abril, los relojes en gran parte del pa\u00eds deber\u00e1n\u00a0retrasarse 60 minutos, volviendo as\u00ed a las\u00a023:00 horas. Esta modificaci\u00f3n, a pesar del debate p\u00fablico que genera cada vez que se aplica, marca de forma inequ\u00edvoca la llegada\u00a0del per\u00edodo invernal\u00a0y se traduce, por ejemplo, en una variaci\u00f3n de las horas de luz natural disponibles para que las familias realicen sus actividades diarias.<\/span><\/p>\n<p style=\"text-align: justify;\"><span lang=\"ES-TRAD\">Primero, es importante consignar que, a ra\u00edz de este cambio, ni\u00f1os y ni\u00f1as\u00a0podr\u00edan presentar signos\u00a0como cansancio, variaci\u00f3n en el apetito, problemas para conciliar el sue\u00f1o, despertares nocturnos, desajustes en los horarios de las comidas, siesta y cambios an\u00edmicos, por lo cual la\u00a0paciencia, el cari\u00f1o y la comprensi\u00f3n\u00a0por parte de madres, padres y adultos responsables son vitales para que puedan ir acostumbr\u00e1ndose a la nueva rutina.<\/span><\/p>\n<p style=\"text-align: justify;\"><span lang=\"ES-TRAD\">Alicia Varela Hidalgo<\/span><span lang=\"ES-TRAD\">, psic\u00f3loga y jefa del Departamento de Promoci\u00f3n y\u00a0Fonoinfancia, de Fundaci\u00f3n Integra, destaca que \u201cesta es una oportunidad para que adultas y adultos expliquen a las ni\u00f1as y ni\u00f1os acerca del cambio de hora. Lo podemos hacer, por ejemplo,\u00a0modificando juntos el reloj\u00a0o destacando los cambios de luz en los horarios en que hac\u00edan sus rutinas habituales. Se sugiere una\u00a0adaptaci\u00f3n gradual, adelantando hitos como la ingesta de alimentos y el ba\u00f1o, por ejemplo, comenzando con 15 minutos e ir aumentando este tiempo de manera paulatina\u201d.<\/span><\/p>\n<p style=\"text-align: justify;\"><span lang=\"ES-TRAD\">La especialista recalca que la comunicaci\u00f3n es clave. Esta modificaci\u00f3n horaria tambi\u00e9n puede ser la oportunidad perfecta para hablar sobre c\u00f3mo van cambiando las estaciones y la temperatura ambiental, lo que permite que lo tomen con mayor naturalidad. Para esto se pueden utilizar cuentos, dibujos, animaciones u otros elementos.<\/span><\/p>\n<p style=\"text-align: justify;\"><span lang=\"ES-TRAD\">\u201cSi notan a ni\u00f1as y ni\u00f1os somnolientas\/os durante el d\u00eda, una peque\u00f1a siesta podr\u00eda ser de ayuda. Se podr\u00edan generar espacios de juegos que impliquen ejercicio f\u00edsico, de este modo, no s\u00f3lo podr\u00edamos conectarnos emocionalmente con ellas\/as, sino que adem\u00e1s podr\u00edan liberar energ\u00eda que facilite que puedan dormirse m\u00e1s temprano. Tambi\u00e9n, es una pr\u00e1ctica recomendable oscurecer la habitaci\u00f3n para evitar que la luz natural ingrese directamente en las ma\u00f1anas, lo que podr\u00eda facilitar que poco a poco duerman hasta m\u00e1s tarde\u201d, cerr\u00f3 Varela.<\/span><\/p>\n<p style=\"text-align: justify;\"><span lang=\"ES-TRAD\">Si se necesita apoyo en este proceso, las familias pueden comunicarse de manera gratuita con las\/os psic\u00f3logas\/os de Fonoinfancia, de Fundaci\u00f3n Integra, al tel\u00e9fono 800200 818 o por chat en el sitio web\u00a0<a href=\"http:\/\/www.fonoinfancia.cl\/\" target=\"_blank\" rel=\"noopener\" data-saferedirecturl=\"https:\/\/www.google.com\/url?q=http:\/\/www.fonoinfancia.cl&amp;source=gmail&amp;ust=1680362651914000&amp;usg=AOvVaw0RlkwQljR8eFUhb--VCJ-Y\">www.fonoinfancia.cl<\/a>.<\/span><\/p>\n<p style=\"text-align: justify;\"><span lang=\"ES-TRAD\">Fundaci\u00f3n Integra, con 32 a\u00f1os de experiencia, es uno de los principales prestadores de educaci\u00f3n parvularia en el pa\u00eds, con m\u00e1s de 1.200 jardines infantiles y salas cuna gratuitos, a los que asisten m\u00e1s de 85 mil ni\u00f1os y ni\u00f1as en todo Chile.<\/span><\/p>\n<\/div><\/section><\/div><div  style='height:50px' class='hr hr-invisible   avia-builder-el-6  el_after_av_one_full  el_before_av_social_share '><span class='hr-inner ' ><span class='hr-inner-style'><\/span><\/span><\/div><\/p>\n<div  class='av-social-sharing-box  avia-builder-el-7  el_after_av_hr  el_before_av_hr  '><div class='av-share-box'><h5 class='av-share-link-description av-no-toc '>Compartir esta noticia<\/h5><ul class='av-share-box-list noLightbox'><li class='av-share-link av-social-link-facebook' ><a target=\"_blank\" aria-label=\"Compartir en Facebook\" href='https:\/\/www.facebook.com\/sharer.php?u=https:\/\/radiorevelacionfm.cl\/?p=29579&#038;t=A%20retrasar%20los%20relojes%3A%20recomendaciones%20para%20que%20ni%C3%B1os%20y%20ni%C3%B1as%20se%20adapten%20al%20cambio%20de%20hora' aria-hidden='false' data-av_icon='\ue8f3' data-av_iconfont='entypo-fontello' title='' data-avia-related-tooltip='Compartir en Facebook' rel=\"noopener\"><span class='avia_hidden_link_text'>Compartir en Facebook<\/span><\/a><\/li><li class='av-share-link av-social-link-twitter' ><a target=\"_blank\" aria-label=\"Compartir en Twitter\" href='https:\/\/twitter.com\/share?text=A%20retrasar%20los%20relojes%3A%20recomendaciones%20para%20que%20ni%C3%B1os%20y%20ni%C3%B1as%20se%20adapten%20al%20cambio%20de%20hora&#038;url=https:\/\/radiorevelacionfm.cl\/?p=29579' aria-hidden='false' data-av_icon='\ue8f1' data-av_iconfont='entypo-fontello' title='' data-avia-related-tooltip='Compartir en Twitter' rel=\"noopener\"><span class='avia_hidden_link_text'>Compartir en Twitter<\/span><\/a><\/li><li class='av-share-link av-social-link-whatsapp' ><a target=\"_blank\" aria-label=\"Compartir en Whatsapp\" href='https:\/\/api.whatsapp.com\/send?text=https:\/\/radiorevelacionfm.cl\/?p=29579' aria-hidden='false' data-av_icon='\uf232' data-av_iconfont='entypo-fontello' title='' data-avia-related-tooltip='Compartir en Whatsapp' rel=\"noopener\"><span class='avia_hidden_link_text'>Compartir en Whatsapp<\/span><\/a><\/li><li class='av-share-link av-social-link-linkedin' ><a target=\"_blank\" aria-label=\"Compartir en LinkedIn\" href='https:\/\/linkedin.com\/shareArticle?mini=true&#038;title=A%20retrasar%20los%20relojes%3A%20recomendaciones%20para%20que%20ni%C3%B1os%20y%20ni%C3%B1as%20se%20adapten%20al%20cambio%20de%20hora&#038;url=https:\/\/radiorevelacionfm.cl\/?p=29579' aria-hidden='false' data-av_icon='\ue8fc' data-av_iconfont='entypo-fontello' title='' data-avia-related-tooltip='Compartir en LinkedIn' rel=\"noopener\"><span class='avia_hidden_link_text'>Compartir en LinkedIn<\/span><\/a><\/li><li class='av-share-link av-social-link-mail' ><a  aria-label=\"Compartir por correo\" href='mailto:?subject=A%20retrasar%20los%20relojes%3A%20recomendaciones%20para%20que%20ni%C3%B1os%20y%20ni%C3%B1as%20se%20adapten%20al%20cambio%20de%20hora&#038;body=https:\/\/radiorevelacionfm.cl\/?p=29579' aria-hidden='false' data-av_icon='\ue805' data-av_iconfont='entypo-fontello' title='' data-avia-related-tooltip='Compartir por correo'><span class='avia_hidden_link_text'>Compartir por correo<\/span><\/a><\/li><\/ul><\/div><\/div>\n<div  style='height:50px' class='hr hr-invisible   avia-builder-el-8  el_after_av_social_share  el_before_av_comments_list '><span class='hr-inner ' ><span class='hr-inner-style'><\/span><\/span><\/div>\n<div  class='av-buildercomment  av-blog-meta-html-info-disabled av-blog-meta-tag-disabled  '><\/div>\n","protected":false},"excerpt":{"rendered":"","protected":false},"author":1,"featured_media":29580,"comment_status":"open","ping_status":"open","sticky":false,"template":"","format":"standard","meta":{"footnotes":""},"categories":[49],"tags":[],"class_list":["post-29579","post","type-post","status-publish","format-standard","has-post-thumbnail","hentry","category-educacion"],"jetpack_featured_media_url":"https:\/\/radiorevelacionfm.cl\/wp-content\/uploads\/2023\/03\/4-85-1_optimized.jpg","_links":{"self":[{"href":"https:\/\/radiorevelacionfm.cl\/index.php?rest_route=\/wp\/v2\/posts\/29579","targetHints":{"allow":["GET"]}}],"collection":[{"href":"https:\/\/radiorevelacionfm.cl\/index.php?rest_route=\/wp\/v2\/posts"}],"about":[{"href":"https:\/\/radiorevelacionfm.cl\/index.php?rest_route=\/wp\/v2\/types\/post"}],"author":[{"embeddable":true,"href":"https:\/\/radiorevelacionfm.cl\/index.php?rest_route=\/wp\/v2\/users\/1"}],"replies":[{"embeddable":true,"href":"https:\/\/radiorevelacionfm.cl\/index.php?rest_route=%2Fwp%2Fv2%2Fcomments&post=29579"}],"version-history":[{"count":1,"href":"https:\/\/radiorevelacionfm.cl\/index.php?rest_route=\/wp\/v2\/posts\/29579\/revisions"}],"predecessor-version":[{"id":29581,"href":"https:\/\/radiorevelacionfm.cl\/index.php?rest_route=\/wp\/v2\/posts\/29579\/revisions\/29581"}],"wp:featuredmedia":[{"embeddable":true,"href":"https:\/\/radiorevelacionfm.cl\/index.php?rest_route=\/wp\/v2\/media\/29580"}],"wp:attachment":[{"href":"https:\/\/radiorevelacionfm.cl\/index.php?rest_route=%2Fwp%2Fv2%2Fmedia&parent=29579"}],"wp:term":[{"taxonomy":"category","embeddable":true,"href":"https:\/\/radiorevelacionfm.cl\/index.php?rest_route=%2Fwp%2Fv2%2Fcategories&post=29579"},{"taxonomy":"post_tag","embeddable":true,"href":"https:\/\/radiorevelacionfm.cl\/index.php?rest_route=%2Fwp%2Fv2%2Ftags&post=29579"}],"curies":[{"name":"wp","href":"https:\/\/api.w.org\/{rel}","templated":true}]}}