{"id":29576,"date":"2023-03-31T13:02:33","date_gmt":"2023-03-31T16:02:33","guid":{"rendered":"https:\/\/radiorevelacionfm.cl\/?p=29576"},"modified":"2023-03-31T13:02:33","modified_gmt":"2023-03-31T16:02:33","slug":"presidente-de-la-corte-de-coyhaique-se-reunio-con-medios-de-comunicacion-social","status":"publish","type":"post","link":"https:\/\/radiorevelacionfm.cl\/?p=29576","title":{"rendered":"Presidente de la Corte de Coyhaique se reuni\u00f3 con medios de comunicaci\u00f3n social"},"content":{"rendered":"<div class=\"flex_column av_one_full  flex_column_div av-zero-column-padding first  avia-builder-el-0  el_before_av_one_full  avia-builder-el-first  \" style='border-radius:0px; '><div  class='avia-image-container  av-styling-    avia-builder-el-1  avia-builder-el-no-sibling  avia-align-center '  itemprop=\"image\" itemscope=\"itemscope\" itemtype=\"https:\/\/schema.org\/ImageObject\"  ><div class='avia-image-container-inner'><div class='avia-image-overlay-wrap'><img decoding=\"async\" class='wp-image-29577 avia-img-lazy-loading-not-29577 avia_image' src=\"https:\/\/radiorevelacionfm.cl\/wp-content\/uploads\/2023\/03\/Foto-01-desayuno-prensa-1-1.jpg\" alt='' title='Foto 01 desayuno prensa (1) (1)' height=\"600\" width=\"943\"  itemprop=\"thumbnailUrl\" srcset=\"https:\/\/radiorevelacionfm.cl\/wp-content\/uploads\/2023\/03\/Foto-01-desayuno-prensa-1-1.jpg 943w, https:\/\/radiorevelacionfm.cl\/wp-content\/uploads\/2023\/03\/Foto-01-desayuno-prensa-1-1-300x191.jpg 300w, https:\/\/radiorevelacionfm.cl\/wp-content\/uploads\/2023\/03\/Foto-01-desayuno-prensa-1-1-768x489.jpg 768w, https:\/\/radiorevelacionfm.cl\/wp-content\/uploads\/2023\/03\/Foto-01-desayuno-prensa-1-1-705x449.jpg 705w, https:\/\/radiorevelacionfm.cl\/wp-content\/uploads\/2023\/03\/Foto-01-desayuno-prensa-1-1-450x286.jpg 450w, https:\/\/radiorevelacionfm.cl\/wp-content\/uploads\/2023\/03\/Foto-01-desayuno-prensa-1-1-600x382.jpg 600w\" sizes=\"(max-width: 943px) 100vw, 943px\" \/><\/div><\/div><\/div><\/div><div class=\"flex_column av_one_full  flex_column_div av-zero-column-padding first  avia-builder-el-2  el_after_av_one_full  el_before_av_one_full  column-top-margin\" style='border-radius:0px; '><section class=\"av_textblock_section \"  itemscope=\"itemscope\" itemtype=\"https:\/\/schema.org\/BlogPosting\" itemprop=\"blogPost\" ><div class='avia_textblock  '   itemprop=\"text\" ><p style=\"text-align: center;\"><strong><span style=\"font-size: 18pt;\">Presidente de la Corte de Coyhaique se reuni\u00f3 con medios de comunicaci\u00f3n social <\/span><\/strong><\/p>\n<div id=\"gtx-trans\" style=\"position: absolute; left: -50px; top: 4.31534px;\">\n<div class=\"gtx-trans-icon\"><\/div>\n<\/div>\n<\/div><\/section><\/div><div class=\"flex_column av_one_full  flex_column_div av-zero-column-padding first  avia-builder-el-4  el_after_av_one_full  el_before_av_hr  column-top-margin\" style='border-radius:0px; '><section class=\"av_textblock_section \"  itemscope=\"itemscope\" itemtype=\"https:\/\/schema.org\/BlogPosting\" itemprop=\"blogPost\" ><div class='avia_textblock  '   itemprop=\"text\" ><p class=\"v1MsoNormal\" style=\"text-align: justify;\">Con el objetivo de fortalecer el contacto entre el Poder Judicial y la prensa regional, el presidente de la Corte de Apelaciones de Coyhaique, ministro Jos\u00e9 Ignacio Mora Trujillo, se reuni\u00f3 con diversos representantes de los medios de comunicaci\u00f3n social de Ays\u00e9n.<\/p>\n<p class=\"v1MsoNormal\" style=\"text-align: justify;\">La instancia, realizada en la biblioteca del tribunal de alzada, tuvo como objetivo desarrollar un di\u00e1logo franco con periodistas y reporteros sobre el trabajo judicial en materia informativa. En este contexto se convers\u00f3 respecto de la necesidad de aumentar las vocer\u00edas respecto de fallos judiciales, tem\u00e1ticas de contingencia y la realizaci\u00f3n de capacitaciones en los distintos \u00e1mbitos del quehacer judicial.<\/p>\n<p class=\"v1MsoNormal\" style=\"text-align: justify;\">\u00abComo representantes del Poder Judicial en la regi\u00f3n es una ocasi\u00f3n muy importante desde el punto de vista de nuestras comunicaciones hac\u00eda la comunidad, y por cierto, de las\u00a0 vocer\u00edas que est\u00e1n instauradas a nivel nacional y regional, responsabilidad que en este caso recae en mi persona y por eso el motivo de esta reuni\u00f3n\u00bb, sostuvo el ministro Mora Trujillo.<\/p>\n<p class=\"v1MsoNormal\" style=\"text-align: justify;\">Agreg\u00f3 que: \u00abel objetivo es que nosotros en primer lugar podamos dar a conocer nuestra labor y as\u00ed poder generar un trabajo conjunto con los medios de prensa para efectuar capacitaciones en orden a poder transmitir el lenguaje jur\u00eddico a la comunidad en t\u00e9rminos sencillos y claros, que es un gran desaf\u00edo que tenemos tanto la prensa como nosotros\u00bb.<\/p>\n<p class=\"v1MsoNormal\" style=\"text-align: justify;\">En la reuni\u00f3n se acord\u00f3 una primera capacitaci\u00f3n para el corto plazo, abordando materias como el actuar de la prensa en instancias penales y del \u00e1mbito laboral.<\/p>\n<p class=\"v1MsoNormal\" style=\"text-align: justify;\"><b>Contingencia, v\u00ednculo con la comunidad y desaf\u00edos<\/b><\/p>\n<p class=\"v1MsoNormal\" style=\"text-align: justify;\">Al concluir la reuni\u00f3n, el ministro Mora Vallejos respondi\u00f3 diversas dudas y consultas de los medios de comunicaci\u00f3n, entre ellas, inform\u00f3 de las actuales cifras a nivel regional sobre el Registro Nacional de Deudores de Alimentos, teniendo en Ays\u00e9n a la fecha 191 personas que ingresaron a este registro con una deuda total de $204.660.514 pesos.<\/p>\n<p class=\"v1MsoNormal\" style=\"text-align: justify;\">En materia de vinculaci\u00f3n con la comunidad, el presidente del tribunal de alzada, coment\u00f3 que con el objetivo de continuar con la pol\u00edtica de puertas abiertas y el apoyo al arte y cultura regional, la Corte de Apelaciones tendr\u00e1 a partir de este lunes 3 de abril, la exposici\u00f3n \u00abMiradas de Pandemia, Historias migrantes en Patagonia\u00bb, del artista local Ramiro Bahamonde. Instancia que ser\u00e1 expuesta en el hall de acceso de la Corte, hasta el s\u00e1bado 22 de abril.<\/p>\n<p class=\"v1MsoNormal\" style=\"text-align: justify;\">Respecto a los desaf\u00edos, la autoridad judicial inform\u00f3 que para el a\u00f1o judicial 2023, se proyecta la implementaci\u00f3n del sistema de atenci\u00f3n digital CONECTA PJUD, en los juzgados mixtos de Puerto Cisnes, Puerto Ays\u00e9n y Cochrane, como tambi\u00e9n en el juzgado de Familia de la ciudad de Coyhaique.<\/p>\n<p class=\"v1MsoNormal\" style=\"text-align: justify;\">Asimismo, y tras dos a\u00f1os de pandemia el Poder Judicial retomar\u00e1 las itinerancias en zonas aisladas de la regi\u00f3n. Esto implica la realizaci\u00f3n de audiencias en localidades alejadas como Melinka, donde el Juzgado de Cisnes ya se constituy\u00f3 en el mes de marzo y las pr\u00f3ximas en las zonas de La Junta, Puerto Guadal, Puerto Bertrand y las comunas del extremo sur Caleta Tortel y Villa O`Higgins.<\/p>\n<\/div><\/section><\/div><div  style='height:50px' class='hr hr-invisible   avia-builder-el-6  el_after_av_one_full  el_before_av_social_share '><span class='hr-inner ' ><span class='hr-inner-style'><\/span><\/span><\/div><\/p>\n<div  class='av-social-sharing-box  avia-builder-el-7  el_after_av_hr  el_before_av_hr  '><div class='av-share-box'><h5 class='av-share-link-description av-no-toc '>Compartir esta noticia<\/h5><ul class='av-share-box-list noLightbox'><li class='av-share-link av-social-link-facebook' ><a target=\"_blank\" aria-label=\"Compartir en Facebook\" href='https:\/\/www.facebook.com\/sharer.php?u=https:\/\/radiorevelacionfm.cl\/?p=29576&#038;t=Presidente%20de%20la%20Corte%20de%20Coyhaique%20se%20reuni%C3%B3%20con%20medios%20de%20comunicaci%C3%B3n%20social' aria-hidden='false' data-av_icon='\ue8f3' data-av_iconfont='entypo-fontello' title='' data-avia-related-tooltip='Compartir en Facebook' rel=\"noopener\"><span class='avia_hidden_link_text'>Compartir en Facebook<\/span><\/a><\/li><li class='av-share-link av-social-link-twitter' ><a target=\"_blank\" aria-label=\"Compartir en Twitter\" href='https:\/\/twitter.com\/share?text=Presidente%20de%20la%20Corte%20de%20Coyhaique%20se%20reuni%C3%B3%20con%20medios%20de%20comunicaci%C3%B3n%20social&#038;url=https:\/\/radiorevelacionfm.cl\/?p=29576' aria-hidden='false' data-av_icon='\ue8f1' data-av_iconfont='entypo-fontello' title='' data-avia-related-tooltip='Compartir en Twitter' rel=\"noopener\"><span class='avia_hidden_link_text'>Compartir en Twitter<\/span><\/a><\/li><li class='av-share-link av-social-link-whatsapp' ><a target=\"_blank\" aria-label=\"Compartir en Whatsapp\" href='https:\/\/api.whatsapp.com\/send?text=https:\/\/radiorevelacionfm.cl\/?p=29576' aria-hidden='false' data-av_icon='\uf232' data-av_iconfont='entypo-fontello' title='' data-avia-related-tooltip='Compartir en Whatsapp' rel=\"noopener\"><span class='avia_hidden_link_text'>Compartir en Whatsapp<\/span><\/a><\/li><li class='av-share-link av-social-link-linkedin' ><a target=\"_blank\" aria-label=\"Compartir en LinkedIn\" href='https:\/\/linkedin.com\/shareArticle?mini=true&#038;title=Presidente%20de%20la%20Corte%20de%20Coyhaique%20se%20reuni%C3%B3%20con%20medios%20de%20comunicaci%C3%B3n%20social&#038;url=https:\/\/radiorevelacionfm.cl\/?p=29576' aria-hidden='false' data-av_icon='\ue8fc' data-av_iconfont='entypo-fontello' title='' data-avia-related-tooltip='Compartir en LinkedIn' rel=\"noopener\"><span class='avia_hidden_link_text'>Compartir en LinkedIn<\/span><\/a><\/li><li class='av-share-link av-social-link-mail' ><a  aria-label=\"Compartir por correo\" href='mailto:?subject=Presidente%20de%20la%20Corte%20de%20Coyhaique%20se%20reuni%C3%B3%20con%20medios%20de%20comunicaci%C3%B3n%20social&#038;body=https:\/\/radiorevelacionfm.cl\/?p=29576' aria-hidden='false' data-av_icon='\ue805' data-av_iconfont='entypo-fontello' title='' data-avia-related-tooltip='Compartir por correo'><span class='avia_hidden_link_text'>Compartir por correo<\/span><\/a><\/li><\/ul><\/div><\/div>\n<div  style='height:50px' class='hr hr-invisible   avia-builder-el-8  el_after_av_social_share  el_before_av_comments_list '><span class='hr-inner ' ><span class='hr-inner-style'><\/span><\/span><\/div>\n<div  class='av-buildercomment  av-blog-meta-html-info-disabled av-blog-meta-tag-disabled  '><\/div>\n","protected":false},"excerpt":{"rendered":"","protected":false},"author":1,"featured_media":29577,"comment_status":"open","ping_status":"open","sticky":false,"template":"","format":"standard","meta":{"footnotes":""},"categories":[55],"tags":[],"class_list":["post-29576","post","type-post","status-publish","format-standard","has-post-thumbnail","hentry","category-justicia"],"jetpack_featured_media_url":"https:\/\/radiorevelacionfm.cl\/wp-content\/uploads\/2023\/03\/Foto-01-desayuno-prensa-1-1.jpg","_links":{"self":[{"href":"https:\/\/radiorevelacionfm.cl\/index.php?rest_route=\/wp\/v2\/posts\/29576","targetHints":{"allow":["GET"]}}],"collection":[{"href":"https:\/\/radiorevelacionfm.cl\/index.php?rest_route=\/wp\/v2\/posts"}],"about":[{"href":"https:\/\/radiorevelacionfm.cl\/index.php?rest_route=\/wp\/v2\/types\/post"}],"author":[{"embeddable":true,"href":"https:\/\/radiorevelacionfm.cl\/index.php?rest_route=\/wp\/v2\/users\/1"}],"replies":[{"embeddable":true,"href":"https:\/\/radiorevelacionfm.cl\/index.php?rest_route=%2Fwp%2Fv2%2Fcomments&post=29576"}],"version-history":[{"count":1,"href":"https:\/\/radiorevelacionfm.cl\/index.php?rest_route=\/wp\/v2\/posts\/29576\/revisions"}],"predecessor-version":[{"id":29578,"href":"https:\/\/radiorevelacionfm.cl\/index.php?rest_route=\/wp\/v2\/posts\/29576\/revisions\/29578"}],"wp:featuredmedia":[{"embeddable":true,"href":"https:\/\/radiorevelacionfm.cl\/index.php?rest_route=\/wp\/v2\/media\/29577"}],"wp:attachment":[{"href":"https:\/\/radiorevelacionfm.cl\/index.php?rest_route=%2Fwp%2Fv2%2Fmedia&parent=29576"}],"wp:term":[{"taxonomy":"category","embeddable":true,"href":"https:\/\/radiorevelacionfm.cl\/index.php?rest_route=%2Fwp%2Fv2%2Fcategories&post=29576"},{"taxonomy":"post_tag","embeddable":true,"href":"https:\/\/radiorevelacionfm.cl\/index.php?rest_route=%2Fwp%2Fv2%2Ftags&post=29576"}],"curies":[{"name":"wp","href":"https:\/\/api.w.org\/{rel}","templated":true}]}}