{"id":29571,"date":"2023-03-31T11:09:18","date_gmt":"2023-03-31T14:09:18","guid":{"rendered":"https:\/\/radiorevelacionfm.cl\/?p=29571"},"modified":"2023-03-31T11:09:18","modified_gmt":"2023-03-31T14:09:18","slug":"seremi-de-culturas-aysen-articula-mesas-artisticas-del-extremo-sur","status":"publish","type":"post","link":"https:\/\/radiorevelacionfm.cl\/?p=29571","title":{"rendered":"Seremi de Culturas Ays\u00e9n articula mesas art\u00edsticas del extremo sur"},"content":{"rendered":"<div class=\"flex_column av_one_full  flex_column_div av-zero-column-padding first  avia-builder-el-0  el_before_av_one_full  avia-builder-el-first  \" style='border-radius:0px; '><div  class='avia-image-container  av-styling-    avia-builder-el-1  avia-builder-el-no-sibling  avia-align-center '  itemprop=\"image\" itemscope=\"itemscope\" itemtype=\"https:\/\/schema.org\/ImageObject\"  ><div class='avia-image-container-inner'><div class='avia-image-overlay-wrap'><img decoding=\"async\" class='wp-image-29572 avia-img-lazy-loading-not-29572 avia_image' src=\"https:\/\/radiorevelacionfm.cl\/wp-content\/uploads\/2023\/03\/gira-sur-3-1-1.jpg\" alt='' title='gira sur 3 (1) (1)' height=\"600\" width=\"800\"  itemprop=\"thumbnailUrl\" srcset=\"https:\/\/radiorevelacionfm.cl\/wp-content\/uploads\/2023\/03\/gira-sur-3-1-1.jpg 800w, https:\/\/radiorevelacionfm.cl\/wp-content\/uploads\/2023\/03\/gira-sur-3-1-1-300x225.jpg 300w, https:\/\/radiorevelacionfm.cl\/wp-content\/uploads\/2023\/03\/gira-sur-3-1-1-768x576.jpg 768w, https:\/\/radiorevelacionfm.cl\/wp-content\/uploads\/2023\/03\/gira-sur-3-1-1-705x529.jpg 705w, https:\/\/radiorevelacionfm.cl\/wp-content\/uploads\/2023\/03\/gira-sur-3-1-1-450x338.jpg 450w, https:\/\/radiorevelacionfm.cl\/wp-content\/uploads\/2023\/03\/gira-sur-3-1-1-600x450.jpg 600w\" sizes=\"(max-width: 800px) 100vw, 800px\" \/><\/div><\/div><\/div><\/div><div class=\"flex_column av_one_full  flex_column_div av-zero-column-padding first  avia-builder-el-2  el_after_av_one_full  el_before_av_one_full  column-top-margin\" style='border-radius:0px; '><section class=\"av_textblock_section \"  itemscope=\"itemscope\" itemtype=\"https:\/\/schema.org\/BlogPosting\" itemprop=\"blogPost\" ><div class='avia_textblock  '   itemprop=\"text\" ><p style=\"text-align: center;\"><span style=\"font-size: 18pt;\"><strong>Seremi de Culturas Ays\u00e9n articula mesas art\u00edsticas del extremo sur<\/strong><\/span><\/p>\n<div id=\"gtx-trans\" style=\"position: absolute; left: -50px; top: 4.31534px;\">\n<div class=\"gtx-trans-icon\"><\/div>\n<\/div>\n<\/div><\/section><\/div><div class=\"flex_column av_one_full  flex_column_div av-zero-column-padding first  avia-builder-el-4  el_after_av_one_full  el_before_av_hr  column-top-margin\" style='border-radius:0px; '><section class=\"av_textblock_section \"  itemscope=\"itemscope\" itemtype=\"https:\/\/schema.org\/BlogPosting\" itemprop=\"blogPost\" ><div class='avia_textblock  '   itemprop=\"text\" ><p style=\"text-align: justify;\"><em>En una gira de 4 d\u00edas, el seremi de Culturas Ays\u00e9n junto a parte de los equipos de Ciudadan\u00eda Cultural y Educaci\u00f3n Art\u00edstica, recorri\u00f3 las comunas del extremo sur de la Regi\u00f3n de Ays\u00e9n, con el objetivo de articular el trabajo con las mesas art\u00edsticas de Cochrane, Puerto Guadal, Tortel y Villa O\u2019Higgins.<\/em><\/p>\n<p style=\"text-align: justify;\">De este modo, se activ\u00f3 el trabajo territorial 2023 con las y los agentes culturales de las comunas de Tortel, Chile Chico, Cochrane y O\u2019Higgins.<\/p>\n<p style=\"text-align: justify;\">El seremi de Culturas Ays\u00e9n, Felipe Quiroz, inform\u00f3 a las comunidades sobre el estado del proceso de Iniciativas Culturales Asociativas, ICA 2023, que beneficia a todas las comunas de Ays\u00e9n con un proyecto cultural cada una.<\/p>\n<p style=\"text-align: justify;\">Adem\u00e1s, la m\u00e1xima autoridad cultural de la regi\u00f3n adelant\u00f3 antecedentes acerca de la realizaci\u00f3n de microresidencias art\u00edsticas en toda la regi\u00f3n y sobre la implementaci\u00f3n del programa Puntos de Cultura Comunitaria, cuesti\u00f3n que se ha construido de modo participativo con las comunidades y que se concretar\u00e1 este a\u00f1o.<\/p>\n<p style=\"text-align: justify;\">Para el seremi de Culturas Ays\u00e9n, Felipe Quiroz, se trat\u00f3 de \u201cencuentros muy fruct\u00edferos en que pudimos escuchar las inquietudes de las y los agentes culturales y entregar informaci\u00f3n relevante sobre nuestras convocatorias y los proyectos que benefician a cada comuna del extremo sur de pa\u00eds. Regresamos contentos a la capital regional para seguir articulando el trabajo con el sector cultural de Ays\u00e9n y as\u00ed estar presentes como cartera en nuestro territorio\u201d.<\/p>\n<p style=\"text-align: justify;\">Alan Acevedo dijo que \u201cson instancias muy ricas y es bueno ver que la gente participa. Ac\u00e1 en O\u2019Higgins es un poco dif\u00edcil que se re\u00fana tanta gente en un espacio a conversar de algo. Entonces es bonito ver tanta gente reunida, es gratificante y motivador para todas las personas que conforman estos espacios\u201d.<\/p>\n<p style=\"text-align: justify;\">El profesor de historia y geograf\u00eda, Diego Navarrete, cree que se trata de \u201cun buen momento para compartir con todos los gestores culturales que se desarrollan dentro de Villa O\u2019Higgins. Una buena instancia tambi\u00e9n para organizarse dentro de todos los planes que se tienen en mente, tanto individuales como colectivos. Necesitamos que se sigan articulando y que haya m\u00e1s constancia de parte de los gestores. En la medida en que nos vamos acompa\u00f1ando, tambi\u00e9n hay una constancia y que sea una instancia de crecimiento para todos y para todas\u201d.<\/p>\n<p style=\"text-align: justify;\">Scarlet Verdugo de la Escuelita de Kayak dijo que \u201cnuestra experiencia ha sido de car\u00e1cter positivo ya que se ha logrado establecer redes de apoyo y de trabajo en colaboraci\u00f3n, abarcando varias problem\u00e1ticas que debido a estas mismas iniciativas han dado soluci\u00f3n. Esperamos que el ministerio siga trabajando en los territorios, que es superimportante y positivo para el desarrollo cultural\u201d.<\/p>\n<\/div><\/section><\/div><div  style='height:50px' class='hr hr-invisible   avia-builder-el-6  el_after_av_one_full  el_before_av_social_share '><span class='hr-inner ' ><span class='hr-inner-style'><\/span><\/span><\/div><\/p>\n<div  class='av-social-sharing-box  avia-builder-el-7  el_after_av_hr  el_before_av_hr  '><div class='av-share-box'><h5 class='av-share-link-description av-no-toc '>Compartir esta noticia<\/h5><ul class='av-share-box-list noLightbox'><li class='av-share-link av-social-link-facebook' ><a target=\"_blank\" aria-label=\"Compartir en Facebook\" href='https:\/\/www.facebook.com\/sharer.php?u=https:\/\/radiorevelacionfm.cl\/?p=29571&#038;t=Seremi%20de%20Culturas%20Ays%C3%A9n%20articula%20mesas%20art%C3%ADsticas%20del%20extremo%20sur' aria-hidden='false' data-av_icon='\ue8f3' data-av_iconfont='entypo-fontello' title='' data-avia-related-tooltip='Compartir en Facebook' rel=\"noopener\"><span class='avia_hidden_link_text'>Compartir en Facebook<\/span><\/a><\/li><li class='av-share-link av-social-link-twitter' ><a target=\"_blank\" aria-label=\"Compartir en Twitter\" href='https:\/\/twitter.com\/share?text=Seremi%20de%20Culturas%20Ays%C3%A9n%20articula%20mesas%20art%C3%ADsticas%20del%20extremo%20sur&#038;url=https:\/\/radiorevelacionfm.cl\/?p=29571' aria-hidden='false' data-av_icon='\ue8f1' data-av_iconfont='entypo-fontello' title='' data-avia-related-tooltip='Compartir en Twitter' rel=\"noopener\"><span class='avia_hidden_link_text'>Compartir en Twitter<\/span><\/a><\/li><li class='av-share-link av-social-link-whatsapp' ><a target=\"_blank\" aria-label=\"Compartir en Whatsapp\" href='https:\/\/api.whatsapp.com\/send?text=https:\/\/radiorevelacionfm.cl\/?p=29571' aria-hidden='false' data-av_icon='\uf232' data-av_iconfont='entypo-fontello' title='' data-avia-related-tooltip='Compartir en Whatsapp' rel=\"noopener\"><span class='avia_hidden_link_text'>Compartir en Whatsapp<\/span><\/a><\/li><li class='av-share-link av-social-link-linkedin' ><a target=\"_blank\" aria-label=\"Compartir en LinkedIn\" href='https:\/\/linkedin.com\/shareArticle?mini=true&#038;title=Seremi%20de%20Culturas%20Ays%C3%A9n%20articula%20mesas%20art%C3%ADsticas%20del%20extremo%20sur&#038;url=https:\/\/radiorevelacionfm.cl\/?p=29571' aria-hidden='false' data-av_icon='\ue8fc' data-av_iconfont='entypo-fontello' title='' data-avia-related-tooltip='Compartir en LinkedIn' rel=\"noopener\"><span class='avia_hidden_link_text'>Compartir en LinkedIn<\/span><\/a><\/li><li class='av-share-link av-social-link-mail' ><a  aria-label=\"Compartir por correo\" href='mailto:?subject=Seremi%20de%20Culturas%20Ays%C3%A9n%20articula%20mesas%20art%C3%ADsticas%20del%20extremo%20sur&#038;body=https:\/\/radiorevelacionfm.cl\/?p=29571' aria-hidden='false' data-av_icon='\ue805' data-av_iconfont='entypo-fontello' title='' data-avia-related-tooltip='Compartir por correo'><span class='avia_hidden_link_text'>Compartir por correo<\/span><\/a><\/li><\/ul><\/div><\/div>\n<div  style='height:50px' class='hr hr-invisible   avia-builder-el-8  el_after_av_social_share  el_before_av_comments_list '><span class='hr-inner ' ><span class='hr-inner-style'><\/span><\/span><\/div>\n<div  class='av-buildercomment  av-blog-meta-html-info-disabled av-blog-meta-tag-disabled  '><\/div>\n","protected":false},"excerpt":{"rendered":"","protected":false},"author":1,"featured_media":29572,"comment_status":"open","ping_status":"open","sticky":false,"template":"","format":"standard","meta":{"footnotes":""},"categories":[52],"tags":[],"class_list":["post-29571","post","type-post","status-publish","format-standard","has-post-thumbnail","hentry","category-cultura"],"jetpack_featured_media_url":"https:\/\/radiorevelacionfm.cl\/wp-content\/uploads\/2023\/03\/gira-sur-3-1-1.jpg","_links":{"self":[{"href":"https:\/\/radiorevelacionfm.cl\/index.php?rest_route=\/wp\/v2\/posts\/29571","targetHints":{"allow":["GET"]}}],"collection":[{"href":"https:\/\/radiorevelacionfm.cl\/index.php?rest_route=\/wp\/v2\/posts"}],"about":[{"href":"https:\/\/radiorevelacionfm.cl\/index.php?rest_route=\/wp\/v2\/types\/post"}],"author":[{"embeddable":true,"href":"https:\/\/radiorevelacionfm.cl\/index.php?rest_route=\/wp\/v2\/users\/1"}],"replies":[{"embeddable":true,"href":"https:\/\/radiorevelacionfm.cl\/index.php?rest_route=%2Fwp%2Fv2%2Fcomments&post=29571"}],"version-history":[{"count":1,"href":"https:\/\/radiorevelacionfm.cl\/index.php?rest_route=\/wp\/v2\/posts\/29571\/revisions"}],"predecessor-version":[{"id":29573,"href":"https:\/\/radiorevelacionfm.cl\/index.php?rest_route=\/wp\/v2\/posts\/29571\/revisions\/29573"}],"wp:featuredmedia":[{"embeddable":true,"href":"https:\/\/radiorevelacionfm.cl\/index.php?rest_route=\/wp\/v2\/media\/29572"}],"wp:attachment":[{"href":"https:\/\/radiorevelacionfm.cl\/index.php?rest_route=%2Fwp%2Fv2%2Fmedia&parent=29571"}],"wp:term":[{"taxonomy":"category","embeddable":true,"href":"https:\/\/radiorevelacionfm.cl\/index.php?rest_route=%2Fwp%2Fv2%2Fcategories&post=29571"},{"taxonomy":"post_tag","embeddable":true,"href":"https:\/\/radiorevelacionfm.cl\/index.php?rest_route=%2Fwp%2Fv2%2Ftags&post=29571"}],"curies":[{"name":"wp","href":"https:\/\/api.w.org\/{rel}","templated":true}]}}