{"id":29565,"date":"2023-03-31T10:11:38","date_gmt":"2023-03-31T13:11:38","guid":{"rendered":"https:\/\/radiorevelacionfm.cl\/?p=29565"},"modified":"2023-03-31T10:11:38","modified_gmt":"2023-03-31T13:11:38","slug":"exitosa-conformacion-del-comite-comunal-para-la-gobernanza-marino-costera-en-cisnes","status":"publish","type":"post","link":"https:\/\/radiorevelacionfm.cl\/?p=29565","title":{"rendered":"Exitosa conformaci\u00f3n del Comit\u00e9 Comunal para La Gobernanza Marino Costera en Cisnes"},"content":{"rendered":"<div class=\"flex_column av_one_full  flex_column_div av-zero-column-padding first  avia-builder-el-0  el_before_av_one_full  avia-builder-el-first  \" style='border-radius:0px; '><div  class='avia-image-container  av-styling-    avia-builder-el-1  avia-builder-el-no-sibling  avia-align-center '  itemprop=\"image\" itemscope=\"itemscope\" itemtype=\"https:\/\/schema.org\/ImageObject\"  ><div class='avia-image-container-inner'><div class='avia-image-overlay-wrap'><img decoding=\"async\" class='wp-image-29566 avia-img-lazy-loading-not-29566 avia_image' src=\"https:\/\/radiorevelacionfm.cl\/wp-content\/uploads\/2023\/03\/img_4314-1-1_optimized-1.jpg\" alt='' title='img_4314-(1)-(1)_optimized (1)' height=\"600\" width=\"1067\"  itemprop=\"thumbnailUrl\" srcset=\"https:\/\/radiorevelacionfm.cl\/wp-content\/uploads\/2023\/03\/img_4314-1-1_optimized-1.jpg 1067w, https:\/\/radiorevelacionfm.cl\/wp-content\/uploads\/2023\/03\/img_4314-1-1_optimized-1-300x169.jpg 300w, https:\/\/radiorevelacionfm.cl\/wp-content\/uploads\/2023\/03\/img_4314-1-1_optimized-1-1030x579.jpg 1030w, https:\/\/radiorevelacionfm.cl\/wp-content\/uploads\/2023\/03\/img_4314-1-1_optimized-1-768x432.jpg 768w, https:\/\/radiorevelacionfm.cl\/wp-content\/uploads\/2023\/03\/img_4314-1-1_optimized-1-705x396.jpg 705w, https:\/\/radiorevelacionfm.cl\/wp-content\/uploads\/2023\/03\/img_4314-1-1_optimized-1-450x253.jpg 450w, https:\/\/radiorevelacionfm.cl\/wp-content\/uploads\/2023\/03\/img_4314-1-1_optimized-1-600x337.jpg 600w\" sizes=\"(max-width: 1067px) 100vw, 1067px\" \/><\/div><\/div><\/div><\/div><div class=\"flex_column av_one_full  flex_column_div av-zero-column-padding first  avia-builder-el-2  el_after_av_one_full  el_before_av_one_full  column-top-margin\" style='border-radius:0px; '><section class=\"av_textblock_section \"  itemscope=\"itemscope\" itemtype=\"https:\/\/schema.org\/BlogPosting\" itemprop=\"blogPost\" ><div class='avia_textblock  '   itemprop=\"text\" ><p style=\"text-align: center;\"><strong><span style=\"font-size: 18pt;\">Exitosa conformaci\u00f3n del Comit\u00e9 Comunal para La Gobernanza Marino Costera en Cisnes<\/span><\/strong><\/p>\n<div id=\"gtx-trans\" style=\"position: absolute; left: -50px; top: 4.31534px;\">\n<div class=\"gtx-trans-icon\"><\/div>\n<\/div>\n<\/div><\/section><\/div><div class=\"flex_column av_one_full  flex_column_div av-zero-column-padding first  avia-builder-el-4  el_after_av_one_full  el_before_av_hr  column-top-margin\" style='border-radius:0px; '><section class=\"av_textblock_section \"  itemscope=\"itemscope\" itemtype=\"https:\/\/schema.org\/BlogPosting\" itemprop=\"blogPost\" ><div class='avia_textblock  '   itemprop=\"text\" ><p style=\"text-align: justify;\">Con la presencia de representantes de las distintas localidades de la comuna de Cisnes se realiz\u00f3 el lanzamiento del Comit\u00e9 Comunal de Gobernanza Marino Costera. Esta instancia busca realzar la voz de los territorios en la toma de decisiones, y es parte del proyecto GEF que est\u00e1 trabajando en la zona.<\/p>\n<p style=\"text-align: justify;\">El Seremi de Medio Ambiente, Juli\u00e1n C\u00e1rdenas manifest\u00f3 que \u201cnos estamos reuniendo dentro del contexto del proyecto GEF de Gobernanza Marino Costera con todos los y las representantes de las siete localidades de esta comuna, los servicios p\u00fablicos y los gremios de las empresas, entonces es la instancia ideal para que, al fin, nos sentemos todas y todos en la misma mesa y conversemos, dialoguemos y busquemos acuerdos tan necesarios para las soluciones que vislumbramos en nuestro futuro\u201d<\/p>\n<p style=\"text-align: justify;\">Recordemos que este proyecto tendr\u00e1 una duraci\u00f3n de 4 a\u00f1os, y est\u00e1 trabajando permanentemente en los territorios junto a las comunidades, espec\u00edficamente en Ra\u00fal Mar\u00edn Balmaceda, La Junta, Melimoyu, Puyuhuapi, Puerto Cisnes, Puerto Gala y Puerto Gaviota, todas localidades de la comuna de Cisnes, regi\u00f3n de Ays\u00e9n.<\/p>\n<p style=\"text-align: justify;\">La representante de Puerto Gala, Ailyn Leyt\u00f3n se\u00f1al\u00f3 que \u201csentir que somos considerados, siendo una localidad tan aislada, dentro de un proyecto llevado por la FAO para nosotros nos causa una cierta esperanza de lograr los cambios que necesitamos y estamos peleando desde hace 20 a\u00f1os. Esperamos que esta instancia, donde nos vamos a sentar a conversar directamente con las autoridades, podamos lograr solucionar algunas de nuestras necesidades\u201d.<\/p>\n<p style=\"text-align: justify;\">Tras un a\u00f1o de trabajo, y luego de establecer las mesas locales, este comit\u00e9 espera ser un espacio de di\u00e1logo y trabajo colaborativo, que involucre a todos los actores relevantes, como los organismos gubernamentales, las comunidades locales, el sector privado, la academia, entre otros. Tiene como objetivo garantizar una gesti\u00f3n efectiva, transparente y participativa de los ecosistemas marinos y costeros de la comuna de Cisnes.<\/p>\n<p style=\"text-align: justify;\">Para el representante de Puerto Cisnes, Ariel Riquelme, \u201ces importante para nosotros como comunidad las distintas plantear las situaciones, demandas y proyecciones que vemos en el litoral de esta zona, principalmente ligado a la conservaci\u00f3n del recurso, del ecosistema, a la mayor fiscalizaci\u00f3n, a un mayor compromiso de la industria del salm\u00f3n en cuidar estos espacios. Entonces creo que podemos lograr grandes cosas para cuidar el maritorio\u201d.<\/p>\n<p style=\"text-align: justify;\">El alcalde de Cisnes, Francisco Roncagliolo manifest\u00f3 que \u201cestamos muy contentos de llevar a cabo este proyecto, principalmente con la representaci\u00f3n de nuestras comunidades, que son los actores principales de los territorios y los sistemas productivos. Ac\u00e1 lo que esperamos lograr es que todos podamos conversar y tener puntos de encuentros para construir la comuna que necesitamos.<\/p>\n<p style=\"text-align: justify;\">La Coordinadora Nacional del proyecto, Manuela Erazo, sostuvo que \u201ceste comit\u00e9 es el fin de un primer a\u00f1o de intenso trabajo, de reuniones, de mucho taller de muchas instancias participativas y que esperamos sea el primer paso para incorporar a las comunidades, en un dialogo permanente con las autoridades, en los procesos de tomas de decisiones. As\u00ed que es un hito importante y estamos muy contentos de ir avanzando en este camino\u201d.<\/p>\n<p style=\"text-align: justify;\">Ac\u00e1 se podr\u00e1 analizar y validar propuestas de trabajo en la comuna, tambi\u00e9n ser\u00e1 el lugar donde se desarrollar\u00e1 una Planificaci\u00f3n Espacial Marina, entre otras funciones, que son parte del proyecto denominado \u201cFortalecimiento de la gesti\u00f3n y la gobernanza para la conservaci\u00f3n y el uso sostenible de la biodiversidad de importancia mundial en los ecosistemas marinos costeros en Chile\u201d.<\/p>\n<p style=\"text-align: justify;\">El proyecto es implementado por la Organizaci\u00f3n de las Naciones Unidas para la Alimentaci\u00f3n y la Agricultura (FAO) y ejecutado por el Ministerio del Medio Ambiente, el Ministerio de Bienes Naciones, junto a la Subsecretar\u00eda de Pesca, la Subsecretar\u00eda de Desarrollo Regional, la Subsecretar\u00eda para las Fuerzas Armadas y Sernapesca.<\/p>\n<\/div><\/section><\/div><div  style='height:50px' class='hr hr-invisible   avia-builder-el-6  el_after_av_one_full  el_before_av_social_share '><span class='hr-inner ' ><span class='hr-inner-style'><\/span><\/span><\/div><\/p>\n<div  class='av-social-sharing-box  avia-builder-el-7  el_after_av_hr  el_before_av_hr  '><div class='av-share-box'><h5 class='av-share-link-description av-no-toc '>Compartir esta noticia<\/h5><ul class='av-share-box-list noLightbox'><li class='av-share-link av-social-link-facebook' ><a target=\"_blank\" aria-label=\"Compartir en Facebook\" href='https:\/\/www.facebook.com\/sharer.php?u=https:\/\/radiorevelacionfm.cl\/?p=29565&#038;t=Exitosa%20conformaci%C3%B3n%20del%20Comit%C3%A9%20Comunal%20para%20La%20Gobernanza%20Marino%20Costera%20en%20Cisnes' aria-hidden='false' data-av_icon='\ue8f3' data-av_iconfont='entypo-fontello' title='' data-avia-related-tooltip='Compartir en Facebook' rel=\"noopener\"><span class='avia_hidden_link_text'>Compartir en Facebook<\/span><\/a><\/li><li class='av-share-link av-social-link-twitter' ><a target=\"_blank\" aria-label=\"Compartir en Twitter\" href='https:\/\/twitter.com\/share?text=Exitosa%20conformaci%C3%B3n%20del%20Comit%C3%A9%20Comunal%20para%20La%20Gobernanza%20Marino%20Costera%20en%20Cisnes&#038;url=https:\/\/radiorevelacionfm.cl\/?p=29565' aria-hidden='false' data-av_icon='\ue8f1' data-av_iconfont='entypo-fontello' title='' data-avia-related-tooltip='Compartir en Twitter' rel=\"noopener\"><span class='avia_hidden_link_text'>Compartir en Twitter<\/span><\/a><\/li><li class='av-share-link av-social-link-whatsapp' ><a target=\"_blank\" aria-label=\"Compartir en Whatsapp\" href='https:\/\/api.whatsapp.com\/send?text=https:\/\/radiorevelacionfm.cl\/?p=29565' aria-hidden='false' data-av_icon='\uf232' data-av_iconfont='entypo-fontello' title='' data-avia-related-tooltip='Compartir en Whatsapp' rel=\"noopener\"><span class='avia_hidden_link_text'>Compartir en Whatsapp<\/span><\/a><\/li><li class='av-share-link av-social-link-linkedin' ><a target=\"_blank\" aria-label=\"Compartir en LinkedIn\" href='https:\/\/linkedin.com\/shareArticle?mini=true&#038;title=Exitosa%20conformaci%C3%B3n%20del%20Comit%C3%A9%20Comunal%20para%20La%20Gobernanza%20Marino%20Costera%20en%20Cisnes&#038;url=https:\/\/radiorevelacionfm.cl\/?p=29565' aria-hidden='false' data-av_icon='\ue8fc' data-av_iconfont='entypo-fontello' title='' data-avia-related-tooltip='Compartir en LinkedIn' rel=\"noopener\"><span class='avia_hidden_link_text'>Compartir en LinkedIn<\/span><\/a><\/li><li class='av-share-link av-social-link-mail' ><a  aria-label=\"Compartir por correo\" href='mailto:?subject=Exitosa%20conformaci%C3%B3n%20del%20Comit%C3%A9%20Comunal%20para%20La%20Gobernanza%20Marino%20Costera%20en%20Cisnes&#038;body=https:\/\/radiorevelacionfm.cl\/?p=29565' aria-hidden='false' data-av_icon='\ue805' data-av_iconfont='entypo-fontello' title='' data-avia-related-tooltip='Compartir por correo'><span class='avia_hidden_link_text'>Compartir por correo<\/span><\/a><\/li><\/ul><\/div><\/div>\n<div  style='height:50px' class='hr hr-invisible   avia-builder-el-8  el_after_av_social_share  el_before_av_comments_list '><span class='hr-inner ' ><span class='hr-inner-style'><\/span><\/span><\/div>\n<div  class='av-buildercomment  av-blog-meta-html-info-disabled av-blog-meta-tag-disabled  '><\/div>\n","protected":false},"excerpt":{"rendered":"","protected":false},"author":1,"featured_media":29566,"comment_status":"open","ping_status":"open","sticky":false,"template":"","format":"standard","meta":{"footnotes":""},"categories":[38],"tags":[],"class_list":["post-29565","post","type-post","status-publish","format-standard","has-post-thumbnail","hentry","category-regional"],"jetpack_featured_media_url":"https:\/\/radiorevelacionfm.cl\/wp-content\/uploads\/2023\/03\/img_4314-1-1_optimized-1.jpg","_links":{"self":[{"href":"https:\/\/radiorevelacionfm.cl\/index.php?rest_route=\/wp\/v2\/posts\/29565","targetHints":{"allow":["GET"]}}],"collection":[{"href":"https:\/\/radiorevelacionfm.cl\/index.php?rest_route=\/wp\/v2\/posts"}],"about":[{"href":"https:\/\/radiorevelacionfm.cl\/index.php?rest_route=\/wp\/v2\/types\/post"}],"author":[{"embeddable":true,"href":"https:\/\/radiorevelacionfm.cl\/index.php?rest_route=\/wp\/v2\/users\/1"}],"replies":[{"embeddable":true,"href":"https:\/\/radiorevelacionfm.cl\/index.php?rest_route=%2Fwp%2Fv2%2Fcomments&post=29565"}],"version-history":[{"count":1,"href":"https:\/\/radiorevelacionfm.cl\/index.php?rest_route=\/wp\/v2\/posts\/29565\/revisions"}],"predecessor-version":[{"id":29567,"href":"https:\/\/radiorevelacionfm.cl\/index.php?rest_route=\/wp\/v2\/posts\/29565\/revisions\/29567"}],"wp:featuredmedia":[{"embeddable":true,"href":"https:\/\/radiorevelacionfm.cl\/index.php?rest_route=\/wp\/v2\/media\/29566"}],"wp:attachment":[{"href":"https:\/\/radiorevelacionfm.cl\/index.php?rest_route=%2Fwp%2Fv2%2Fmedia&parent=29565"}],"wp:term":[{"taxonomy":"category","embeddable":true,"href":"https:\/\/radiorevelacionfm.cl\/index.php?rest_route=%2Fwp%2Fv2%2Fcategories&post=29565"},{"taxonomy":"post_tag","embeddable":true,"href":"https:\/\/radiorevelacionfm.cl\/index.php?rest_route=%2Fwp%2Fv2%2Ftags&post=29565"}],"curies":[{"name":"wp","href":"https:\/\/api.w.org\/{rel}","templated":true}]}}