{"id":29562,"date":"2023-03-30T21:02:16","date_gmt":"2023-03-31T00:02:16","guid":{"rendered":"https:\/\/radiorevelacionfm.cl\/?p=29562"},"modified":"2023-03-30T21:02:16","modified_gmt":"2023-03-31T00:02:16","slug":"mas-de-200-personas-participaron-en-corrida-familiar-organizada-por-el-ind-en-coyhaique","status":"publish","type":"post","link":"https:\/\/radiorevelacionfm.cl\/?p=29562","title":{"rendered":"M\u00e1s de 200 personas participaron en Corrida Familiar organizada por el IND en Coyhaique"},"content":{"rendered":"<div class=\"flex_column av_one_full  flex_column_div av-zero-column-padding first  avia-builder-el-0  el_before_av_one_full  avia-builder-el-first  \" style='border-radius:0px; '><div  class='avia-image-container  av-styling-    avia-builder-el-1  avia-builder-el-no-sibling  avia-align-center '  itemprop=\"image\" itemscope=\"itemscope\" itemtype=\"https:\/\/schema.org\/ImageObject\"  ><div class='avia-image-container-inner'><div class='avia-image-overlay-wrap'><img decoding=\"async\" class='wp-image-29563 avia-img-lazy-loading-not-29563 avia_image' src=\"https:\/\/radiorevelacionfm.cl\/wp-content\/uploads\/2023\/03\/22-3-1-1.jpg\" alt='' title='22 (3) (1) (1)' height=\"600\" width=\"800\"  itemprop=\"thumbnailUrl\" srcset=\"https:\/\/radiorevelacionfm.cl\/wp-content\/uploads\/2023\/03\/22-3-1-1.jpg 800w, https:\/\/radiorevelacionfm.cl\/wp-content\/uploads\/2023\/03\/22-3-1-1-300x225.jpg 300w, https:\/\/radiorevelacionfm.cl\/wp-content\/uploads\/2023\/03\/22-3-1-1-768x576.jpg 768w, https:\/\/radiorevelacionfm.cl\/wp-content\/uploads\/2023\/03\/22-3-1-1-705x529.jpg 705w, https:\/\/radiorevelacionfm.cl\/wp-content\/uploads\/2023\/03\/22-3-1-1-450x338.jpg 450w, https:\/\/radiorevelacionfm.cl\/wp-content\/uploads\/2023\/03\/22-3-1-1-600x450.jpg 600w\" sizes=\"(max-width: 800px) 100vw, 800px\" \/><\/div><\/div><\/div><\/div><div class=\"flex_column av_one_full  flex_column_div av-zero-column-padding first  avia-builder-el-2  el_after_av_one_full  el_before_av_one_full  column-top-margin\" style='border-radius:0px; '><section class=\"av_textblock_section \"  itemscope=\"itemscope\" itemtype=\"https:\/\/schema.org\/BlogPosting\" itemprop=\"blogPost\" ><div class='avia_textblock  '   itemprop=\"text\" ><p style=\"text-align: center;\"><span style=\"font-size: 18pt;\"><b><span lang=\"ES-MX\">M\u00e1s de 200 personas participaron en Corrida Familiar organizada por el IND en Coyhaique<\/span><\/b><\/span><\/p>\n<div id=\"gtx-trans\" style=\"position: absolute; left: -50px; top: 4.31534px;\"><\/div>\n<\/div><\/section><\/div><div class=\"flex_column av_one_full  flex_column_div av-zero-column-padding first  avia-builder-el-4  el_after_av_one_full  el_before_av_hr  column-top-margin\" style='border-radius:0px; '><section class=\"av_textblock_section \"  itemscope=\"itemscope\" itemtype=\"https:\/\/schema.org\/BlogPosting\" itemprop=\"blogPost\" ><div class='avia_textblock  '   itemprop=\"text\" ><p class=\"v1MsoNormal\" style=\"text-align: justify;\"><span lang=\"ES-MX\">La plaza del Pionero fue el epicentro de esta\u00a0<\/span>fiesta no s\u00f3lo para el deporte y la vida sana, sino que tambi\u00e9n para revivir la alegr\u00eda y entusiasmo que generan las actividades masivas y gratuitas en los espacios p\u00fablicos.<\/p>\n<p class=\"v1MsoNormal\" style=\"text-align: justify;\">La ma\u00f1ana del s\u00e1bado comenzaron a llegar los primeros competidores de las categor\u00edas familiar, infantil, 2,5k, 5k, 10k e inclusiva, quienes adem\u00e1s participaron de actividades de baile dirigidas por monitores y del sector de juegos inflables para ni\u00f1as y ni\u00f1os, todo con el objetivo de ofrecer alternativas de actividad f\u00edsica, deporte y recreaci\u00f3n gratuitas y abiertas a la comunidad.<\/p>\n<p class=\"v1MsoNormal\" style=\"text-align: justify;\">Mar\u00eda Eugenia Dur\u00e1n Jara, Seremi del Deporte quien corri\u00f3 los 5K, indic\u00f3 \u00abestamos muy contentos de finalizar el verano y dar la bienvenida al oto\u00f1o con esta actividad masiva perteneciente al programa de participaci\u00f3n social del IND, en donde buscamos promover h\u00e1bitos saludables que contribuyan a mejorar la calidad de vida de las familias y en este sentido nuestro compromiso con el programa de gobierno del Presidente Gariel Boric que busca democratizar el acceso\u00a0a la actividad f\u00edsica y recreaci\u00f3n en los espacios p\u00fablicos de nuestra regi\u00f3n\u00a0fomentando una cultura del movimiento\u00bb.<\/p>\n<p class=\"v1MsoNormal\" style=\"text-align: justify;\">Asimismo, la atleta Andrea Guenuman se\u00f1al\u00f3 \u00abCorr\u00ed la distancia de los 2,5k, otras veces ya he participado en estas actividades que son muy bonitas y hoy asistimos junto a un grupo de atletas del Club Atl\u00e9tico Patagonia Deportes de Puerto Ays\u00e9n\u00bb.<\/p>\n<p class=\"v1MsoNormal\" style=\"text-align: justify;\"><u>Los resultados por categor\u00eda son los siguientes<\/u><\/p>\n<p class=\"v1MsoNormal\" style=\"text-align: justify;\">2.5 K &#8211; Infantil A (9 a 11 a\u00f1os) 1\u00b0 Oliver Schacht, 2\u00b0 Mat\u00edas Herrera, 2.5 K &#8211; Infantil B (12 a 13 a\u00f1os) 1\u00b0 Fernando Escobar, 2\u00b0 M\u00e1ximo Sorhaduru, 3\u00b0 Laura C\u00e1rdenas<\/p>\n<p class=\"v1MsoNormal\" style=\"text-align: justify;\">2.5 K &#8211; Todo Competidor Damas (14 a\u00f1os y m\u00e1s) 1\u00b0 Montserrat Ram\u00edrez, 2\u00b0 Macarena D\u00edaz, 3\u00b0 Jessica Melgarejo, 2.5 K &#8211; Todo Competidor Varones (14 a\u00f1os y m\u00e1s) 1\u00b0 \u00cdtalo Cecchini, 2\u00b0 Kabir Bardi, 3\u00b0 Diego Vallejos<\/p>\n<p class=\"v1MsoNormal\" style=\"text-align: justify;\">5K &#8211; Juvenil Damas (14 a 18 a\u00f1os) 1\u00b0 Tamara Labra\u00f1a, 2\u00b0 Isidora Bustamante, 3\u00b0 Constanza C\u00e1rdenas, 5 K &#8211; Juvenil Varones (14 a 18 a\u00f1os) 1\u00b0 Diego Ortega, 2\u00b0 Facundo Ram\u00edrez<\/p>\n<p class=\"v1MsoNormal\" style=\"text-align: justify;\">5K &#8211; Adulto Joven Damas (19 a 30 a\u00f1os) 1\u00b0 Maribel Cabrapan, 2\u00b0 Gabriela Vega, 3\u00b0 Macarena Mu\u00f1oz, 5 K &#8211; Adulto Joven Varones (19 a 30 a\u00f1os) 1\u00b0 Alexis Villar, 2\u00b0 An\u00edbal Rebello, 3\u00b0 Juan Galleguillos<\/p>\n<p class=\"v1MsoNormal\" style=\"text-align: justify;\">5K &#8211; Adulto Damas (31 a 45 a\u00f1os), 1\u00b0Delia C\u00e1rdenas, 2\u00b0 Queralia Jara, 3\u00b0 Andrea Prado, 5 K &#8211; Adulto Varones (31 a 45 a\u00f1os), 1\u00b0 Alan P\u00e9rez, 2\u00b0 Eduardo G\u00fcinchaman, 3\u00b0 Carlos Bustamante<\/p>\n<p class=\"v1MsoNormal\" style=\"text-align: justify;\">5K &#8211; Senior Damas (46 a 59 a\u00f1os), 1\u00b0 Luisa Vidal, 2\u00b0 Viviana Gallardo, 5 K &#8211; Senior Varones (46 a 59 a\u00f1os) 1\u00b0 Roberto Gallardo, 2\u00b0 Jorge Tranamil, 3\u00b0 Hern\u00e1n Montecinos<\/p>\n<p class=\"v1MsoNormal\" style=\"text-align: justify;\">5K \u2013 situaci\u00f3n de discapacidad B Damas (32 a\u00f1os y m\u00e1s), 1\u00b0 Fernanda Barr\u00eda, 5 K \u2013 Situaci\u00f3n de Discapacidad B Varones (32 a\u00f1os y m\u00e1s), 1\u00b0 Pablo Cuevas<\/p>\n<p class=\"v1MsoNormal\" style=\"text-align: justify;\">10K &#8211; Juvenil Varones (14 a 18 a\u00f1os), 1\u00b0 Edison Ancamil, 2\u00b0 Benjam\u00edn Loncon, 10K &#8211; Adulto Joven Varones (19 a 30 a\u00f1os), 1\u00b0 Alex Araya, 2\u00b0 Juan Montealegre, 3\u00b0 Diego V\u00e1squez<\/p>\n<p class=\"v1MsoNormal\" style=\"text-align: justify;\">10K &#8211; Adulto Damas (31 a 45 a\u00f1os), 1\u00b0 Gabriela L\u00f3pez, 2\u00b0 Nataly Vidal, 3\u00b0 G\u00e9nesis Arias, 10K &#8211; Adulto Varones (31 a 45 a\u00f1os), 1\u00b0 Andr\u00e9s Delgado, 2\u00b0 Pedro Quipillan, 3\u00b0 Edison Ancamil<\/p>\n<p class=\"v1MsoNormal\" style=\"text-align: justify;\">10K &#8211; Senior Damas (46 a 59 a\u00f1os), 1\u00b0 Marcela Moraga, 2\u00b0 Karen Chiguay, 3\u00b0 Jessica Sanhueza, 10K &#8211; Senior Varones (46 a 59 a\u00f1os), 1\u00b0 Marcos Urrutia, 2\u00b0 Ram\u00f3n Miranda, 3\u00b0 Jorge Herrera, 10K &#8211; Adulto Mayor Damas (60 a\u00f1os y m\u00e1s), 1\u00b0 Virginia Pe\u00f1a.<\/p>\n<\/div><\/section><\/div><div  style='height:50px' class='hr hr-invisible   avia-builder-el-6  el_after_av_one_full  el_before_av_social_share '><span class='hr-inner ' ><span class='hr-inner-style'><\/span><\/span><\/div><\/p>\n<div  class='av-social-sharing-box  avia-builder-el-7  el_after_av_hr  el_before_av_hr  '><div class='av-share-box'><h5 class='av-share-link-description av-no-toc '>Compartir esta noticia<\/h5><ul class='av-share-box-list noLightbox'><li class='av-share-link av-social-link-facebook' ><a target=\"_blank\" aria-label=\"Compartir en Facebook\" href='https:\/\/www.facebook.com\/sharer.php?u=https:\/\/radiorevelacionfm.cl\/?p=29562&#038;t=M%C3%A1s%20de%20200%20personas%20participaron%20en%20Corrida%20Familiar%20organizada%20por%20el%20IND%20en%20Coyhaique' aria-hidden='false' data-av_icon='\ue8f3' data-av_iconfont='entypo-fontello' title='' data-avia-related-tooltip='Compartir en Facebook' rel=\"noopener\"><span class='avia_hidden_link_text'>Compartir en Facebook<\/span><\/a><\/li><li class='av-share-link av-social-link-twitter' ><a target=\"_blank\" aria-label=\"Compartir en Twitter\" href='https:\/\/twitter.com\/share?text=M%C3%A1s%20de%20200%20personas%20participaron%20en%20Corrida%20Familiar%20organizada%20por%20el%20IND%20en%20Coyhaique&#038;url=https:\/\/radiorevelacionfm.cl\/?p=29562' aria-hidden='false' data-av_icon='\ue8f1' data-av_iconfont='entypo-fontello' title='' data-avia-related-tooltip='Compartir en Twitter' rel=\"noopener\"><span class='avia_hidden_link_text'>Compartir en Twitter<\/span><\/a><\/li><li class='av-share-link av-social-link-whatsapp' ><a target=\"_blank\" aria-label=\"Compartir en Whatsapp\" href='https:\/\/api.whatsapp.com\/send?text=https:\/\/radiorevelacionfm.cl\/?p=29562' aria-hidden='false' data-av_icon='\uf232' data-av_iconfont='entypo-fontello' title='' data-avia-related-tooltip='Compartir en Whatsapp' rel=\"noopener\"><span class='avia_hidden_link_text'>Compartir en Whatsapp<\/span><\/a><\/li><li class='av-share-link av-social-link-linkedin' ><a target=\"_blank\" aria-label=\"Compartir en LinkedIn\" href='https:\/\/linkedin.com\/shareArticle?mini=true&#038;title=M%C3%A1s%20de%20200%20personas%20participaron%20en%20Corrida%20Familiar%20organizada%20por%20el%20IND%20en%20Coyhaique&#038;url=https:\/\/radiorevelacionfm.cl\/?p=29562' aria-hidden='false' data-av_icon='\ue8fc' data-av_iconfont='entypo-fontello' title='' data-avia-related-tooltip='Compartir en LinkedIn' rel=\"noopener\"><span class='avia_hidden_link_text'>Compartir en LinkedIn<\/span><\/a><\/li><li class='av-share-link av-social-link-mail' ><a  aria-label=\"Compartir por correo\" href='mailto:?subject=M%C3%A1s%20de%20200%20personas%20participaron%20en%20Corrida%20Familiar%20organizada%20por%20el%20IND%20en%20Coyhaique&#038;body=https:\/\/radiorevelacionfm.cl\/?p=29562' aria-hidden='false' data-av_icon='\ue805' data-av_iconfont='entypo-fontello' title='' data-avia-related-tooltip='Compartir por correo'><span class='avia_hidden_link_text'>Compartir por correo<\/span><\/a><\/li><\/ul><\/div><\/div>\n<div  style='height:50px' class='hr hr-invisible   avia-builder-el-8  el_after_av_social_share  el_before_av_comments_list '><span class='hr-inner ' ><span class='hr-inner-style'><\/span><\/span><\/div>\n<div  class='av-buildercomment  av-blog-meta-html-info-disabled av-blog-meta-tag-disabled  '><\/div>\n","protected":false},"excerpt":{"rendered":"","protected":false},"author":1,"featured_media":29563,"comment_status":"open","ping_status":"open","sticky":false,"template":"","format":"standard","meta":{"footnotes":""},"categories":[40],"tags":[],"class_list":["post-29562","post","type-post","status-publish","format-standard","has-post-thumbnail","hentry","category-deportes"],"jetpack_featured_media_url":"https:\/\/radiorevelacionfm.cl\/wp-content\/uploads\/2023\/03\/22-3-1-1.jpg","_links":{"self":[{"href":"https:\/\/radiorevelacionfm.cl\/index.php?rest_route=\/wp\/v2\/posts\/29562","targetHints":{"allow":["GET"]}}],"collection":[{"href":"https:\/\/radiorevelacionfm.cl\/index.php?rest_route=\/wp\/v2\/posts"}],"about":[{"href":"https:\/\/radiorevelacionfm.cl\/index.php?rest_route=\/wp\/v2\/types\/post"}],"author":[{"embeddable":true,"href":"https:\/\/radiorevelacionfm.cl\/index.php?rest_route=\/wp\/v2\/users\/1"}],"replies":[{"embeddable":true,"href":"https:\/\/radiorevelacionfm.cl\/index.php?rest_route=%2Fwp%2Fv2%2Fcomments&post=29562"}],"version-history":[{"count":1,"href":"https:\/\/radiorevelacionfm.cl\/index.php?rest_route=\/wp\/v2\/posts\/29562\/revisions"}],"predecessor-version":[{"id":29564,"href":"https:\/\/radiorevelacionfm.cl\/index.php?rest_route=\/wp\/v2\/posts\/29562\/revisions\/29564"}],"wp:featuredmedia":[{"embeddable":true,"href":"https:\/\/radiorevelacionfm.cl\/index.php?rest_route=\/wp\/v2\/media\/29563"}],"wp:attachment":[{"href":"https:\/\/radiorevelacionfm.cl\/index.php?rest_route=%2Fwp%2Fv2%2Fmedia&parent=29562"}],"wp:term":[{"taxonomy":"category","embeddable":true,"href":"https:\/\/radiorevelacionfm.cl\/index.php?rest_route=%2Fwp%2Fv2%2Fcategories&post=29562"},{"taxonomy":"post_tag","embeddable":true,"href":"https:\/\/radiorevelacionfm.cl\/index.php?rest_route=%2Fwp%2Fv2%2Ftags&post=29562"}],"curies":[{"name":"wp","href":"https:\/\/api.w.org\/{rel}","templated":true}]}}