{"id":29559,"date":"2023-03-31T12:31:32","date_gmt":"2023-03-31T15:31:32","guid":{"rendered":"https:\/\/radiorevelacionfm.cl\/?p=29559"},"modified":"2023-03-31T12:31:32","modified_gmt":"2023-03-31T15:31:32","slug":"iniciativa-barrios-con-energia-iluminan-sector-de-poblacion-general-bernales-en-coyhaique","status":"publish","type":"post","link":"https:\/\/radiorevelacionfm.cl\/?p=29559","title":{"rendered":"Iniciativa \u201cBarrios con Energ\u00eda\u201d iluminan sector de poblaci\u00f3n General Bernales en Coyhaique"},"content":{"rendered":"<div class=\"flex_column av_one_full  flex_column_div av-zero-column-padding first  avia-builder-el-0  el_before_av_one_full  avia-builder-el-first  \" style='border-radius:0px; '><div  class='avia-image-container  av-styling-    avia-builder-el-1  avia-builder-el-no-sibling  avia-align-center '  itemprop=\"image\" itemscope=\"itemscope\" itemtype=\"https:\/\/schema.org\/ImageObject\"  ><div class='avia-image-container-inner'><div class='avia-image-overlay-wrap'><img decoding=\"async\" class='wp-image-29560 avia-img-lazy-loading-not-29560 avia_image' src=\"https:\/\/radiorevelacionfm.cl\/wp-content\/uploads\/2023\/03\/luminarias1-1_optimized.jpg\" alt='' title='luminarias1-(1)_optimized' height=\"600\" width=\"800\"  itemprop=\"thumbnailUrl\" srcset=\"https:\/\/radiorevelacionfm.cl\/wp-content\/uploads\/2023\/03\/luminarias1-1_optimized.jpg 800w, https:\/\/radiorevelacionfm.cl\/wp-content\/uploads\/2023\/03\/luminarias1-1_optimized-300x225.jpg 300w, https:\/\/radiorevelacionfm.cl\/wp-content\/uploads\/2023\/03\/luminarias1-1_optimized-768x576.jpg 768w, https:\/\/radiorevelacionfm.cl\/wp-content\/uploads\/2023\/03\/luminarias1-1_optimized-705x529.jpg 705w, https:\/\/radiorevelacionfm.cl\/wp-content\/uploads\/2023\/03\/luminarias1-1_optimized-450x338.jpg 450w, https:\/\/radiorevelacionfm.cl\/wp-content\/uploads\/2023\/03\/luminarias1-1_optimized-600x450.jpg 600w\" sizes=\"(max-width: 800px) 100vw, 800px\" \/><\/div><\/div><\/div><\/div><div class=\"flex_column av_one_full  flex_column_div av-zero-column-padding first  avia-builder-el-2  el_after_av_one_full  el_before_av_one_full  column-top-margin\" style='border-radius:0px; '><section class=\"av_textblock_section \"  itemscope=\"itemscope\" itemtype=\"https:\/\/schema.org\/BlogPosting\" itemprop=\"blogPost\" ><div class='avia_textblock  '   itemprop=\"text\" ><p style=\"text-align: center;\"><strong><span style=\"font-size: 18pt;\">Iniciativa \u201cBarrios con Energ\u00eda\u201d iluminan sector de poblaci\u00f3n General Bernales en Coyhaique<\/span><\/strong><\/p>\n<div id=\"gtx-trans\" style=\"position: absolute; left: -50px; top: 4.31534px;\">\n<div class=\"gtx-trans-icon\"><\/div>\n<\/div>\n<\/div><\/section><\/div><div class=\"flex_column av_one_full  flex_column_div av-zero-column-padding first  avia-builder-el-4  el_after_av_one_full  el_before_av_hr  column-top-margin\" style='border-radius:0px; '><section class=\"av_textblock_section \"  itemscope=\"itemscope\" itemtype=\"https:\/\/schema.org\/BlogPosting\" itemprop=\"blogPost\" ><div class='avia_textblock  '   itemprop=\"text\" ><p style=\"text-align: justify;\">Edelaysen en colaboraci\u00f3n con la junta de vecinos de General Bernales y el municipio de Coyhaique, ha llevado a cabo una iniciativa para iluminar el sector y mejorar la calidad de vida de los vecinos. Esta iniciativa forma parte del programa \u201cBarrios con Energ\u00eda\u201d de Edelaysen, cuyo objetivo es impulsar el desarrollo de los barrios y la calidad de vida de las comunidades a trav\u00e9s de soluciones energ\u00e9ticas sostenibles.<\/p>\n<p style=\"text-align: justify;\">En ese sentido, el jefe de Servicio al Cliente de la empresa el\u00e9ctrica, Patricio Raimilla, destac\u00f3: \u201cEn Edelaysen, estamos comprometidos con el desarrollo sostenible de los barrios y las comunidades en las que operamos. Nuestro programa \u201cBarrios con Energ\u00eda\u201d es una muestra de nuestro compromiso con la comunidad y con el medio ambiente. Estamos orgullosos de trabajar en conjunto con el municipio de Coyhaique para llevar luz y progreso a los barrios de la ciudad\u201d.<\/p>\n<p style=\"text-align: justify;\">La presidenta de la junta de vecinos, Mireya Catal\u00e1n, tambi\u00e9n agradeci\u00f3 a Edelaysen comentando que \u201cEstamos muy agradecidos con Edelaysen por su apoyo a nuestra comunidad. Esta iniciativa de iluminaci\u00f3n es un gran paso adelante para nosotros y estamos ansiosos por seguir trabajando juntos en proyectos futuros\u201d.<\/p>\n<p style=\"text-align: justify;\">Cabe destacar que esta iniciativa para iluminar el sector de General Bernales es un claro ejemplo del compromiso de la empresa con la comunidad y con el desarrollo sostenible de los barrios de Coyhaique. El programa Barrios con Energ\u00eda de Edelaysen contin\u00faa impulsando el progreso y la calidad de vida de las comunidades, generando soluciones energ\u00e9ticas sostenibles y colaborando con la comunidad para satisfacer sus necesidades.<\/p>\n<p style=\"text-align: justify;\">El alcalde de Coyhaique Carlos Gatica, destac\u00f3 el papel de Edelaysen en la iniciativa: \u201cAgradecemos a Edelaysen por su compromiso con la comunidad y por su contribuci\u00f3n al progreso de Coyhaique. La iluminaci\u00f3n de este sector es una muestra de como la colaboraci\u00f3n entre la empresa y la comunidad puede generar soluciones que mejoran la calidad de vida de los vecinos\u201d.<\/p>\n<\/div><\/section><\/div><div  style='height:50px' class='hr hr-invisible   avia-builder-el-6  el_after_av_one_full  el_before_av_social_share '><span class='hr-inner ' ><span class='hr-inner-style'><\/span><\/span><\/div><\/p>\n<div  class='av-social-sharing-box  avia-builder-el-7  el_after_av_hr  el_before_av_hr  '><div class='av-share-box'><h5 class='av-share-link-description av-no-toc '>Compartir esta noticia<\/h5><ul class='av-share-box-list noLightbox'><li class='av-share-link av-social-link-facebook' ><a target=\"_blank\" aria-label=\"Compartir en Facebook\" href='https:\/\/www.facebook.com\/sharer.php?u=https:\/\/radiorevelacionfm.cl\/?p=29559&#038;t=Iniciativa%20%E2%80%9CBarrios%20con%20Energ%C3%ADa%E2%80%9D%20iluminan%20sector%20de%20poblaci%C3%B3n%20General%20Bernales%20en%20Coyhaique' aria-hidden='false' data-av_icon='\ue8f3' data-av_iconfont='entypo-fontello' title='' data-avia-related-tooltip='Compartir en Facebook' rel=\"noopener\"><span class='avia_hidden_link_text'>Compartir en Facebook<\/span><\/a><\/li><li class='av-share-link av-social-link-twitter' ><a target=\"_blank\" aria-label=\"Compartir en Twitter\" href='https:\/\/twitter.com\/share?text=Iniciativa%20%E2%80%9CBarrios%20con%20Energ%C3%ADa%E2%80%9D%20iluminan%20sector%20de%20poblaci%C3%B3n%20General%20Bernales%20en%20Coyhaique&#038;url=https:\/\/radiorevelacionfm.cl\/?p=29559' aria-hidden='false' data-av_icon='\ue8f1' data-av_iconfont='entypo-fontello' title='' data-avia-related-tooltip='Compartir en Twitter' rel=\"noopener\"><span class='avia_hidden_link_text'>Compartir en Twitter<\/span><\/a><\/li><li class='av-share-link av-social-link-whatsapp' ><a target=\"_blank\" aria-label=\"Compartir en Whatsapp\" href='https:\/\/api.whatsapp.com\/send?text=https:\/\/radiorevelacionfm.cl\/?p=29559' aria-hidden='false' data-av_icon='\uf232' data-av_iconfont='entypo-fontello' title='' data-avia-related-tooltip='Compartir en Whatsapp' rel=\"noopener\"><span class='avia_hidden_link_text'>Compartir en Whatsapp<\/span><\/a><\/li><li class='av-share-link av-social-link-linkedin' ><a target=\"_blank\" aria-label=\"Compartir en LinkedIn\" href='https:\/\/linkedin.com\/shareArticle?mini=true&#038;title=Iniciativa%20%E2%80%9CBarrios%20con%20Energ%C3%ADa%E2%80%9D%20iluminan%20sector%20de%20poblaci%C3%B3n%20General%20Bernales%20en%20Coyhaique&#038;url=https:\/\/radiorevelacionfm.cl\/?p=29559' aria-hidden='false' data-av_icon='\ue8fc' data-av_iconfont='entypo-fontello' title='' data-avia-related-tooltip='Compartir en LinkedIn' rel=\"noopener\"><span class='avia_hidden_link_text'>Compartir en LinkedIn<\/span><\/a><\/li><li class='av-share-link av-social-link-mail' ><a  aria-label=\"Compartir por correo\" href='mailto:?subject=Iniciativa%20%E2%80%9CBarrios%20con%20Energ%C3%ADa%E2%80%9D%20iluminan%20sector%20de%20poblaci%C3%B3n%20General%20Bernales%20en%20Coyhaique&#038;body=https:\/\/radiorevelacionfm.cl\/?p=29559' aria-hidden='false' data-av_icon='\ue805' data-av_iconfont='entypo-fontello' title='' data-avia-related-tooltip='Compartir por correo'><span class='avia_hidden_link_text'>Compartir por correo<\/span><\/a><\/li><\/ul><\/div><\/div>\n<div  style='height:50px' class='hr hr-invisible   avia-builder-el-8  el_after_av_social_share  el_before_av_comments_list '><span class='hr-inner ' ><span class='hr-inner-style'><\/span><\/span><\/div>\n<div  class='av-buildercomment  av-blog-meta-html-info-disabled av-blog-meta-tag-disabled  '><\/div>\n","protected":false},"excerpt":{"rendered":"","protected":false},"author":1,"featured_media":29560,"comment_status":"open","ping_status":"open","sticky":false,"template":"","format":"standard","meta":{"footnotes":""},"categories":[38],"tags":[],"class_list":["post-29559","post","type-post","status-publish","format-standard","has-post-thumbnail","hentry","category-regional"],"jetpack_featured_media_url":"https:\/\/radiorevelacionfm.cl\/wp-content\/uploads\/2023\/03\/luminarias1-1_optimized.jpg","_links":{"self":[{"href":"https:\/\/radiorevelacionfm.cl\/index.php?rest_route=\/wp\/v2\/posts\/29559","targetHints":{"allow":["GET"]}}],"collection":[{"href":"https:\/\/radiorevelacionfm.cl\/index.php?rest_route=\/wp\/v2\/posts"}],"about":[{"href":"https:\/\/radiorevelacionfm.cl\/index.php?rest_route=\/wp\/v2\/types\/post"}],"author":[{"embeddable":true,"href":"https:\/\/radiorevelacionfm.cl\/index.php?rest_route=\/wp\/v2\/users\/1"}],"replies":[{"embeddable":true,"href":"https:\/\/radiorevelacionfm.cl\/index.php?rest_route=%2Fwp%2Fv2%2Fcomments&post=29559"}],"version-history":[{"count":1,"href":"https:\/\/radiorevelacionfm.cl\/index.php?rest_route=\/wp\/v2\/posts\/29559\/revisions"}],"predecessor-version":[{"id":29561,"href":"https:\/\/radiorevelacionfm.cl\/index.php?rest_route=\/wp\/v2\/posts\/29559\/revisions\/29561"}],"wp:featuredmedia":[{"embeddable":true,"href":"https:\/\/radiorevelacionfm.cl\/index.php?rest_route=\/wp\/v2\/media\/29560"}],"wp:attachment":[{"href":"https:\/\/radiorevelacionfm.cl\/index.php?rest_route=%2Fwp%2Fv2%2Fmedia&parent=29559"}],"wp:term":[{"taxonomy":"category","embeddable":true,"href":"https:\/\/radiorevelacionfm.cl\/index.php?rest_route=%2Fwp%2Fv2%2Fcategories&post=29559"},{"taxonomy":"post_tag","embeddable":true,"href":"https:\/\/radiorevelacionfm.cl\/index.php?rest_route=%2Fwp%2Fv2%2Ftags&post=29559"}],"curies":[{"name":"wp","href":"https:\/\/api.w.org\/{rel}","templated":true}]}}