{"id":29552,"date":"2023-03-30T18:31:06","date_gmt":"2023-03-30T21:31:06","guid":{"rendered":"https:\/\/radiorevelacionfm.cl\/?p=29552"},"modified":"2023-03-30T18:31:06","modified_gmt":"2023-03-30T21:31:06","slug":"despliegan-amplia-campana-de-vacunacion-bajo-el-slogan-vacunate-con-la-dupla","status":"publish","type":"post","link":"https:\/\/radiorevelacionfm.cl\/?p=29552","title":{"rendered":"Despliegan amplia campa\u00f1a de vacunaci\u00f3n bajo el slogan \u201cVac\u00fanate con la Dupla\u201d"},"content":{"rendered":"<div class=\"flex_column av_one_full  flex_column_div av-zero-column-padding first  avia-builder-el-0  el_before_av_one_full  avia-builder-el-first  \" style='border-radius:0px; '><div  class='avia-image-container  av-styling-    avia-builder-el-1  avia-builder-el-no-sibling  avia-align-center '  itemprop=\"image\" itemscope=\"itemscope\" itemtype=\"https:\/\/schema.org\/ImageObject\"  ><div class='avia-image-container-inner'><div class='avia-image-overlay-wrap'><img decoding=\"async\" class='wp-image-29553 avia-img-lazy-loading-not-29553 avia_image' src=\"https:\/\/radiorevelacionfm.cl\/wp-content\/uploads\/2023\/03\/HITO-VACUNACION-6-1-1.jpeg\" alt='' title='HITO VACUNACI\u00d3N (6) (1) (1)' height=\"600\" width=\"800\"  itemprop=\"thumbnailUrl\" srcset=\"https:\/\/radiorevelacionfm.cl\/wp-content\/uploads\/2023\/03\/HITO-VACUNACION-6-1-1.jpeg 800w, https:\/\/radiorevelacionfm.cl\/wp-content\/uploads\/2023\/03\/HITO-VACUNACION-6-1-1-300x225.jpeg 300w, https:\/\/radiorevelacionfm.cl\/wp-content\/uploads\/2023\/03\/HITO-VACUNACION-6-1-1-768x576.jpeg 768w, https:\/\/radiorevelacionfm.cl\/wp-content\/uploads\/2023\/03\/HITO-VACUNACION-6-1-1-705x529.jpeg 705w, https:\/\/radiorevelacionfm.cl\/wp-content\/uploads\/2023\/03\/HITO-VACUNACION-6-1-1-450x338.jpeg 450w, https:\/\/radiorevelacionfm.cl\/wp-content\/uploads\/2023\/03\/HITO-VACUNACION-6-1-1-600x450.jpeg 600w\" sizes=\"(max-width: 800px) 100vw, 800px\" \/><\/div><\/div><\/div><\/div><div class=\"flex_column av_one_full  flex_column_div av-zero-column-padding first  avia-builder-el-2  el_after_av_one_full  el_before_av_one_full  column-top-margin\" style='border-radius:0px; '><section class=\"av_textblock_section \"  itemscope=\"itemscope\" itemtype=\"https:\/\/schema.org\/BlogPosting\" itemprop=\"blogPost\" ><div class='avia_textblock  '   itemprop=\"text\" ><p style=\"text-align: center;\"><span style=\"font-size: 18pt;\"><b>Despliegan amplia campa\u00f1a de vacunaci\u00f3n bajo el slogan \u201cVac\u00fanate con la Dupla\u201d<\/b><\/span><\/p>\n<div id=\"gtx-trans\" style=\"position: absolute; left: -50px; top: 4.31534px;\">\n<div class=\"gtx-trans-icon\"><\/div>\n<\/div>\n<\/div><\/section><\/div><div class=\"flex_column av_one_full  flex_column_div av-zero-column-padding first  avia-builder-el-4  el_after_av_one_full  el_before_av_hr  column-top-margin\" style='border-radius:0px; '><section class=\"av_textblock_section \"  itemscope=\"itemscope\" itemtype=\"https:\/\/schema.org\/BlogPosting\" itemprop=\"blogPost\" ><div class='avia_textblock  '   itemprop=\"text\" ><p style=\"font-weight: 400; text-align: justify;\">A\u00fan no termina marzo, pero ya es posible ver nieve en los cerros y lugares altos de la Patagonia aysenina, se\u00f1al que proyecta un invierno particularmente crudo en la regi\u00f3n y raz\u00f3n m\u00e1s que suficiente para estar preparados para enfrentar las enfermedades estacionales y otras con las cuales hemos aprendido a convivir, tales como el coronavirus.<\/p>\n<p style=\"font-weight: 400; text-align: justify;\">Entendiendo este escenario, las autoridades de salud y los gremios de trabajadores y trabajadoras, marcaron un hito comunicacional este jueves en el Hospital Regional Coyhaique, hasta donde llegaron para vacunarse contras la influenza y el COVID 19, en el marco de la campa\u00f1a ministerial, \u201cVac\u00fanate con la Dupla\u201d.<\/p>\n<p style=\"font-weight: 400; text-align: justify;\">\u201cLa inmunizaci\u00f3n de la poblaci\u00f3n y de los funcionarios debe ser amplia. Llamo a todos los trabajadores de la salud a vacunarse con la bivalente y la influenza, porque es necesario. Vacunados enfrentamos los virus de mejor forma\u201d, invit\u00f3 Armando Gacit\u00faa, presidente de FENTESS.<\/p>\n<p style=\"font-weight: 400; text-align: justify;\">Vacunarnos con la Dupla, nos permite estar doblemente protegidos para un invierno en el que, seg\u00fan las estimaciones a nivel nacional, es muy probable que presentemos un aumento de la circulaci\u00f3n de virus como la Influenza y de COVID-19. \u201cLa idea es que todos los funcionarios se vacunen para evitar mayores complicaciones y quienes hemos pasado por enfermedades en este periodo, nos damos cuenta de la importancia de la vacunaci\u00f3n y a tiempo\u201d, agreg\u00f3 Marisol Vidal, dirigente de FENPRUSS Ays\u00e9n.<\/p>\n<p style=\"font-weight: 400; text-align: justify;\">Gracias a la vacunaci\u00f3n la gravedad de los casos de COVID-19 ha disminuido considerablemente, sin embargo, hay personas que se siguen enfermando y falleciendo producto de este virus. Proteger nuestra salud y de quienes nos rodean deber\u00eda ser nuestra principal motivaci\u00f3n para acceder a la vacunaci\u00f3n.<\/p>\n<p style=\"font-weight: 400; text-align: justify;\">\u201cEsta campa\u00f1a que se denomina Vac\u00fanate con la Dupla cobra gran relevancia cuando vamos a comenzar el periodo invernal y a un par de semana donde vamos a visibilizar el aumento de las consultas en las unidades de urgencia por cuadros respiratorios. En nuestro pa\u00eds se ha detectado influenza, adenovirus y otros tipos de virus que afectan de manera significativa la salud de la gente, sobre todo de los grupos priorizados. Hoy estamos en el hospital regional Coyhaique impulsando la vacunaci\u00f3n de los funcionarios y de las personas que se acercan a este centro asistencial, as\u00ed alentamos de forma objetiva la protecci\u00f3n a nuestra salud y evitar complicaciones graves\u201d, precis\u00f3 Carmen Gloria Monsalve, Seremi de Salud Ays\u00e9n.<\/p>\n<p style=\"font-weight: 400; text-align: justify;\">En nuestra regi\u00f3n, a diferencia del resto del pa\u00eds, por nuestras condiciones geogr\u00e1ficas la circulaci\u00f3n de virus respiratorio comienza de manera anticipada, junto con la disminuci\u00f3n de las temperaturas. Por eso es importante que estemos preparados y protegidos, nuestra invitaci\u00f3n el d\u00eda de hoy es a vacunarte con la dupla y protegernos contra la influenza, para los grupos de riesgo y el covid-19 seg\u00fan calendario.<\/p>\n<p style=\"font-weight: 400; text-align: justify;\"><strong>Proteger a quienes nos protegen<\/strong><\/p>\n<p style=\"font-weight: 400; text-align: justify;\">\u201cQueremos reforzar y fortalecer esta campa\u00f1a de vacunaci\u00f3n con la dupla. Es primordial para mantener nuestros niveles de resguardo contra distintas enfermedades y estamos promoviendo con los funcionarios esta vacunaci\u00f3n, para tener mejores condiciones y atender mejor a nuestros usuarios y protegerse ellos y sus familias\u201d, dijo Hern\u00e1n Barrientos, subdirector de Gesti\u00f3n Asistencial del SSA.<\/p>\n<p style=\"font-weight: 400; text-align: justify;\">Mientras Jaime L\u00f3pez, director del Hospital Regional Coyhaique, a\u00f1adi\u00f3 que \u201cqueremos enfrentar un invierno sin colapso hospitalario, ya desde hace un mes la demanda asistencial en los servicios de urgencia se ha incrementado en el pa\u00eds en un 50% y nosotros no somos la excepci\u00f3n. No solamente tenemos circulando al COVID, sino tambi\u00e9n los habituales virus estacionales como es la influenza\u201d.<\/p>\n<p style=\"font-weight: 400; text-align: justify;\">Es por eso que tanto gremios de la salud como autoridades sectoriales se est\u00e1n desplegando para una amplia campa\u00f1a para inmunizar a trabajadores y trabajadoras de la salud y la comunidad, \u201csin inmunizaci\u00f3n nos exponemos a altas saturaciones de demanda de nuestros servicios de urgencia, con un invierno de los m\u00e1s dif\u00edciles de los \u00faltimos a\u00f1os\u201d, remat\u00f3 Jaime L\u00f3pez.<\/p>\n<\/div><\/section><\/div><div  style='height:50px' class='hr hr-invisible   avia-builder-el-6  el_after_av_one_full  el_before_av_social_share '><span class='hr-inner ' ><span class='hr-inner-style'><\/span><\/span><\/div><\/p>\n<div  class='av-social-sharing-box  avia-builder-el-7  el_after_av_hr  el_before_av_hr  '><div class='av-share-box'><h5 class='av-share-link-description av-no-toc '>Compartir esta noticia<\/h5><ul class='av-share-box-list noLightbox'><li class='av-share-link av-social-link-facebook' ><a target=\"_blank\" aria-label=\"Compartir en Facebook\" href='https:\/\/www.facebook.com\/sharer.php?u=https:\/\/radiorevelacionfm.cl\/?p=29552&#038;t=Despliegan%20amplia%20campa%C3%B1a%20de%20vacunaci%C3%B3n%20bajo%20el%20slogan%20%E2%80%9CVac%C3%BAnate%20con%20la%20Dupla%E2%80%9D' aria-hidden='false' data-av_icon='\ue8f3' data-av_iconfont='entypo-fontello' title='' data-avia-related-tooltip='Compartir en Facebook' rel=\"noopener\"><span class='avia_hidden_link_text'>Compartir en Facebook<\/span><\/a><\/li><li class='av-share-link av-social-link-twitter' ><a target=\"_blank\" aria-label=\"Compartir en Twitter\" href='https:\/\/twitter.com\/share?text=Despliegan%20amplia%20campa%C3%B1a%20de%20vacunaci%C3%B3n%20bajo%20el%20slogan%20%E2%80%9CVac%C3%BAnate%20con%20la%20Dupla%E2%80%9D&#038;url=https:\/\/radiorevelacionfm.cl\/?p=29552' aria-hidden='false' data-av_icon='\ue8f1' data-av_iconfont='entypo-fontello' title='' data-avia-related-tooltip='Compartir en Twitter' rel=\"noopener\"><span class='avia_hidden_link_text'>Compartir en Twitter<\/span><\/a><\/li><li class='av-share-link av-social-link-whatsapp' ><a target=\"_blank\" aria-label=\"Compartir en Whatsapp\" href='https:\/\/api.whatsapp.com\/send?text=https:\/\/radiorevelacionfm.cl\/?p=29552' aria-hidden='false' data-av_icon='\uf232' data-av_iconfont='entypo-fontello' title='' data-avia-related-tooltip='Compartir en Whatsapp' rel=\"noopener\"><span class='avia_hidden_link_text'>Compartir en Whatsapp<\/span><\/a><\/li><li class='av-share-link av-social-link-linkedin' ><a target=\"_blank\" aria-label=\"Compartir en LinkedIn\" href='https:\/\/linkedin.com\/shareArticle?mini=true&#038;title=Despliegan%20amplia%20campa%C3%B1a%20de%20vacunaci%C3%B3n%20bajo%20el%20slogan%20%E2%80%9CVac%C3%BAnate%20con%20la%20Dupla%E2%80%9D&#038;url=https:\/\/radiorevelacionfm.cl\/?p=29552' aria-hidden='false' data-av_icon='\ue8fc' data-av_iconfont='entypo-fontello' title='' data-avia-related-tooltip='Compartir en LinkedIn' rel=\"noopener\"><span class='avia_hidden_link_text'>Compartir en LinkedIn<\/span><\/a><\/li><li class='av-share-link av-social-link-mail' ><a  aria-label=\"Compartir por correo\" href='mailto:?subject=Despliegan%20amplia%20campa%C3%B1a%20de%20vacunaci%C3%B3n%20bajo%20el%20slogan%20%E2%80%9CVac%C3%BAnate%20con%20la%20Dupla%E2%80%9D&#038;body=https:\/\/radiorevelacionfm.cl\/?p=29552' aria-hidden='false' data-av_icon='\ue805' data-av_iconfont='entypo-fontello' title='' data-avia-related-tooltip='Compartir por correo'><span class='avia_hidden_link_text'>Compartir por correo<\/span><\/a><\/li><\/ul><\/div><\/div>\n<div  style='height:50px' class='hr hr-invisible   avia-builder-el-8  el_after_av_social_share  el_before_av_comments_list '><span class='hr-inner ' ><span class='hr-inner-style'><\/span><\/span><\/div>\n<div  class='av-buildercomment  av-blog-meta-html-info-disabled av-blog-meta-tag-disabled  '><\/div>\n","protected":false},"excerpt":{"rendered":"","protected":false},"author":1,"featured_media":29553,"comment_status":"open","ping_status":"open","sticky":false,"template":"","format":"standard","meta":{"footnotes":""},"categories":[46],"tags":[],"class_list":["post-29552","post","type-post","status-publish","format-standard","has-post-thumbnail","hentry","category-salud"],"jetpack_featured_media_url":"https:\/\/radiorevelacionfm.cl\/wp-content\/uploads\/2023\/03\/HITO-VACUNACION-6-1-1.jpeg","_links":{"self":[{"href":"https:\/\/radiorevelacionfm.cl\/index.php?rest_route=\/wp\/v2\/posts\/29552","targetHints":{"allow":["GET"]}}],"collection":[{"href":"https:\/\/radiorevelacionfm.cl\/index.php?rest_route=\/wp\/v2\/posts"}],"about":[{"href":"https:\/\/radiorevelacionfm.cl\/index.php?rest_route=\/wp\/v2\/types\/post"}],"author":[{"embeddable":true,"href":"https:\/\/radiorevelacionfm.cl\/index.php?rest_route=\/wp\/v2\/users\/1"}],"replies":[{"embeddable":true,"href":"https:\/\/radiorevelacionfm.cl\/index.php?rest_route=%2Fwp%2Fv2%2Fcomments&post=29552"}],"version-history":[{"count":1,"href":"https:\/\/radiorevelacionfm.cl\/index.php?rest_route=\/wp\/v2\/posts\/29552\/revisions"}],"predecessor-version":[{"id":29554,"href":"https:\/\/radiorevelacionfm.cl\/index.php?rest_route=\/wp\/v2\/posts\/29552\/revisions\/29554"}],"wp:featuredmedia":[{"embeddable":true,"href":"https:\/\/radiorevelacionfm.cl\/index.php?rest_route=\/wp\/v2\/media\/29553"}],"wp:attachment":[{"href":"https:\/\/radiorevelacionfm.cl\/index.php?rest_route=%2Fwp%2Fv2%2Fmedia&parent=29552"}],"wp:term":[{"taxonomy":"category","embeddable":true,"href":"https:\/\/radiorevelacionfm.cl\/index.php?rest_route=%2Fwp%2Fv2%2Fcategories&post=29552"},{"taxonomy":"post_tag","embeddable":true,"href":"https:\/\/radiorevelacionfm.cl\/index.php?rest_route=%2Fwp%2Fv2%2Ftags&post=29552"}],"curies":[{"name":"wp","href":"https:\/\/api.w.org\/{rel}","templated":true}]}}