{"id":29549,"date":"2023-03-30T16:54:16","date_gmt":"2023-03-30T19:54:16","guid":{"rendered":"https:\/\/radiorevelacionfm.cl\/?p=29549"},"modified":"2023-03-30T16:54:16","modified_gmt":"2023-03-30T19:54:16","slug":"empresaria-se-consolida-en-la-industria-de-cerveceria-regional-en-aysen","status":"publish","type":"post","link":"https:\/\/radiorevelacionfm.cl\/?p=29549","title":{"rendered":"Empresaria se consolida en la industria de cervecer\u00eda regional en Ays\u00e9n"},"content":{"rendered":"<div class=\"flex_column av_one_full  flex_column_div av-zero-column-padding first  avia-builder-el-0  el_before_av_one_full  avia-builder-el-first  \" style='border-radius:0px; '><div  class='avia-image-container  av-styling-    avia-builder-el-1  avia-builder-el-no-sibling  avia-align-center '  itemprop=\"image\" itemscope=\"itemscope\" itemtype=\"https:\/\/schema.org\/ImageObject\"  ><div class='avia-image-container-inner'><div class='avia-image-overlay-wrap'><img decoding=\"async\" class='wp-image-29550 avia-img-lazy-loading-not-29550 avia_image' src=\"https:\/\/radiorevelacionfm.cl\/wp-content\/uploads\/2023\/03\/ISABEL-WEBER-1-1.jpg\" alt='' title='ISABEL WEBER (1) (1)' height=\"600\" width=\"919\"  itemprop=\"thumbnailUrl\" srcset=\"https:\/\/radiorevelacionfm.cl\/wp-content\/uploads\/2023\/03\/ISABEL-WEBER-1-1.jpg 919w, https:\/\/radiorevelacionfm.cl\/wp-content\/uploads\/2023\/03\/ISABEL-WEBER-1-1-300x196.jpg 300w, https:\/\/radiorevelacionfm.cl\/wp-content\/uploads\/2023\/03\/ISABEL-WEBER-1-1-768x501.jpg 768w, https:\/\/radiorevelacionfm.cl\/wp-content\/uploads\/2023\/03\/ISABEL-WEBER-1-1-705x460.jpg 705w, https:\/\/radiorevelacionfm.cl\/wp-content\/uploads\/2023\/03\/ISABEL-WEBER-1-1-450x294.jpg 450w, https:\/\/radiorevelacionfm.cl\/wp-content\/uploads\/2023\/03\/ISABEL-WEBER-1-1-600x392.jpg 600w\" sizes=\"(max-width: 919px) 100vw, 919px\" \/><\/div><\/div><\/div><\/div><div class=\"flex_column av_one_full  flex_column_div av-zero-column-padding first  avia-builder-el-2  el_after_av_one_full  el_before_av_one_full  column-top-margin\" style='border-radius:0px; '><section class=\"av_textblock_section \"  itemscope=\"itemscope\" itemtype=\"https:\/\/schema.org\/BlogPosting\" itemprop=\"blogPost\" ><div class='avia_textblock  '   itemprop=\"text\" ><p style=\"text-align: center;\"><span style=\"font-size: 18pt;\"><b><span lang=\"es-419\">Empresaria se consolida en la industria de cervecer\u00eda regional en Ays\u00e9n<\/span><\/b><\/span><\/p>\n<div id=\"gtx-trans\" style=\"position: absolute; left: -50px; top: 4.31534px;\">\n<div class=\"gtx-trans-icon\"><\/div>\n<\/div>\n<\/div><\/section><\/div><div class=\"flex_column av_one_full  flex_column_div av-zero-column-padding first  avia-builder-el-4  el_after_av_one_full  el_before_av_hr  column-top-margin\" style='border-radius:0px; '><section class=\"av_textblock_section \"  itemscope=\"itemscope\" itemtype=\"https:\/\/schema.org\/BlogPosting\" itemprop=\"blogPost\" ><div class='avia_textblock  '   itemprop=\"text\" ><p style=\"text-align: justify;\">Isabel Weber, emprendedora oriunda de la ciudad de Santiago, est\u00e1 logrando consolidarse en la industria de la cervecer\u00eda regional con su empresa Artesanal Ays\u00e9n y\u00a0<a href=\"https:\/\/cervezahudson.cl\/\" data-saferedirecturl=\"https:\/\/www.google.com\/url?q=https:\/\/cervezahudson.cl\/&amp;source=gmail&amp;ust=1680287879926000&amp;usg=AOvVaw1bjpXDAtFpaxhAdzYeoevc\">Cervecer\u00eda Hudson<\/a>. Su objetivo es utilizar materias primas locales de alta calidad para su producci\u00f3n, con precios razonables, enfoc\u00e1ndose en brindar una experiencia diferente a sus clientes, fomentando el conocimiento del lugar y la conexi\u00f3n con la comunidad.<\/p>\n<p style=\"text-align: justify;\">Fue su marido quien inici\u00f3 la marca Hudson hace ocho a\u00f1os e Isabel se uni\u00f3 al proyecto hace tres a\u00f1os y medio, enfoc\u00e1ndose en la parte administrativa de la empresa. Con el tiempo, lograron consolidarse y enfrentaron el desaf\u00edo de la pandemia, reinvent\u00e1ndose con el modelo de punto de relleno, el cual ha sido muy exitoso con ya un a\u00f1o de vigencia.<\/p>\n<p style=\"text-align: justify;\">Con un a\u00f1o de vigencia de este modelo, lograron no s\u00f3lo aumentar el nivel de ventas, sino tambi\u00e9n diversificar su oferta con otros fermentados en el mismo punto de venta. Fue Isabel quien postul\u00f3 al programa Corfo, lo que les permiti\u00f3 comprar materias primas y capital de trabajo.<\/p>\n<p style=\"text-align: justify;\">La empresa, ubicada en Col\u00f3n n\u00b0235 en Coyhaique, cuenta con una p\u00e1gina web y un punto de venta digitalizado, adem\u00e1s de una aplicaci\u00f3n para mantener actualizado su inventario. En ese sentido, la empresaria destaca la importancia de la digitalizaci\u00f3n en su empresa y c\u00f3mo la han incorporado aprovechando las herramientas p\u00fablicas que tiene el gobierno para las pymes, como lo es el acompa\u00f1amiento del programa Fpyme de Corfo Ays\u00e9n.<\/p>\n<p style=\"text-align: justify;\">Al respecto, Isabel destaca las oportunidades que tienen las empresarias de la regi\u00f3n. \u201cHay varias oportunidades como empresarias para hacer crecer nuestras empresas, lo que considero es un incentivo s\u00faper importante en esta regi\u00f3n, donde cuesta sacar adelante las empresas ya sean lideradas por hombres o por mujeres. Y si adem\u00e1s uno como mujer cuenta con un abanico de posibilidades para lograr financiamientos que no vienen del bolsillo de uno, es s\u00faper bueno. Emprender es bueno para las mujeres, porque nos permite desempe\u00f1arnos en cosas que no son solo de trabajo dependiente, sino tambi\u00e9n para poder innovar y hacer cosas distintas e ir ofertando y proponiendo al p\u00fablico regional cosas diferentes y ojal\u00e1 de buena calidad\u201d.<\/p>\n<p style=\"text-align: justify;\">Humberto Mar\u00edn Leiva, director de Corfo Ays\u00e9n, indic\u00f3 que \u201cIsabel se suma a otras muchas mujeres que en nuestra regi\u00f3n emprenden innovando e incorporando herramientas digitales para mejorar su competitividad y productividad. Para nuestro gobierno, es vital abrir camino al talento empresarial en los territorios, donde una pieza clave son las mujeres. Por ello como corporaci\u00f3n, hemos definido algunos ejes de trabajo, siendo uno de ellos el de g\u00e9nero, que busca la participaci\u00f3n equitativa de las mujeres en los distintos instrumentos de apoyo, el fortalecimiento del ecosistema del emprendimiento femenino y el desarrollo de una cultura de equidad de g\u00e9nero al interior de nuestra corporaci\u00f3n, lo que nos permitir\u00e1 seguir apoyando a iniciativas como cervecer\u00eda Hudson y abrir convocatorias para el desarrollo de la innovaci\u00f3n, el emprendimiento y el fortalecimiento de capacidades tecnol\u00f3gicas\u201d.<\/p>\n<p style=\"text-align: justify;\">Artesanal Ays\u00e9n y Cervecer\u00eda Hudson se encuentran en\u00a0<a href=\"https:\/\/www.facebook.com\/cervezahudson\" data-saferedirecturl=\"https:\/\/www.google.com\/url?q=https:\/\/www.facebook.com\/cervezahudson&amp;source=gmail&amp;ust=1680287879926000&amp;usg=AOvVaw01ReqYNK8XKEqTGePK47gQ\">Facebook<\/a>\u00a0e\u00a0<a href=\"https:\/\/www.instagram.com\/cervezahudson\/?hl=es\" data-saferedirecturl=\"https:\/\/www.google.com\/url?q=https:\/\/www.instagram.com\/cervezahudson\/?hl%3Des&amp;source=gmail&amp;ust=1680287879926000&amp;usg=AOvVaw3BCxXv2vm4KkKMK2oQ6B2m\">Instagram<\/a>\u00a0como Cervecer\u00eda Hudson y en su p\u00e1gina web\u00a0<a href=\"http:\/\/www.cerveceriahudson.cl\/\" data-saferedirecturl=\"https:\/\/www.google.com\/url?q=http:\/\/www.cerveceriahudson.cl&amp;source=gmail&amp;ust=1680287879926000&amp;usg=AOvVaw00j-5zTmU6eboyiXvQiRkN\">www.cerveceriahudson.cl<\/a>.\u00a0La empresa espera poder seguir creciendo y consolid\u00e1ndose en la industria de la cervecer\u00eda regional, brindando siempre una experiencia \u00fanica y de calidad a sus clientes.<\/p>\n<\/div><\/section><\/div><div  style='height:50px' class='hr hr-invisible   avia-builder-el-6  el_after_av_one_full  el_before_av_social_share '><span class='hr-inner ' ><span class='hr-inner-style'><\/span><\/span><\/div><\/p>\n<div  class='av-social-sharing-box  avia-builder-el-7  el_after_av_hr  el_before_av_hr  '><div class='av-share-box'><h5 class='av-share-link-description av-no-toc '>Compartir esta noticia<\/h5><ul class='av-share-box-list noLightbox'><li class='av-share-link av-social-link-facebook' ><a target=\"_blank\" aria-label=\"Compartir en Facebook\" href='https:\/\/www.facebook.com\/sharer.php?u=https:\/\/radiorevelacionfm.cl\/?p=29549&#038;t=Empresaria%20se%20consolida%20en%20la%20industria%20de%20cervecer%C3%ADa%20regional%20en%20Ays%C3%A9n' aria-hidden='false' data-av_icon='\ue8f3' data-av_iconfont='entypo-fontello' title='' data-avia-related-tooltip='Compartir en Facebook' rel=\"noopener\"><span class='avia_hidden_link_text'>Compartir en Facebook<\/span><\/a><\/li><li class='av-share-link av-social-link-twitter' ><a target=\"_blank\" aria-label=\"Compartir en Twitter\" href='https:\/\/twitter.com\/share?text=Empresaria%20se%20consolida%20en%20la%20industria%20de%20cervecer%C3%ADa%20regional%20en%20Ays%C3%A9n&#038;url=https:\/\/radiorevelacionfm.cl\/?p=29549' aria-hidden='false' data-av_icon='\ue8f1' data-av_iconfont='entypo-fontello' title='' data-avia-related-tooltip='Compartir en Twitter' rel=\"noopener\"><span class='avia_hidden_link_text'>Compartir en Twitter<\/span><\/a><\/li><li class='av-share-link av-social-link-whatsapp' ><a target=\"_blank\" aria-label=\"Compartir en Whatsapp\" href='https:\/\/api.whatsapp.com\/send?text=https:\/\/radiorevelacionfm.cl\/?p=29549' aria-hidden='false' data-av_icon='\uf232' data-av_iconfont='entypo-fontello' title='' data-avia-related-tooltip='Compartir en Whatsapp' rel=\"noopener\"><span class='avia_hidden_link_text'>Compartir en Whatsapp<\/span><\/a><\/li><li class='av-share-link av-social-link-linkedin' ><a target=\"_blank\" aria-label=\"Compartir en LinkedIn\" href='https:\/\/linkedin.com\/shareArticle?mini=true&#038;title=Empresaria%20se%20consolida%20en%20la%20industria%20de%20cervecer%C3%ADa%20regional%20en%20Ays%C3%A9n&#038;url=https:\/\/radiorevelacionfm.cl\/?p=29549' aria-hidden='false' data-av_icon='\ue8fc' data-av_iconfont='entypo-fontello' title='' data-avia-related-tooltip='Compartir en LinkedIn' rel=\"noopener\"><span class='avia_hidden_link_text'>Compartir en LinkedIn<\/span><\/a><\/li><li class='av-share-link av-social-link-mail' ><a  aria-label=\"Compartir por correo\" href='mailto:?subject=Empresaria%20se%20consolida%20en%20la%20industria%20de%20cervecer%C3%ADa%20regional%20en%20Ays%C3%A9n&#038;body=https:\/\/radiorevelacionfm.cl\/?p=29549' aria-hidden='false' data-av_icon='\ue805' data-av_iconfont='entypo-fontello' title='' data-avia-related-tooltip='Compartir por correo'><span class='avia_hidden_link_text'>Compartir por correo<\/span><\/a><\/li><\/ul><\/div><\/div>\n<div  style='height:50px' class='hr hr-invisible   avia-builder-el-8  el_after_av_social_share  el_before_av_comments_list '><span class='hr-inner ' ><span class='hr-inner-style'><\/span><\/span><\/div>\n<div  class='av-buildercomment  av-blog-meta-html-info-disabled av-blog-meta-tag-disabled  '><\/div>\n","protected":false},"excerpt":{"rendered":"","protected":false},"author":1,"featured_media":29550,"comment_status":"open","ping_status":"open","sticky":false,"template":"","format":"standard","meta":{"footnotes":""},"categories":[38],"tags":[],"class_list":["post-29549","post","type-post","status-publish","format-standard","has-post-thumbnail","hentry","category-regional"],"jetpack_featured_media_url":"https:\/\/radiorevelacionfm.cl\/wp-content\/uploads\/2023\/03\/ISABEL-WEBER-1-1.jpg","_links":{"self":[{"href":"https:\/\/radiorevelacionfm.cl\/index.php?rest_route=\/wp\/v2\/posts\/29549","targetHints":{"allow":["GET"]}}],"collection":[{"href":"https:\/\/radiorevelacionfm.cl\/index.php?rest_route=\/wp\/v2\/posts"}],"about":[{"href":"https:\/\/radiorevelacionfm.cl\/index.php?rest_route=\/wp\/v2\/types\/post"}],"author":[{"embeddable":true,"href":"https:\/\/radiorevelacionfm.cl\/index.php?rest_route=\/wp\/v2\/users\/1"}],"replies":[{"embeddable":true,"href":"https:\/\/radiorevelacionfm.cl\/index.php?rest_route=%2Fwp%2Fv2%2Fcomments&post=29549"}],"version-history":[{"count":1,"href":"https:\/\/radiorevelacionfm.cl\/index.php?rest_route=\/wp\/v2\/posts\/29549\/revisions"}],"predecessor-version":[{"id":29551,"href":"https:\/\/radiorevelacionfm.cl\/index.php?rest_route=\/wp\/v2\/posts\/29549\/revisions\/29551"}],"wp:featuredmedia":[{"embeddable":true,"href":"https:\/\/radiorevelacionfm.cl\/index.php?rest_route=\/wp\/v2\/media\/29550"}],"wp:attachment":[{"href":"https:\/\/radiorevelacionfm.cl\/index.php?rest_route=%2Fwp%2Fv2%2Fmedia&parent=29549"}],"wp:term":[{"taxonomy":"category","embeddable":true,"href":"https:\/\/radiorevelacionfm.cl\/index.php?rest_route=%2Fwp%2Fv2%2Fcategories&post=29549"},{"taxonomy":"post_tag","embeddable":true,"href":"https:\/\/radiorevelacionfm.cl\/index.php?rest_route=%2Fwp%2Fv2%2Ftags&post=29549"}],"curies":[{"name":"wp","href":"https:\/\/api.w.org\/{rel}","templated":true}]}}