{"id":29546,"date":"2023-03-30T15:49:19","date_gmt":"2023-03-30T18:49:19","guid":{"rendered":"https:\/\/radiorevelacionfm.cl\/?p=29546"},"modified":"2023-03-30T15:49:19","modified_gmt":"2023-03-30T18:49:19","slug":"un-total-de-65-emprendimientos-regionales-estaran-presentes-en-la-expo-fosis","status":"publish","type":"post","link":"https:\/\/radiorevelacionfm.cl\/?p=29546","title":{"rendered":"Un total de 65 emprendimientos regionales estar\u00e1n presentes en la Expo FOSIS"},"content":{"rendered":"<div class=\"flex_column av_one_full  flex_column_div av-zero-column-padding first  avia-builder-el-0  el_before_av_one_full  avia-builder-el-first  \" style='border-radius:0px; '><div  class='avia-image-container  av-styling-    avia-builder-el-1  avia-builder-el-no-sibling  avia-align-center '  itemprop=\"image\" itemscope=\"itemscope\" itemtype=\"https:\/\/schema.org\/ImageObject\"  ><div class='avia-image-container-inner'><div class='avia-image-overlay-wrap'><img decoding=\"async\" class='wp-image-29547 avia-img-lazy-loading-not-29547 avia_image' src=\"https:\/\/radiorevelacionfm.cl\/wp-content\/uploads\/2023\/03\/expoaysen_fb_03-1_optimized-1.jpg\" alt='' title='expoaysen_fb_03-(1)_optimized (1)' height=\"600\" width=\"927\"  itemprop=\"thumbnailUrl\" srcset=\"https:\/\/radiorevelacionfm.cl\/wp-content\/uploads\/2023\/03\/expoaysen_fb_03-1_optimized-1.jpg 927w, https:\/\/radiorevelacionfm.cl\/wp-content\/uploads\/2023\/03\/expoaysen_fb_03-1_optimized-1-300x194.jpg 300w, https:\/\/radiorevelacionfm.cl\/wp-content\/uploads\/2023\/03\/expoaysen_fb_03-1_optimized-1-768x497.jpg 768w, https:\/\/radiorevelacionfm.cl\/wp-content\/uploads\/2023\/03\/expoaysen_fb_03-1_optimized-1-705x456.jpg 705w, https:\/\/radiorevelacionfm.cl\/wp-content\/uploads\/2023\/03\/expoaysen_fb_03-1_optimized-1-450x291.jpg 450w, https:\/\/radiorevelacionfm.cl\/wp-content\/uploads\/2023\/03\/expoaysen_fb_03-1_optimized-1-600x388.jpg 600w\" sizes=\"(max-width: 927px) 100vw, 927px\" \/><\/div><\/div><\/div><\/div><div class=\"flex_column av_one_full  flex_column_div av-zero-column-padding first  avia-builder-el-2  el_after_av_one_full  el_before_av_one_full  column-top-margin\" style='border-radius:0px; '><section class=\"av_textblock_section \"  itemscope=\"itemscope\" itemtype=\"https:\/\/schema.org\/BlogPosting\" itemprop=\"blogPost\" ><div class='avia_textblock  '   itemprop=\"text\" ><p style=\"text-align: center;\"><strong><span style=\"font-size: 18pt;\">Un total de 65 emprendimientos regionales estar\u00e1n presentes en la Expo FOSIS<\/span><\/strong><\/p>\n<div id=\"gtx-trans\" style=\"position: absolute; left: -50px; top: 4.31534px;\">\n<div class=\"gtx-trans-icon\"><\/div>\n<\/div>\n<\/div><\/section><\/div><div class=\"flex_column av_one_full  flex_column_div av-zero-column-padding first  avia-builder-el-4  el_after_av_one_full  el_before_av_hr  column-top-margin\" style='border-radius:0px; '><section class=\"av_textblock_section \"  itemscope=\"itemscope\" itemtype=\"https:\/\/schema.org\/BlogPosting\" itemprop=\"blogPost\" ><div class='avia_textblock  '   itemprop=\"text\" ><p style=\"text-align: justify;\">La Expo FOSIS es una iniciativa del Fondo de Solidaridad e Inversi\u00f3n Social, FOSIS, del Ministerio de Desarrollo Social y Familia, que est\u00e1 enmarcada en la Expo Patagonia 2023, evento ejecutado por la Ilustre Municipalidad de Coyhaique, con recursos del Gobierno Regional de Ays\u00e9n y su Consejo.<\/p>\n<p style=\"text-align: justify;\">La feria que reunir\u00e1 a 65 emprendedores y emprendedoras locales en el Parque Urbano, ubicado camino a Cerro Negro en Coyhaique, se iniciar\u00e1 el d\u00eda viernes 31 de marzo de 12:00 a 20:30 horas y el s\u00e1bado 1 y domingo 2 de abril estar\u00e1n las puertas abiertas desde las 10:30 a 20:30 horas.<\/p>\n<p style=\"text-align: justify;\">Fernanda Leiva, Directora Regional del FOSIS en Ays\u00e9n, convoc\u00f3 a la comunidad a visitar la feria y seguir apoyando el desarrollo de nuestros emprendedores y emprendedoras locales. \u201cQueremos invitarlos a participar de esta nueva versi\u00f3n de la Expo FOSIS que se realizar\u00e1 en el Parque Urbano de Coyhaique, camino a Cerro Negro, al frente de la Envasadora Ays\u00e9n, los d\u00edas 31 de marzo, 1 y 2 de abril en contexto de la Expo Patagonia, donde tendremos a 65 exponentes ofreciendo productos y servicios de calidad y con el sello regional.<\/p>\n<p style=\"text-align: justify;\">La autoridad adem\u00e1s asegur\u00f3 que \u201ces un requerimiento permanente de nuestros usuarios y usuarias el contar con estos espacios para la comercializaci\u00f3n presencial y desde el FOSIS entendemos la importancia de seguir desarrollando estos programas de feria para que nuestros emprendedores y emprendedoras no s\u00f3lo generen ventas, sino que tambi\u00e9n puedan recibir capacitaci\u00f3n, asesor\u00eda y financiamiento, junto con la posibilidad de articular redes de trabajo colaborativo, contrastar experiencias con sus pares y seguir creciendo en el mundo del emprendimiento\u201d.<\/p>\n<p style=\"text-align: justify;\">Para esta versi\u00f3n de la Expo FOSIS tendremos la presencia de emprendedoras y emprendedores de las comunas de Coyhaique, Ays\u00e9n, R\u00edo Ib\u00e1\u00f1ez, Cisnes, Cochrane, Chile Chico y Lago Verde, quienes ofertaran sus productos de artesan\u00eda en lana, madera, cer\u00e1mica utilitaria, cosm\u00e9tica natural, plantas y flores, aceites esenciales, mimbre y comida.<\/p>\n<p style=\"text-align: justify;\">Durante los 3 d\u00edas de Expo FOSIS, de 15:00 a 17:00 horas, se dispondr\u00e1 de un espacio infantil con pinta caritas y juegos. El viernes 31 a las 15:00 horas se realizar\u00e1 la presentaci\u00f3n del cuenta cuentos La Gui\u00f1a Ortiga y a las 17:30 horas se llevar\u00e1 a cabo el taller de huertos hidrop\u00f3nicos, gracias a la colaboraci\u00f3n y apoyo de la carrera T\u00e9cnico Universitario en Producci\u00f3n Agropecuaria y la carrera de Pedagog\u00eda en Educaci\u00f3n B\u00e1sica del Campus Patagonia de la Universidad Austral de Chile.<\/p>\n<p style=\"text-align: justify;\">Para los d\u00edas s\u00e1bado 1 y domingo 2 a partir de las 18:00 horas tendremos presentaciones musicales, donde nos acompa\u00f1ar\u00e1n las artistas locales Fernanda Valdebenito y Celeste Anacleta.<\/p>\n<\/div><\/section><\/div><div  style='height:50px' class='hr hr-invisible   avia-builder-el-6  el_after_av_one_full  el_before_av_social_share '><span class='hr-inner ' ><span class='hr-inner-style'><\/span><\/span><\/div><\/p>\n<div  class='av-social-sharing-box  avia-builder-el-7  el_after_av_hr  el_before_av_hr  '><div class='av-share-box'><h5 class='av-share-link-description av-no-toc '>Compartir esta noticia<\/h5><ul class='av-share-box-list noLightbox'><li class='av-share-link av-social-link-facebook' ><a target=\"_blank\" aria-label=\"Compartir en Facebook\" href='https:\/\/www.facebook.com\/sharer.php?u=https:\/\/radiorevelacionfm.cl\/?p=29546&#038;t=Un%20total%20de%2065%20emprendimientos%20regionales%20estar%C3%A1n%20presentes%20en%20la%20Expo%20FOSIS' aria-hidden='false' data-av_icon='\ue8f3' data-av_iconfont='entypo-fontello' title='' data-avia-related-tooltip='Compartir en Facebook' rel=\"noopener\"><span class='avia_hidden_link_text'>Compartir en Facebook<\/span><\/a><\/li><li class='av-share-link av-social-link-twitter' ><a target=\"_blank\" aria-label=\"Compartir en Twitter\" href='https:\/\/twitter.com\/share?text=Un%20total%20de%2065%20emprendimientos%20regionales%20estar%C3%A1n%20presentes%20en%20la%20Expo%20FOSIS&#038;url=https:\/\/radiorevelacionfm.cl\/?p=29546' aria-hidden='false' data-av_icon='\ue8f1' data-av_iconfont='entypo-fontello' title='' data-avia-related-tooltip='Compartir en Twitter' rel=\"noopener\"><span class='avia_hidden_link_text'>Compartir en Twitter<\/span><\/a><\/li><li class='av-share-link av-social-link-whatsapp' ><a target=\"_blank\" aria-label=\"Compartir en Whatsapp\" href='https:\/\/api.whatsapp.com\/send?text=https:\/\/radiorevelacionfm.cl\/?p=29546' aria-hidden='false' data-av_icon='\uf232' data-av_iconfont='entypo-fontello' title='' data-avia-related-tooltip='Compartir en Whatsapp' rel=\"noopener\"><span class='avia_hidden_link_text'>Compartir en Whatsapp<\/span><\/a><\/li><li class='av-share-link av-social-link-linkedin' ><a target=\"_blank\" aria-label=\"Compartir en LinkedIn\" href='https:\/\/linkedin.com\/shareArticle?mini=true&#038;title=Un%20total%20de%2065%20emprendimientos%20regionales%20estar%C3%A1n%20presentes%20en%20la%20Expo%20FOSIS&#038;url=https:\/\/radiorevelacionfm.cl\/?p=29546' aria-hidden='false' data-av_icon='\ue8fc' data-av_iconfont='entypo-fontello' title='' data-avia-related-tooltip='Compartir en LinkedIn' rel=\"noopener\"><span class='avia_hidden_link_text'>Compartir en LinkedIn<\/span><\/a><\/li><li class='av-share-link av-social-link-mail' ><a  aria-label=\"Compartir por correo\" href='mailto:?subject=Un%20total%20de%2065%20emprendimientos%20regionales%20estar%C3%A1n%20presentes%20en%20la%20Expo%20FOSIS&#038;body=https:\/\/radiorevelacionfm.cl\/?p=29546' aria-hidden='false' data-av_icon='\ue805' data-av_iconfont='entypo-fontello' title='' data-avia-related-tooltip='Compartir por correo'><span class='avia_hidden_link_text'>Compartir por correo<\/span><\/a><\/li><\/ul><\/div><\/div>\n<div  style='height:50px' class='hr hr-invisible   avia-builder-el-8  el_after_av_social_share  el_before_av_comments_list '><span class='hr-inner ' ><span class='hr-inner-style'><\/span><\/span><\/div>\n<div  class='av-buildercomment  av-blog-meta-html-info-disabled av-blog-meta-tag-disabled  '><\/div>\n","protected":false},"excerpt":{"rendered":"","protected":false},"author":1,"featured_media":29547,"comment_status":"open","ping_status":"open","sticky":false,"template":"","format":"standard","meta":{"footnotes":""},"categories":[38],"tags":[],"class_list":["post-29546","post","type-post","status-publish","format-standard","has-post-thumbnail","hentry","category-regional"],"jetpack_featured_media_url":"https:\/\/radiorevelacionfm.cl\/wp-content\/uploads\/2023\/03\/expoaysen_fb_03-1_optimized-1.jpg","_links":{"self":[{"href":"https:\/\/radiorevelacionfm.cl\/index.php?rest_route=\/wp\/v2\/posts\/29546","targetHints":{"allow":["GET"]}}],"collection":[{"href":"https:\/\/radiorevelacionfm.cl\/index.php?rest_route=\/wp\/v2\/posts"}],"about":[{"href":"https:\/\/radiorevelacionfm.cl\/index.php?rest_route=\/wp\/v2\/types\/post"}],"author":[{"embeddable":true,"href":"https:\/\/radiorevelacionfm.cl\/index.php?rest_route=\/wp\/v2\/users\/1"}],"replies":[{"embeddable":true,"href":"https:\/\/radiorevelacionfm.cl\/index.php?rest_route=%2Fwp%2Fv2%2Fcomments&post=29546"}],"version-history":[{"count":1,"href":"https:\/\/radiorevelacionfm.cl\/index.php?rest_route=\/wp\/v2\/posts\/29546\/revisions"}],"predecessor-version":[{"id":29548,"href":"https:\/\/radiorevelacionfm.cl\/index.php?rest_route=\/wp\/v2\/posts\/29546\/revisions\/29548"}],"wp:featuredmedia":[{"embeddable":true,"href":"https:\/\/radiorevelacionfm.cl\/index.php?rest_route=\/wp\/v2\/media\/29547"}],"wp:attachment":[{"href":"https:\/\/radiorevelacionfm.cl\/index.php?rest_route=%2Fwp%2Fv2%2Fmedia&parent=29546"}],"wp:term":[{"taxonomy":"category","embeddable":true,"href":"https:\/\/radiorevelacionfm.cl\/index.php?rest_route=%2Fwp%2Fv2%2Fcategories&post=29546"},{"taxonomy":"post_tag","embeddable":true,"href":"https:\/\/radiorevelacionfm.cl\/index.php?rest_route=%2Fwp%2Fv2%2Ftags&post=29546"}],"curies":[{"name":"wp","href":"https:\/\/api.w.org\/{rel}","templated":true}]}}