{"id":29534,"date":"2023-03-30T14:58:16","date_gmt":"2023-03-30T17:58:16","guid":{"rendered":"https:\/\/radiorevelacionfm.cl\/?p=29534"},"modified":"2023-03-30T14:58:16","modified_gmt":"2023-03-30T17:58:16","slug":"entregan-concesion-gratuita-para-construccion-de-anhelado-parque-urbano-en-coyhaique","status":"publish","type":"post","link":"https:\/\/radiorevelacionfm.cl\/?p=29534","title":{"rendered":"Entregan concesi\u00f3n gratuita para construcci\u00f3n de anhelado Parque Urbano en Coyhaique"},"content":{"rendered":"<div class=\"flex_column av_one_full  flex_column_div av-zero-column-padding first  avia-builder-el-0  el_before_av_one_full  avia-builder-el-first  \" style='border-radius:0px; '><div  class='avia-image-container  av-styling-    avia-builder-el-1  avia-builder-el-no-sibling  avia-align-center '  itemprop=\"image\" itemscope=\"itemscope\" itemtype=\"https:\/\/schema.org\/ImageObject\"  ><div class='avia-image-container-inner'><div class='avia-image-overlay-wrap'><img decoding=\"async\" class='wp-image-29535 avia-img-lazy-loading-not-29535 avia_image' src=\"https:\/\/radiorevelacionfm.cl\/wp-content\/uploads\/2023\/03\/foto-solicitud-permiso-para-expopatagonia1-1_optimized.jpg\" alt='' title='foto-solicitud-permiso-para-expopatagonia1-(1)_optimized' height=\"600\" width=\"1078\"  itemprop=\"thumbnailUrl\" srcset=\"https:\/\/radiorevelacionfm.cl\/wp-content\/uploads\/2023\/03\/foto-solicitud-permiso-para-expopatagonia1-1_optimized.jpg 1078w, https:\/\/radiorevelacionfm.cl\/wp-content\/uploads\/2023\/03\/foto-solicitud-permiso-para-expopatagonia1-1_optimized-300x167.jpg 300w, https:\/\/radiorevelacionfm.cl\/wp-content\/uploads\/2023\/03\/foto-solicitud-permiso-para-expopatagonia1-1_optimized-1030x573.jpg 1030w, https:\/\/radiorevelacionfm.cl\/wp-content\/uploads\/2023\/03\/foto-solicitud-permiso-para-expopatagonia1-1_optimized-768x427.jpg 768w, https:\/\/radiorevelacionfm.cl\/wp-content\/uploads\/2023\/03\/foto-solicitud-permiso-para-expopatagonia1-1_optimized-705x392.jpg 705w, https:\/\/radiorevelacionfm.cl\/wp-content\/uploads\/2023\/03\/foto-solicitud-permiso-para-expopatagonia1-1_optimized-450x250.jpg 450w, https:\/\/radiorevelacionfm.cl\/wp-content\/uploads\/2023\/03\/foto-solicitud-permiso-para-expopatagonia1-1_optimized-600x334.jpg 600w\" sizes=\"(max-width: 1078px) 100vw, 1078px\" \/><\/div><\/div><\/div><\/div><div class=\"flex_column av_one_full  flex_column_div av-zero-column-padding first  avia-builder-el-2  el_after_av_one_full  el_before_av_one_full  column-top-margin\" style='border-radius:0px; '><section class=\"av_textblock_section \"  itemscope=\"itemscope\" itemtype=\"https:\/\/schema.org\/BlogPosting\" itemprop=\"blogPost\" ><div class='avia_textblock  '   itemprop=\"text\" ><p style=\"text-align: center;\"><strong><span style=\"font-size: 18pt;\">Entregan concesi\u00f3n gratuita para construcci\u00f3n de anhelado Parque Urbano en Coyhaique<\/span><\/strong><\/p>\n<div id=\"gtx-trans\" style=\"position: absolute; left: -50px; top: 4.31534px;\">\n<div class=\"gtx-trans-icon\"><\/div>\n<\/div>\n<\/div><\/section><\/div><div class=\"flex_column av_one_full  flex_column_div av-zero-column-padding first  avia-builder-el-4  el_after_av_one_full  el_before_av_hr  column-top-margin\" style='border-radius:0px; '><section class=\"av_textblock_section \"  itemscope=\"itemscope\" itemtype=\"https:\/\/schema.org\/BlogPosting\" itemprop=\"blogPost\" ><div class='avia_textblock  '   itemprop=\"text\" ><p style=\"text-align: justify;\">Luego de su visita a las tres comunas de la Provincia de Capit\u00e1n Prat, la seremi de Bienes Nacionales de Ays\u00e9n, Irina Morend Valdebenito, retorn\u00f3 con buenas noticias a la capital regional. Es as\u00ed que hoy se hizo entrega de una Concesi\u00f3n Gratuita de Largo Plazo a la Ilustre Municipalidad de Coyhaique, correspondiente al inmueble Lote B2 del sector Escuela Agr\u00edcola, donde se construir\u00e1 gran parte de la macro infraestructura del \u201cParque Urbano Municipal\u201d, obra que dotar\u00e1 a la ciudad de zonas recreativas, \u00e1rea exclusiva para ferias y Expo Patagonia, adem\u00e1s de otros espacios culturales y deportivos que potenciar\u00e1n el turismo y econom\u00eda local.<\/p>\n<p style=\"text-align: justify;\">Con esta concesi\u00f3n gratuita concedida por 20 a\u00f1os, se consolida una vez m\u00e1s el objetivo estrat\u00e9gico ministerial de promover el buen uso social y comunitario del patrimonio de todas y todos. Es as\u00ed que, el inmueble de 29,91 hect\u00e1reas, se convertir\u00e1 en una zona estrat\u00e9gica que apunta al desarrollo de la comuna, \u00e1vida tanto de actividades recreativas y de esparcimiento, como de progreso econ\u00f3mico, social y cultural, lo cual fue resaltado por la seremi de Bienes Nacionales, Irina Morend Valdebenito, quien se\u00f1al\u00f3, \u201cHoy estamos muy contentos como Seremi de Bienes Nacionales, pues se logra la entrega de esta concesi\u00f3n gratuita de largo plazo que es de gran importancia para la comunidad en general. El contar con m\u00e1s y mejores espacios e infraestructura para compartir con nuestros ni\u00f1os, nuestros adultos mayores, donde todas y todos podamos disfrutar de cultura, deporte, ver reflejada\u00a0 nuestra historia e identidad, y adem\u00e1s, contar con espacios anhelados para entretenimiento y shows masivos, es sin lugar a duda el esp\u00edritu de uno de nuestros objetivos como Ministerio. El potenciar el uso comunitario del patrimonio fiscal, es relevante y el Parque Urbano es un gran ejemplo, y por supuesto que tambi\u00e9n felicitamos al trabajo del equipo municipal por pensar en grande, en proyectos que desde distintas aristas, traer\u00e1n un gran beneficio para toda la comunidad\u201d, apunt\u00f3 la autoridad regional.<\/p>\n<p style=\"text-align: justify;\">Por su parte, el alcalde de Coyhaique, Carlos Gatica Villegas, resalt\u00f3 la importancia de esta concesi\u00f3n de largo plazo, a\u00f1adiendo que \u201ccomo municipio de Coyhaique y en conjunto con los vecinos y vecinas, agradecemos la gesti\u00f3n realizada por la ministra y la seremi de Bienes Nacionales en lo que significa hoy d\u00eda, poder tener la concesi\u00f3n a larga data de este espacio que es nuestro Parque Urbano\u201d, coment\u00f3 el l\u00edder comunal, resaltando que esto les permitir\u00e1 iniciar con macro infraestructura, \u201cpara que los vecinos y vecinas puedan disfrutar de este espacio, pero tambi\u00e9n, que podamos concretar lo que hoy en d\u00eda tenemos en dise\u00f1o, por ejemplo, la urbanizaci\u00f3n del espacio, el generar sistema de ciclo v\u00edas y tambi\u00e9n tener un espacio que albergue y podamos desarrollar espect\u00e1culos en cualquier \u00e9poca del a\u00f1o\u2026Esto significa sin lugar a duda, crecimiento para la comuna de Coyhaique y la capital regional que somos\u201d.<\/p>\n<p style=\"text-align: justify;\">El Parque Urbano Municipal se compone por los Lotes \u201cB2\u201d y \u201cB5\u201d (de 33 ha. aproximadamente) del sector Escuela Agr\u00edcola; este \u00faltimo a\u00fan en etapa de tramitaci\u00f3n, por el cual la Seremi de Bienes Nacionales otorg\u00f3 un Permiso de Ocupaci\u00f3n, el que autoriz\u00f3 finalmente la realizaci\u00f3n del \u201cFestival y Expo Patagonia\u201d, el que cuenta con recursos del FNDR del Gobierno Regional de Ays\u00e9n. \u201cCuando el alcalde nos dijo que necesitaban intervenir en ambas concesiones para poder trasladar de casa a estas importantes actividades masivas, no lo pensamos dos veces, es por ello que otorgamos el Permiso de Ocupaci\u00f3n de ambos inmuebles, lo que permiti\u00f3 adecuar los terrenos para concretar la Expo Patagonia, evento que sin duda muchos y muchas disfrutar\u00e1n y estamos contentos de aportar en eso\u201d, remarc\u00f3 Irina Morend.<\/p>\n<p style=\"text-align: justify;\">El proyecto de Parque Urbano desarrollado por la I. Municipalidad de Coyhaique, contempla la construcci\u00f3n de un Parque Recreativo Masivo donde se desarrollar\u00e1n las distintas ferias, la emblem\u00e1tica Expo Patagonia, adem\u00e1s de conciertos y actividades para celebrar el aniversario comunal y otras fechas relevantes; as\u00ed tambi\u00e9n, contar\u00e1 con un espacio denominado Parque Hist\u00f3rico, en el que se destacar\u00e1 la historia fundacional e identidad de Coyhaique, adem\u00e1s del Parque Jard\u00edn Vivero que abastecer\u00e1 las \u00e1reas verdes de la comuna, entregando tambi\u00e9n un sentido educacional y cultural a la ciudad.<\/p>\n<\/div><\/section><\/div><div  style='height:50px' class='hr hr-invisible   avia-builder-el-6  el_after_av_one_full  el_before_av_social_share '><span class='hr-inner ' ><span class='hr-inner-style'><\/span><\/span><\/div><\/p>\n<div  class='av-social-sharing-box  avia-builder-el-7  el_after_av_hr  el_before_av_hr  '><div class='av-share-box'><h5 class='av-share-link-description av-no-toc '>Compartir esta noticia<\/h5><ul class='av-share-box-list noLightbox'><li class='av-share-link av-social-link-facebook' ><a target=\"_blank\" aria-label=\"Compartir en Facebook\" href='https:\/\/www.facebook.com\/sharer.php?u=https:\/\/radiorevelacionfm.cl\/?p=29534&#038;t=Entregan%20concesi%C3%B3n%20gratuita%20para%20construcci%C3%B3n%20de%20anhelado%20Parque%20Urbano%20en%20Coyhaique' aria-hidden='false' data-av_icon='\ue8f3' data-av_iconfont='entypo-fontello' title='' data-avia-related-tooltip='Compartir en Facebook' rel=\"noopener\"><span class='avia_hidden_link_text'>Compartir en Facebook<\/span><\/a><\/li><li class='av-share-link av-social-link-twitter' ><a target=\"_blank\" aria-label=\"Compartir en Twitter\" href='https:\/\/twitter.com\/share?text=Entregan%20concesi%C3%B3n%20gratuita%20para%20construcci%C3%B3n%20de%20anhelado%20Parque%20Urbano%20en%20Coyhaique&#038;url=https:\/\/radiorevelacionfm.cl\/?p=29534' aria-hidden='false' data-av_icon='\ue8f1' data-av_iconfont='entypo-fontello' title='' data-avia-related-tooltip='Compartir en Twitter' rel=\"noopener\"><span class='avia_hidden_link_text'>Compartir en Twitter<\/span><\/a><\/li><li class='av-share-link av-social-link-whatsapp' ><a target=\"_blank\" aria-label=\"Compartir en Whatsapp\" href='https:\/\/api.whatsapp.com\/send?text=https:\/\/radiorevelacionfm.cl\/?p=29534' aria-hidden='false' data-av_icon='\uf232' data-av_iconfont='entypo-fontello' title='' data-avia-related-tooltip='Compartir en Whatsapp' rel=\"noopener\"><span class='avia_hidden_link_text'>Compartir en Whatsapp<\/span><\/a><\/li><li class='av-share-link av-social-link-linkedin' ><a target=\"_blank\" aria-label=\"Compartir en LinkedIn\" href='https:\/\/linkedin.com\/shareArticle?mini=true&#038;title=Entregan%20concesi%C3%B3n%20gratuita%20para%20construcci%C3%B3n%20de%20anhelado%20Parque%20Urbano%20en%20Coyhaique&#038;url=https:\/\/radiorevelacionfm.cl\/?p=29534' aria-hidden='false' data-av_icon='\ue8fc' data-av_iconfont='entypo-fontello' title='' data-avia-related-tooltip='Compartir en LinkedIn' rel=\"noopener\"><span class='avia_hidden_link_text'>Compartir en LinkedIn<\/span><\/a><\/li><li class='av-share-link av-social-link-mail' ><a  aria-label=\"Compartir por correo\" href='mailto:?subject=Entregan%20concesi%C3%B3n%20gratuita%20para%20construcci%C3%B3n%20de%20anhelado%20Parque%20Urbano%20en%20Coyhaique&#038;body=https:\/\/radiorevelacionfm.cl\/?p=29534' aria-hidden='false' data-av_icon='\ue805' data-av_iconfont='entypo-fontello' title='' data-avia-related-tooltip='Compartir por correo'><span class='avia_hidden_link_text'>Compartir por correo<\/span><\/a><\/li><\/ul><\/div><\/div>\n<div  style='height:50px' class='hr hr-invisible   avia-builder-el-8  el_after_av_social_share  el_before_av_comments_list '><span class='hr-inner ' ><span class='hr-inner-style'><\/span><\/span><\/div>\n<div  class='av-buildercomment  av-blog-meta-html-info-disabled av-blog-meta-tag-disabled  '><\/div>\n","protected":false},"excerpt":{"rendered":"","protected":false},"author":1,"featured_media":29535,"comment_status":"open","ping_status":"open","sticky":false,"template":"","format":"standard","meta":{"footnotes":""},"categories":[38],"tags":[],"class_list":["post-29534","post","type-post","status-publish","format-standard","has-post-thumbnail","hentry","category-regional"],"jetpack_featured_media_url":"https:\/\/radiorevelacionfm.cl\/wp-content\/uploads\/2023\/03\/foto-solicitud-permiso-para-expopatagonia1-1_optimized.jpg","_links":{"self":[{"href":"https:\/\/radiorevelacionfm.cl\/index.php?rest_route=\/wp\/v2\/posts\/29534","targetHints":{"allow":["GET"]}}],"collection":[{"href":"https:\/\/radiorevelacionfm.cl\/index.php?rest_route=\/wp\/v2\/posts"}],"about":[{"href":"https:\/\/radiorevelacionfm.cl\/index.php?rest_route=\/wp\/v2\/types\/post"}],"author":[{"embeddable":true,"href":"https:\/\/radiorevelacionfm.cl\/index.php?rest_route=\/wp\/v2\/users\/1"}],"replies":[{"embeddable":true,"href":"https:\/\/radiorevelacionfm.cl\/index.php?rest_route=%2Fwp%2Fv2%2Fcomments&post=29534"}],"version-history":[{"count":1,"href":"https:\/\/radiorevelacionfm.cl\/index.php?rest_route=\/wp\/v2\/posts\/29534\/revisions"}],"predecessor-version":[{"id":29536,"href":"https:\/\/radiorevelacionfm.cl\/index.php?rest_route=\/wp\/v2\/posts\/29534\/revisions\/29536"}],"wp:featuredmedia":[{"embeddable":true,"href":"https:\/\/radiorevelacionfm.cl\/index.php?rest_route=\/wp\/v2\/media\/29535"}],"wp:attachment":[{"href":"https:\/\/radiorevelacionfm.cl\/index.php?rest_route=%2Fwp%2Fv2%2Fmedia&parent=29534"}],"wp:term":[{"taxonomy":"category","embeddable":true,"href":"https:\/\/radiorevelacionfm.cl\/index.php?rest_route=%2Fwp%2Fv2%2Fcategories&post=29534"},{"taxonomy":"post_tag","embeddable":true,"href":"https:\/\/radiorevelacionfm.cl\/index.php?rest_route=%2Fwp%2Fv2%2Ftags&post=29534"}],"curies":[{"name":"wp","href":"https:\/\/api.w.org\/{rel}","templated":true}]}}