{"id":29529,"date":"2023-03-30T11:15:57","date_gmt":"2023-03-30T14:15:57","guid":{"rendered":"https:\/\/radiorevelacionfm.cl\/?p=29529"},"modified":"2023-03-30T11:15:57","modified_gmt":"2023-03-30T14:15:57","slug":"mas-de-7-mil-millones-de-pesos-se-invertiran-para-conectar-a-villa-ohiggins-con-fibra-optica","status":"publish","type":"post","link":"https:\/\/radiorevelacionfm.cl\/?p=29529","title":{"rendered":"M\u00e1s de 7 mil millones de pesos se invertir\u00e1n para conectar a Villa O\u2019Higgins con fibra \u00f3ptica"},"content":{"rendered":"<div class=\"flex_column av_one_full  flex_column_div av-zero-column-padding first  avia-builder-el-0  el_before_av_one_full  avia-builder-el-first  \" style='border-radius:0px; '><div  class='avia-image-container  av-styling-    avia-builder-el-1  avia-builder-el-no-sibling  avia-align-center '  itemprop=\"image\" itemscope=\"itemscope\" itemtype=\"https:\/\/schema.org\/ImageObject\"  ><div class='avia-image-container-inner'><div class='avia-image-overlay-wrap'><img decoding=\"async\" class='wp-image-29530 avia-img-lazy-loading-not-29530 avia_image' src=\"https:\/\/radiorevelacionfm.cl\/wp-content\/uploads\/2023\/03\/villa-o\u00b4higgins-5-1_optimized.jpg\" alt='' title='villa-o\u00b4higgins-(5)-(1)_optimized' height=\"600\" width=\"800\"  itemprop=\"thumbnailUrl\" srcset=\"https:\/\/radiorevelacionfm.cl\/wp-content\/uploads\/2023\/03\/villa-o\u00b4higgins-5-1_optimized.jpg 800w, https:\/\/radiorevelacionfm.cl\/wp-content\/uploads\/2023\/03\/villa-o\u00b4higgins-5-1_optimized-300x225.jpg 300w, https:\/\/radiorevelacionfm.cl\/wp-content\/uploads\/2023\/03\/villa-o\u00b4higgins-5-1_optimized-768x576.jpg 768w, https:\/\/radiorevelacionfm.cl\/wp-content\/uploads\/2023\/03\/villa-o\u00b4higgins-5-1_optimized-705x529.jpg 705w, https:\/\/radiorevelacionfm.cl\/wp-content\/uploads\/2023\/03\/villa-o\u00b4higgins-5-1_optimized-450x338.jpg 450w, https:\/\/radiorevelacionfm.cl\/wp-content\/uploads\/2023\/03\/villa-o\u00b4higgins-5-1_optimized-600x450.jpg 600w\" sizes=\"(max-width: 800px) 100vw, 800px\" \/><\/div><\/div><\/div><\/div><div class=\"flex_column av_one_full  flex_column_div av-zero-column-padding first  avia-builder-el-2  el_after_av_one_full  el_before_av_one_full  column-top-margin\" style='border-radius:0px; '><section class=\"av_textblock_section \"  itemscope=\"itemscope\" itemtype=\"https:\/\/schema.org\/BlogPosting\" itemprop=\"blogPost\" ><div class='avia_textblock  '   itemprop=\"text\" ><p style=\"text-align: center;\"><span style=\"font-size: 18pt;\"><b>M\u00e1s de 7 mil millones de pesos se invertir\u00e1n para conectar a Villa O\u2019Higgins con fibra \u00f3ptica<\/b><\/span><\/p>\n<div id=\"gtx-trans\" style=\"position: absolute; left: -50px; top: 4.31534px;\">\n<div class=\"gtx-trans-icon\"><\/div>\n<\/div>\n<\/div><\/section><\/div><div class=\"flex_column av_one_full  flex_column_div av-zero-column-padding first  avia-builder-el-4  el_after_av_one_full  el_before_av_hr  column-top-margin\" style='border-radius:0px; '><section class=\"av_textblock_section \"  itemscope=\"itemscope\" itemtype=\"https:\/\/schema.org\/BlogPosting\" itemprop=\"blogPost\" ><div class='avia_textblock  '   itemprop=\"text\" ><p style=\"font-weight: 400; text-align: justify;\">En\u00a0 sesi\u00f3n del Consejo Regional de la Regi\u00f3n de Ays\u00e9n, la Comisi\u00f3n de Infraestructura, Transportes y Telecomunicaciones aprob\u00f3 por unanimidad el financiamiento del proyecto \u201cConstrucci\u00f3n y despliegue de la fibra \u00f3ptica entre las localidades de Caleta Tortel y Villa O\u2019Higgins\u201d, por un monto de M$ 7.218.941.- (siete mil doscientos dieciocho millones novecientos cuarenta y un mil pesos). El proyecto presentado por la Subsecretar\u00eda de Telecomunicaciones permitir\u00e1 mejorar la calidad de los servicios de telecomunicaciones en dicha comuna, y as\u00ed reducir la brecha digital que afecta a sus habitantes.<\/p>\n<p style=\"font-weight: 400; text-align: justify;\">Con esta iniciativa se implementar\u00e1n tendidos de cable de fibra \u00f3ptica terrestre y submarina entre las localidades de Caleta Tortel, Puerto Yungay y Villa O\u2019Higgins; que contar\u00e1n con el soporte de infraestructura otorgada por el proyecto de Fibra \u00d3ptica Austral, cuyo trazado parte desde la localidad de Caleta Tortel.<\/p>\n<p style=\"font-weight: 400; text-align: justify;\">La seremiTT Claudia Cantero explic\u00f3 que con el cumplimiento de este hito se da continuidad al trabajo conjunto entre el Gobierno Regional de Ays\u00e9n y la Subsecretar\u00eda de Telecomunicaciones, en pos de la materializaci\u00f3n de esta iniciativa. \u201cEste es un proyecto muy esperado, que fue presentado por el Fondo de Desarrollo de las Telecomunicaciones de la Subtel el a\u00f1o pasado ante el Consejo, donde se vot\u00f3 tambi\u00e9n su aprobaci\u00f3n y ahora su financiamiento. Esto significa romper con el aislamiento digital y nivelar las oportunidades en cuanto al acceso y las herramientas que entrega la conectividad digital a todos los habitantes de la comuna\u201d.<\/p>\n<p style=\"font-weight: 400; text-align: justify;\">La Gobernadora Andrea Mac\u00edas, se refiri\u00f3\u00a0 a la relevancia que tienen estas obras de infraestructura de telecomunicaciones para Ays\u00e9n: \u201cEste proyecto viene a relevar la importancia que tiene la conectividad digital para todo el territorio.\u00a0Es una muestra de equidad territorial, porque da lo mismo la cantidad de habitantes que puedan tener. Para nosotros como administraci\u00f3n, como Gobierno Regional lo fundamental es generar condiciones de igualdad para todas las comunas de nuestra regi\u00f3n. \u00ab<\/p>\n<p style=\"font-weight: 400; text-align: justify;\">Asimismo el alcalde de la comuna de O\u2019Higgins, Jos\u00e9 Fica, reconoci\u00f3 la labor desplegada para mejorar las condiciones de la conectividad digital en la zona, que actualmente s\u00f3lo cuenta con se\u00f1al 3G, v\u00eda\u00a0sat\u00e9lite.\u00a0\u201cEste es un proyecto de largo aliento, muy reclamado por la comunidad, por la municipalidad y diferentes servicios p\u00fablicos. Esto beneficiar\u00e1 a la escuela, a la posta, a los emprendedores de nuestra localidad. Es un gran avance, tenemos que ponernos a la altura de la tecnolog\u00eda actual que tiene el pa\u00eds. Esto da dignidad y la posibilidad de que la gente tenga la misma tecnolog\u00eda que el resto de la regi\u00f3n y el pa\u00eds\u201d, enfatiz\u00f3 el edil.<\/p>\n<p style=\"font-weight: 400; text-align: justify;\">Tras la aprobaci\u00f3n del Consejo Regional para el financiamiento de esta iniciativa, el Gobierno Regional, junto con SUBTEL, trabajar\u00e1n en el convenio de transferencia de recursos; a su vez, la Subsecretar\u00eda de Telecomunicaciones se encargar\u00e1 de la elaboraci\u00f3n de las Bases del Concurso P\u00fablico para su posterior llamado a licitaci\u00f3n.<\/p>\n<\/div><\/section><\/div><div  style='height:50px' class='hr hr-invisible   avia-builder-el-6  el_after_av_one_full  el_before_av_social_share '><span class='hr-inner ' ><span class='hr-inner-style'><\/span><\/span><\/div><\/p>\n<div  class='av-social-sharing-box  avia-builder-el-7  el_after_av_hr  el_before_av_hr  '><div class='av-share-box'><h5 class='av-share-link-description av-no-toc '>Compartir esta noticia<\/h5><ul class='av-share-box-list noLightbox'><li class='av-share-link av-social-link-facebook' ><a target=\"_blank\" aria-label=\"Compartir en Facebook\" href='https:\/\/www.facebook.com\/sharer.php?u=https:\/\/radiorevelacionfm.cl\/?p=29529&#038;t=M%C3%A1s%20de%207%20mil%20millones%20de%20pesos%20se%20invertir%C3%A1n%20para%20conectar%20a%20Villa%20O%E2%80%99Higgins%20con%20fibra%20%C3%B3ptica' aria-hidden='false' data-av_icon='\ue8f3' data-av_iconfont='entypo-fontello' title='' data-avia-related-tooltip='Compartir en Facebook' rel=\"noopener\"><span class='avia_hidden_link_text'>Compartir en Facebook<\/span><\/a><\/li><li class='av-share-link av-social-link-twitter' ><a target=\"_blank\" aria-label=\"Compartir en Twitter\" href='https:\/\/twitter.com\/share?text=M%C3%A1s%20de%207%20mil%20millones%20de%20pesos%20se%20invertir%C3%A1n%20para%20conectar%20a%20Villa%20O%E2%80%99Higgins%20con%20fibra%20%C3%B3ptica&#038;url=https:\/\/radiorevelacionfm.cl\/?p=29529' aria-hidden='false' data-av_icon='\ue8f1' data-av_iconfont='entypo-fontello' title='' data-avia-related-tooltip='Compartir en Twitter' rel=\"noopener\"><span class='avia_hidden_link_text'>Compartir en Twitter<\/span><\/a><\/li><li class='av-share-link av-social-link-whatsapp' ><a target=\"_blank\" aria-label=\"Compartir en Whatsapp\" href='https:\/\/api.whatsapp.com\/send?text=https:\/\/radiorevelacionfm.cl\/?p=29529' aria-hidden='false' data-av_icon='\uf232' data-av_iconfont='entypo-fontello' title='' data-avia-related-tooltip='Compartir en Whatsapp' rel=\"noopener\"><span class='avia_hidden_link_text'>Compartir en Whatsapp<\/span><\/a><\/li><li class='av-share-link av-social-link-linkedin' ><a target=\"_blank\" aria-label=\"Compartir en LinkedIn\" href='https:\/\/linkedin.com\/shareArticle?mini=true&#038;title=M%C3%A1s%20de%207%20mil%20millones%20de%20pesos%20se%20invertir%C3%A1n%20para%20conectar%20a%20Villa%20O%E2%80%99Higgins%20con%20fibra%20%C3%B3ptica&#038;url=https:\/\/radiorevelacionfm.cl\/?p=29529' aria-hidden='false' data-av_icon='\ue8fc' data-av_iconfont='entypo-fontello' title='' data-avia-related-tooltip='Compartir en LinkedIn' rel=\"noopener\"><span class='avia_hidden_link_text'>Compartir en LinkedIn<\/span><\/a><\/li><li class='av-share-link av-social-link-mail' ><a  aria-label=\"Compartir por correo\" href='mailto:?subject=M%C3%A1s%20de%207%20mil%20millones%20de%20pesos%20se%20invertir%C3%A1n%20para%20conectar%20a%20Villa%20O%E2%80%99Higgins%20con%20fibra%20%C3%B3ptica&#038;body=https:\/\/radiorevelacionfm.cl\/?p=29529' aria-hidden='false' data-av_icon='\ue805' data-av_iconfont='entypo-fontello' title='' data-avia-related-tooltip='Compartir por correo'><span class='avia_hidden_link_text'>Compartir por correo<\/span><\/a><\/li><\/ul><\/div><\/div>\n<div  style='height:50px' class='hr hr-invisible   avia-builder-el-8  el_after_av_social_share  el_before_av_comments_list '><span class='hr-inner ' ><span class='hr-inner-style'><\/span><\/span><\/div>\n<div  class='av-buildercomment  av-blog-meta-html-info-disabled av-blog-meta-tag-disabled  '><\/div>\n","protected":false},"excerpt":{"rendered":"","protected":false},"author":1,"featured_media":29530,"comment_status":"open","ping_status":"open","sticky":false,"template":"","format":"standard","meta":{"footnotes":""},"categories":[38],"tags":[],"class_list":["post-29529","post","type-post","status-publish","format-standard","has-post-thumbnail","hentry","category-regional"],"jetpack_featured_media_url":"https:\/\/radiorevelacionfm.cl\/wp-content\/uploads\/2023\/03\/villa-o\u00b4higgins-5-1_optimized.jpg","_links":{"self":[{"href":"https:\/\/radiorevelacionfm.cl\/index.php?rest_route=\/wp\/v2\/posts\/29529","targetHints":{"allow":["GET"]}}],"collection":[{"href":"https:\/\/radiorevelacionfm.cl\/index.php?rest_route=\/wp\/v2\/posts"}],"about":[{"href":"https:\/\/radiorevelacionfm.cl\/index.php?rest_route=\/wp\/v2\/types\/post"}],"author":[{"embeddable":true,"href":"https:\/\/radiorevelacionfm.cl\/index.php?rest_route=\/wp\/v2\/users\/1"}],"replies":[{"embeddable":true,"href":"https:\/\/radiorevelacionfm.cl\/index.php?rest_route=%2Fwp%2Fv2%2Fcomments&post=29529"}],"version-history":[{"count":1,"href":"https:\/\/radiorevelacionfm.cl\/index.php?rest_route=\/wp\/v2\/posts\/29529\/revisions"}],"predecessor-version":[{"id":29533,"href":"https:\/\/radiorevelacionfm.cl\/index.php?rest_route=\/wp\/v2\/posts\/29529\/revisions\/29533"}],"wp:featuredmedia":[{"embeddable":true,"href":"https:\/\/radiorevelacionfm.cl\/index.php?rest_route=\/wp\/v2\/media\/29530"}],"wp:attachment":[{"href":"https:\/\/radiorevelacionfm.cl\/index.php?rest_route=%2Fwp%2Fv2%2Fmedia&parent=29529"}],"wp:term":[{"taxonomy":"category","embeddable":true,"href":"https:\/\/radiorevelacionfm.cl\/index.php?rest_route=%2Fwp%2Fv2%2Fcategories&post=29529"},{"taxonomy":"post_tag","embeddable":true,"href":"https:\/\/radiorevelacionfm.cl\/index.php?rest_route=%2Fwp%2Fv2%2Ftags&post=29529"}],"curies":[{"name":"wp","href":"https:\/\/api.w.org\/{rel}","templated":true}]}}