{"id":29526,"date":"2023-03-30T10:14:36","date_gmt":"2023-03-30T13:14:36","guid":{"rendered":"https:\/\/radiorevelacionfm.cl\/?p=29526"},"modified":"2023-03-30T10:14:36","modified_gmt":"2023-03-30T13:14:36","slug":"programa-de-pesca-artesanal-gobierno-regional-abre-formulario-de-inscripcion-para-personas-interesadas","status":"publish","type":"post","link":"https:\/\/radiorevelacionfm.cl\/?p=29526","title":{"rendered":"Programa de Pesca Artesanal: Gobierno Regional abre formulario de inscripci\u00f3n para personas interesadas"},"content":{"rendered":"<div class=\"flex_column av_one_full  flex_column_div av-zero-column-padding first  avia-builder-el-0  el_before_av_one_full  avia-builder-el-first  \" style='border-radius:0px; '><div  class='avia-image-container  av-styling-    avia-builder-el-1  avia-builder-el-no-sibling  avia-align-center '  itemprop=\"image\" itemscope=\"itemscope\" itemtype=\"https:\/\/schema.org\/ImageObject\"  ><div class='avia-image-container-inner'><div class='avia-image-overlay-wrap'><img decoding=\"async\" class='wp-image-29527 avia-img-lazy-loading-not-29527 avia_image' src=\"https:\/\/radiorevelacionfm.cl\/wp-content\/uploads\/2023\/03\/pesca-1-1-1_optimized-1.jpg\" alt='' title='pesca-1-(1)-(1)_optimized (1)' height=\"600\" width=\"1067\"  itemprop=\"thumbnailUrl\" srcset=\"https:\/\/radiorevelacionfm.cl\/wp-content\/uploads\/2023\/03\/pesca-1-1-1_optimized-1.jpg 1067w, https:\/\/radiorevelacionfm.cl\/wp-content\/uploads\/2023\/03\/pesca-1-1-1_optimized-1-300x169.jpg 300w, https:\/\/radiorevelacionfm.cl\/wp-content\/uploads\/2023\/03\/pesca-1-1-1_optimized-1-1030x579.jpg 1030w, https:\/\/radiorevelacionfm.cl\/wp-content\/uploads\/2023\/03\/pesca-1-1-1_optimized-1-768x432.jpg 768w, https:\/\/radiorevelacionfm.cl\/wp-content\/uploads\/2023\/03\/pesca-1-1-1_optimized-1-705x396.jpg 705w, https:\/\/radiorevelacionfm.cl\/wp-content\/uploads\/2023\/03\/pesca-1-1-1_optimized-1-450x253.jpg 450w, https:\/\/radiorevelacionfm.cl\/wp-content\/uploads\/2023\/03\/pesca-1-1-1_optimized-1-600x337.jpg 600w\" sizes=\"(max-width: 1067px) 100vw, 1067px\" \/><\/div><\/div><\/div><\/div><div class=\"flex_column av_one_full  flex_column_div av-zero-column-padding first  avia-builder-el-2  el_after_av_one_full  el_before_av_one_full  column-top-margin\" style='border-radius:0px; '><section class=\"av_textblock_section \"  itemscope=\"itemscope\" itemtype=\"https:\/\/schema.org\/BlogPosting\" itemprop=\"blogPost\" ><div class='avia_textblock  '   itemprop=\"text\" ><p style=\"text-align: center;\"><strong><span style=\"font-size: 18pt;\">Programa de Pesca Artesanal: Gobierno Regional abre formulario de inscripci\u00f3n para personas interesadas<\/span><\/strong><\/p>\n<div id=\"gtx-trans\" style=\"position: absolute; left: -50px; top: 4.31534px;\">\n<div class=\"gtx-trans-icon\"><\/div>\n<\/div>\n<\/div><\/section><\/div><div class=\"flex_column av_one_full  flex_column_div av-zero-column-padding first  avia-builder-el-4  el_after_av_one_full  el_before_av_hr  column-top-margin\" style='border-radius:0px; '><section class=\"av_textblock_section \"  itemscope=\"itemscope\" itemtype=\"https:\/\/schema.org\/BlogPosting\" itemprop=\"blogPost\" ><div class='avia_textblock  '   itemprop=\"text\" ><p dir=\"ltr\" style=\"text-align: justify;\">En el contexto del pr\u00f3ximo lanzamiento del Programa de Fomento y Diversificaci\u00f3n de la Pesca Artesanal, enfocado en las localidades del litoral de la Regi\u00f3n de Ays\u00e9n, el Gobierno Regional habilit\u00f3 un portal web donde quienes est\u00e9n interesados e interesadas pueden inscribirse para recibir informaci\u00f3n sobre esta importante iniciativa.<\/p>\n<p dir=\"ltr\" style=\"text-align: justify;\">\u00abEl Gobierno Regional reconoce la importancia de la pesca artesanal para el desarrollo de las comunidades del litoral, considerando estrat\u00e9gico su labor para la producci\u00f3n de alimentos en la Regi\u00f3n de Ays\u00e9n y para el pa\u00eds\u00bb, explic\u00f3 la jefa de la Divisi\u00f3n de Fomento e Industria (DIFOI), Yessica Lagos.<\/p>\n<p dir=\"ltr\" style=\"text-align: justify;\">En ese sentido, la administraci\u00f3n de la Gobernadora Regional, Andrea Mac\u00edas Palma, habilit\u00f3 un formulario online para que las personas interesadas se inscriban, y de esa manera enviarles informaci\u00f3n sobre la serie de iniciativas para el\u00a0 fomento y promoci\u00f3n de las familias de las comunas del litoral, las que buscan potenciar y diversificar la actividad econ\u00f3mica, con el objetivo de contribuir con el bienestar de las comunidades.<\/p>\n<p dir=\"ltr\" style=\"text-align: justify;\">\u00abInvitamos a armadores y armadoras, buzos, pescadores y pescadoras artesanales, recolectores y personas que realizan habitualmente actividades conexas a inscribirse en el presente formulario, con el objetivo de mantenerse informados sobre las diferentes iniciativas econ\u00f3micas y sociales que se desarrollen desde el Gobierno Regional a las personas vinculadas a la pesca artesanal\u00bb, llam\u00f3 la jefa de la DIFOI.<\/p>\n<p dir=\"ltr\" style=\"text-align: justify;\">Quienes se inscriban en el sitio web: <a href=\"https:\/\/pesca.goreaysen.gob.cl\/\" target=\"_blank\" rel=\"noopener noreferrer\">https:\/\/pesca.goreaysen.gob.cl<\/a>, recibir\u00e1n informaci\u00f3n, por ejemplo, sobre el Programa de Fomento y Diversificaci\u00f3n de la Pesca Artesanal y las distintas caracter\u00edsticas, requisitos, y fechas para postular a las diferentes iniciativas.<\/p>\n<\/div><\/section><\/div><div  style='height:50px' class='hr hr-invisible   avia-builder-el-6  el_after_av_one_full  el_before_av_social_share '><span class='hr-inner ' ><span class='hr-inner-style'><\/span><\/span><\/div><\/p>\n<div  class='av-social-sharing-box  avia-builder-el-7  el_after_av_hr  el_before_av_hr  '><div class='av-share-box'><h5 class='av-share-link-description av-no-toc '>Compartir esta noticia<\/h5><ul class='av-share-box-list noLightbox'><li class='av-share-link av-social-link-facebook' ><a target=\"_blank\" aria-label=\"Compartir en Facebook\" href='https:\/\/www.facebook.com\/sharer.php?u=https:\/\/radiorevelacionfm.cl\/?p=29526&#038;t=Programa%20de%20Pesca%20Artesanal%3A%20Gobierno%20Regional%20abre%20formulario%20de%20inscripci%C3%B3n%20para%20personas%20interesadas' aria-hidden='false' data-av_icon='\ue8f3' data-av_iconfont='entypo-fontello' title='' data-avia-related-tooltip='Compartir en Facebook' rel=\"noopener\"><span class='avia_hidden_link_text'>Compartir en Facebook<\/span><\/a><\/li><li class='av-share-link av-social-link-twitter' ><a target=\"_blank\" aria-label=\"Compartir en Twitter\" href='https:\/\/twitter.com\/share?text=Programa%20de%20Pesca%20Artesanal%3A%20Gobierno%20Regional%20abre%20formulario%20de%20inscripci%C3%B3n%20para%20personas%20interesadas&#038;url=https:\/\/radiorevelacionfm.cl\/?p=29526' aria-hidden='false' data-av_icon='\ue8f1' data-av_iconfont='entypo-fontello' title='' data-avia-related-tooltip='Compartir en Twitter' rel=\"noopener\"><span class='avia_hidden_link_text'>Compartir en Twitter<\/span><\/a><\/li><li class='av-share-link av-social-link-whatsapp' ><a target=\"_blank\" aria-label=\"Compartir en Whatsapp\" href='https:\/\/api.whatsapp.com\/send?text=https:\/\/radiorevelacionfm.cl\/?p=29526' aria-hidden='false' data-av_icon='\uf232' data-av_iconfont='entypo-fontello' title='' data-avia-related-tooltip='Compartir en Whatsapp' rel=\"noopener\"><span class='avia_hidden_link_text'>Compartir en Whatsapp<\/span><\/a><\/li><li class='av-share-link av-social-link-linkedin' ><a target=\"_blank\" aria-label=\"Compartir en LinkedIn\" href='https:\/\/linkedin.com\/shareArticle?mini=true&#038;title=Programa%20de%20Pesca%20Artesanal%3A%20Gobierno%20Regional%20abre%20formulario%20de%20inscripci%C3%B3n%20para%20personas%20interesadas&#038;url=https:\/\/radiorevelacionfm.cl\/?p=29526' aria-hidden='false' data-av_icon='\ue8fc' data-av_iconfont='entypo-fontello' title='' data-avia-related-tooltip='Compartir en LinkedIn' rel=\"noopener\"><span class='avia_hidden_link_text'>Compartir en LinkedIn<\/span><\/a><\/li><li class='av-share-link av-social-link-mail' ><a  aria-label=\"Compartir por correo\" href='mailto:?subject=Programa%20de%20Pesca%20Artesanal%3A%20Gobierno%20Regional%20abre%20formulario%20de%20inscripci%C3%B3n%20para%20personas%20interesadas&#038;body=https:\/\/radiorevelacionfm.cl\/?p=29526' aria-hidden='false' data-av_icon='\ue805' data-av_iconfont='entypo-fontello' title='' data-avia-related-tooltip='Compartir por correo'><span class='avia_hidden_link_text'>Compartir por correo<\/span><\/a><\/li><\/ul><\/div><\/div>\n<div  style='height:50px' class='hr hr-invisible   avia-builder-el-8  el_after_av_social_share  el_before_av_comments_list '><span class='hr-inner ' ><span class='hr-inner-style'><\/span><\/span><\/div>\n<div  class='av-buildercomment  av-blog-meta-html-info-disabled av-blog-meta-tag-disabled  '><\/div>\n","protected":false},"excerpt":{"rendered":"","protected":false},"author":1,"featured_media":29527,"comment_status":"open","ping_status":"open","sticky":false,"template":"","format":"standard","meta":{"footnotes":""},"categories":[38],"tags":[],"class_list":["post-29526","post","type-post","status-publish","format-standard","has-post-thumbnail","hentry","category-regional"],"jetpack_featured_media_url":"https:\/\/radiorevelacionfm.cl\/wp-content\/uploads\/2023\/03\/pesca-1-1-1_optimized-1.jpg","_links":{"self":[{"href":"https:\/\/radiorevelacionfm.cl\/index.php?rest_route=\/wp\/v2\/posts\/29526","targetHints":{"allow":["GET"]}}],"collection":[{"href":"https:\/\/radiorevelacionfm.cl\/index.php?rest_route=\/wp\/v2\/posts"}],"about":[{"href":"https:\/\/radiorevelacionfm.cl\/index.php?rest_route=\/wp\/v2\/types\/post"}],"author":[{"embeddable":true,"href":"https:\/\/radiorevelacionfm.cl\/index.php?rest_route=\/wp\/v2\/users\/1"}],"replies":[{"embeddable":true,"href":"https:\/\/radiorevelacionfm.cl\/index.php?rest_route=%2Fwp%2Fv2%2Fcomments&post=29526"}],"version-history":[{"count":1,"href":"https:\/\/radiorevelacionfm.cl\/index.php?rest_route=\/wp\/v2\/posts\/29526\/revisions"}],"predecessor-version":[{"id":29528,"href":"https:\/\/radiorevelacionfm.cl\/index.php?rest_route=\/wp\/v2\/posts\/29526\/revisions\/29528"}],"wp:featuredmedia":[{"embeddable":true,"href":"https:\/\/radiorevelacionfm.cl\/index.php?rest_route=\/wp\/v2\/media\/29527"}],"wp:attachment":[{"href":"https:\/\/radiorevelacionfm.cl\/index.php?rest_route=%2Fwp%2Fv2%2Fmedia&parent=29526"}],"wp:term":[{"taxonomy":"category","embeddable":true,"href":"https:\/\/radiorevelacionfm.cl\/index.php?rest_route=%2Fwp%2Fv2%2Fcategories&post=29526"},{"taxonomy":"post_tag","embeddable":true,"href":"https:\/\/radiorevelacionfm.cl\/index.php?rest_route=%2Fwp%2Fv2%2Ftags&post=29526"}],"curies":[{"name":"wp","href":"https:\/\/api.w.org\/{rel}","templated":true}]}}