{"id":29522,"date":"2023-03-29T21:16:22","date_gmt":"2023-03-30T00:16:22","guid":{"rendered":"https:\/\/radiorevelacionfm.cl\/?p=29522"},"modified":"2023-03-29T21:20:55","modified_gmt":"2023-03-30T00:20:55","slug":"adultos-mayores-de-chile-chico-conocieron-el-corazon-del-parque-nacional-patagonia","status":"publish","type":"post","link":"https:\/\/radiorevelacionfm.cl\/?p=29522","title":{"rendered":"Adultos Mayores de Chile Chico conocieron el coraz\u00f3n del Parque Nacional Patagonia"},"content":{"rendered":"<div class=\"flex_column av_one_full  flex_column_div av-zero-column-padding first  avia-builder-el-0  el_before_av_one_full  avia-builder-el-first  \" style='border-radius:0px; '><div  class='avia-image-container  av-styling-    avia-builder-el-1  avia-builder-el-no-sibling  avia-align-center '  itemprop=\"image\" itemscope=\"itemscope\" itemtype=\"https:\/\/schema.org\/ImageObject\"  ><div class='avia-image-container-inner'><div class='avia-image-overlay-wrap'><img decoding=\"async\" class='wp-image-29523 avia-img-lazy-loading-not-29523 avia_image' src=\"https:\/\/radiorevelacionfm.cl\/wp-content\/uploads\/2023\/03\/unnamed-36-1-1_optimized.jpg\" alt='' title='unnamed-(36)-1-(1)_optimized' height=\"600\" width=\"1255\"  itemprop=\"thumbnailUrl\" srcset=\"https:\/\/radiorevelacionfm.cl\/wp-content\/uploads\/2023\/03\/unnamed-36-1-1_optimized.jpg 1255w, https:\/\/radiorevelacionfm.cl\/wp-content\/uploads\/2023\/03\/unnamed-36-1-1_optimized-300x143.jpg 300w, https:\/\/radiorevelacionfm.cl\/wp-content\/uploads\/2023\/03\/unnamed-36-1-1_optimized-1030x492.jpg 1030w, https:\/\/radiorevelacionfm.cl\/wp-content\/uploads\/2023\/03\/unnamed-36-1-1_optimized-768x367.jpg 768w, https:\/\/radiorevelacionfm.cl\/wp-content\/uploads\/2023\/03\/unnamed-36-1-1_optimized-705x337.jpg 705w, https:\/\/radiorevelacionfm.cl\/wp-content\/uploads\/2023\/03\/unnamed-36-1-1_optimized-450x215.jpg 450w, https:\/\/radiorevelacionfm.cl\/wp-content\/uploads\/2023\/03\/unnamed-36-1-1_optimized-600x287.jpg 600w\" sizes=\"(max-width: 1255px) 100vw, 1255px\" \/><\/div><\/div><\/div><\/div>\n<div class=\"flex_column av_one_full  flex_column_div av-zero-column-padding first  avia-builder-el-2  el_after_av_one_full  el_before_av_one_full  column-top-margin\" style='border-radius:0px; '><section class=\"av_textblock_section \"  itemscope=\"itemscope\" itemtype=\"https:\/\/schema.org\/BlogPosting\" itemprop=\"blogPost\" ><div class='avia_textblock  '   itemprop=\"text\" ><p style=\"text-align: center;\"><strong><span style=\"font-size: 18pt;\">Adultos Mayores de Chile Chico conocieron el coraz\u00f3n del Parque Nacional Patagonia<\/span><\/strong><\/p>\n<div id=\"gtx-trans\" style=\"position: absolute; left: -50px; top: 4.31534px;\">\n<div class=\"gtx-trans-icon\"><\/div>\n<\/div>\n<\/div><\/section><\/div>\n<div class=\"flex_column av_one_full  flex_column_div av-zero-column-padding first  avia-builder-el-4  el_after_av_one_full  el_before_av_hr  column-top-margin\" style='border-radius:0px; '><section class=\"av_textblock_section \"  itemscope=\"itemscope\" itemtype=\"https:\/\/schema.org\/BlogPosting\" itemprop=\"blogPost\" ><div class='avia_textblock  '   itemprop=\"text\" ><p style=\"text-align: justify;\"><i>En la actividad guiada por Descubriendo, educadores ambientales de la ciudad de Cochrane, un grupo de adultos mayores de Chile Chico pudo recorrer el sector Chacabuco y visitar algunos de los puntos m\u00e1s importantes del \u00e1rea protegida.<\/i><\/p>\n<p style=\"text-align: justify;\">En el marco del programa Amigos del Parque Nacional Patagonia, cuyo objetivo es potenciar el v\u00ednculo efectivo entre las comunidades y los parques nacionales fomentando lazos de orgullo y sentido de pertenencia, una decena de adultos mayores de la localidad de Chile Chico visit\u00f3 por primera vez el sector de Valle Chacabuco.<\/p>\n<p style=\"text-align: justify;\">\u201cFue realmente hermoso el poder conocer un lugar cercano pero al que no todos podemos llegar. El poder compartir, caminar, reconocer y saber que como adultos mayores somos capaces, es muy importante para nosotros\u201d, se\u00f1al\u00f3 Cecilia Ordo\u00f1ez.<\/p>\n<p style=\"text-align: justify;\">En la salida, los vecinos pudieron recorrer el interesante museo que releva de manera interactiva la historia natural y cultural de esta zona de la Patagonia y la importancia de los Parques Nacionales a trav\u00e9s de un inspirador relato.<\/p>\n<p style=\"text-align: justify;\">\u00abCreemos importante que como programa integremos a todos los sectores de la comunidad. Los adultos mayores son personas sumamente activas, por lo que nos parece necesario sumarlos en el proceso de reflexi\u00f3n, di\u00e1logo y aprendizaje en torno a la conservaci\u00f3n de nuestro patrimonio natural y cultural\u201d, explic\u00f3 Rolando Sabath, coordinador del programa Amigos del Parque Nacional Patagonia.<\/p>\n<p style=\"text-align: justify;\">En la actividad, los participantes pudieron recorrer sectores emblem\u00e1ticos del parque, como el peque\u00f1o cementerio donde descansan los restos de Douglas Tompkins. El recorrido dio pie para reflexionar sobre la importancia de la conservaci\u00f3n y todo el trabajo que ha realizado la fundaci\u00f3n Rewilding Chile para transformar una de las principales estancias ganaderas de la regi\u00f3n en un parque nacional, el que es considerado uno de los ejemplos de restauraci\u00f3n ecol\u00f3gica m\u00e1s emblem\u00e1ticos del pa\u00eds.<\/p>\n<\/div><\/section><\/div><div  style='height:50px' class='hr hr-invisible   avia-builder-el-6  el_after_av_one_full  el_before_av_social_share '><span class='hr-inner ' ><span class='hr-inner-style'><\/span><\/span><\/div><\/p>\n<div  class='av-social-sharing-box  avia-builder-el-7  el_after_av_hr  el_before_av_hr  '><div class='av-share-box'><h5 class='av-share-link-description av-no-toc '>Compartir esta noticia<\/h5><ul class='av-share-box-list noLightbox'><li class='av-share-link av-social-link-facebook' ><a target=\"_blank\" aria-label=\"Compartir en Facebook\" href='https:\/\/www.facebook.com\/sharer.php?u=https:\/\/radiorevelacionfm.cl\/?p=29522&#038;t=Adultos%20Mayores%20de%20Chile%20Chico%20conocieron%20el%20coraz%C3%B3n%20del%20Parque%20Nacional%20Patagonia' aria-hidden='false' data-av_icon='\ue8f3' data-av_iconfont='entypo-fontello' title='' data-avia-related-tooltip='Compartir en Facebook' rel=\"noopener\"><span class='avia_hidden_link_text'>Compartir en Facebook<\/span><\/a><\/li><li class='av-share-link av-social-link-twitter' ><a target=\"_blank\" aria-label=\"Compartir en Twitter\" href='https:\/\/twitter.com\/share?text=Adultos%20Mayores%20de%20Chile%20Chico%20conocieron%20el%20coraz%C3%B3n%20del%20Parque%20Nacional%20Patagonia&#038;url=https:\/\/radiorevelacionfm.cl\/?p=29522' aria-hidden='false' data-av_icon='\ue8f1' data-av_iconfont='entypo-fontello' title='' data-avia-related-tooltip='Compartir en Twitter' rel=\"noopener\"><span class='avia_hidden_link_text'>Compartir en Twitter<\/span><\/a><\/li><li class='av-share-link av-social-link-whatsapp' ><a target=\"_blank\" aria-label=\"Compartir en Whatsapp\" href='https:\/\/api.whatsapp.com\/send?text=https:\/\/radiorevelacionfm.cl\/?p=29522' aria-hidden='false' data-av_icon='\uf232' data-av_iconfont='entypo-fontello' title='' data-avia-related-tooltip='Compartir en Whatsapp' rel=\"noopener\"><span class='avia_hidden_link_text'>Compartir en Whatsapp<\/span><\/a><\/li><li class='av-share-link av-social-link-linkedin' ><a target=\"_blank\" aria-label=\"Compartir en LinkedIn\" href='https:\/\/linkedin.com\/shareArticle?mini=true&#038;title=Adultos%20Mayores%20de%20Chile%20Chico%20conocieron%20el%20coraz%C3%B3n%20del%20Parque%20Nacional%20Patagonia&#038;url=https:\/\/radiorevelacionfm.cl\/?p=29522' aria-hidden='false' data-av_icon='\ue8fc' data-av_iconfont='entypo-fontello' title='' data-avia-related-tooltip='Compartir en LinkedIn' rel=\"noopener\"><span class='avia_hidden_link_text'>Compartir en LinkedIn<\/span><\/a><\/li><li class='av-share-link av-social-link-mail' ><a  aria-label=\"Compartir por correo\" href='mailto:?subject=Adultos%20Mayores%20de%20Chile%20Chico%20conocieron%20el%20coraz%C3%B3n%20del%20Parque%20Nacional%20Patagonia&#038;body=https:\/\/radiorevelacionfm.cl\/?p=29522' aria-hidden='false' data-av_icon='\ue805' data-av_iconfont='entypo-fontello' title='' data-avia-related-tooltip='Compartir por correo'><span class='avia_hidden_link_text'>Compartir por correo<\/span><\/a><\/li><\/ul><\/div><\/div>\n<div  style='height:50px' class='hr hr-invisible   avia-builder-el-8  el_after_av_social_share  el_before_av_comments_list '><span class='hr-inner ' ><span class='hr-inner-style'><\/span><\/span><\/div>\n<div  class='av-buildercomment  av-blog-meta-html-info-disabled av-blog-meta-tag-disabled  '><\/div>\n","protected":false},"excerpt":{"rendered":"","protected":false},"author":1,"featured_media":29523,"comment_status":"open","ping_status":"open","sticky":false,"template":"","format":"standard","meta":{"footnotes":""},"categories":[38],"tags":[],"class_list":["post-29522","post","type-post","status-publish","format-standard","has-post-thumbnail","hentry","category-regional"],"jetpack_featured_media_url":"https:\/\/radiorevelacionfm.cl\/wp-content\/uploads\/2023\/03\/unnamed-36-1-1_optimized.jpg","_links":{"self":[{"href":"https:\/\/radiorevelacionfm.cl\/index.php?rest_route=\/wp\/v2\/posts\/29522","targetHints":{"allow":["GET"]}}],"collection":[{"href":"https:\/\/radiorevelacionfm.cl\/index.php?rest_route=\/wp\/v2\/posts"}],"about":[{"href":"https:\/\/radiorevelacionfm.cl\/index.php?rest_route=\/wp\/v2\/types\/post"}],"author":[{"embeddable":true,"href":"https:\/\/radiorevelacionfm.cl\/index.php?rest_route=\/wp\/v2\/users\/1"}],"replies":[{"embeddable":true,"href":"https:\/\/radiorevelacionfm.cl\/index.php?rest_route=%2Fwp%2Fv2%2Fcomments&post=29522"}],"version-history":[{"count":2,"href":"https:\/\/radiorevelacionfm.cl\/index.php?rest_route=\/wp\/v2\/posts\/29522\/revisions"}],"predecessor-version":[{"id":29525,"href":"https:\/\/radiorevelacionfm.cl\/index.php?rest_route=\/wp\/v2\/posts\/29522\/revisions\/29525"}],"wp:featuredmedia":[{"embeddable":true,"href":"https:\/\/radiorevelacionfm.cl\/index.php?rest_route=\/wp\/v2\/media\/29523"}],"wp:attachment":[{"href":"https:\/\/radiorevelacionfm.cl\/index.php?rest_route=%2Fwp%2Fv2%2Fmedia&parent=29522"}],"wp:term":[{"taxonomy":"category","embeddable":true,"href":"https:\/\/radiorevelacionfm.cl\/index.php?rest_route=%2Fwp%2Fv2%2Fcategories&post=29522"},{"taxonomy":"post_tag","embeddable":true,"href":"https:\/\/radiorevelacionfm.cl\/index.php?rest_route=%2Fwp%2Fv2%2Ftags&post=29522"}],"curies":[{"name":"wp","href":"https:\/\/api.w.org\/{rel}","templated":true}]}}