{"id":29519,"date":"2023-03-31T09:34:07","date_gmt":"2023-03-31T12:34:07","guid":{"rendered":"https:\/\/radiorevelacionfm.cl\/?p=29519"},"modified":"2023-03-31T09:34:07","modified_gmt":"2023-03-31T12:34:07","slug":"proteccion-de-turberas-y-gestion-binacional-del-lago-general-carrera-los-planteamientos-de-los-ayseninos-al-gobierno-en-la-onu","status":"publish","type":"post","link":"https:\/\/radiorevelacionfm.cl\/?p=29519","title":{"rendered":"Protecci\u00f3n de turberas y gesti\u00f3n binacional del lago General Carrera: Los planteamientos de los ayseninos al gobierno en la ONU"},"content":{"rendered":"<div class=\"flex_column av_one_full  flex_column_div av-zero-column-padding first  avia-builder-el-0  el_before_av_one_full  avia-builder-el-first  \" style='border-radius:0px; '><div  class='avia-image-container  av-styling-    avia-builder-el-1  avia-builder-el-no-sibling  avia-align-center '  itemprop=\"image\" itemscope=\"itemscope\" itemtype=\"https:\/\/schema.org\/ImageObject\"  ><div class='avia-image-container-inner'><div class='avia-image-overlay-wrap'><img decoding=\"async\" class='wp-image-29520 avia-img-lazy-loading-not-29520 avia_image' src=\"https:\/\/radiorevelacionfm.cl\/wp-content\/uploads\/2023\/03\/reunion-delegacion-con-ministra-maisa-rojas-1_optimized.jpg\" alt='' title='reuni\u00f3n-delegaci\u00f3n-con-ministra-maisa-rojas-(1)_optimized' height=\"600\" width=\"828\"  itemprop=\"thumbnailUrl\" srcset=\"https:\/\/radiorevelacionfm.cl\/wp-content\/uploads\/2023\/03\/reunion-delegacion-con-ministra-maisa-rojas-1_optimized.jpg 828w, https:\/\/radiorevelacionfm.cl\/wp-content\/uploads\/2023\/03\/reunion-delegacion-con-ministra-maisa-rojas-1_optimized-300x217.jpg 300w, https:\/\/radiorevelacionfm.cl\/wp-content\/uploads\/2023\/03\/reunion-delegacion-con-ministra-maisa-rojas-1_optimized-768x557.jpg 768w, https:\/\/radiorevelacionfm.cl\/wp-content\/uploads\/2023\/03\/reunion-delegacion-con-ministra-maisa-rojas-1_optimized-705x511.jpg 705w, https:\/\/radiorevelacionfm.cl\/wp-content\/uploads\/2023\/03\/reunion-delegacion-con-ministra-maisa-rojas-1_optimized-450x326.jpg 450w, https:\/\/radiorevelacionfm.cl\/wp-content\/uploads\/2023\/03\/reunion-delegacion-con-ministra-maisa-rojas-1_optimized-600x435.jpg 600w\" sizes=\"(max-width: 828px) 100vw, 828px\" \/><\/div><\/div><\/div><\/div><div class=\"flex_column av_one_full  flex_column_div av-zero-column-padding first  avia-builder-el-2  el_after_av_one_full  el_before_av_one_full  column-top-margin\" style='border-radius:0px; '><section class=\"av_textblock_section \"  itemscope=\"itemscope\" itemtype=\"https:\/\/schema.org\/BlogPosting\" itemprop=\"blogPost\" ><div class='avia_textblock  '   itemprop=\"text\" ><p style=\"text-align: center;\"><span style=\"font-size: 18pt;\"><b><span lang=\"ES\">Protecci<\/span><\/b><b><span lang=\"X-NONE\">\u00f3n de<span class=\"v1gmail-Apple-converted-space\">\u00a0<\/span><\/span><\/b><b><span lang=\"ES\">turberas y gesti<\/span><\/b><b><span lang=\"X-NONE\">\u00f3n<span class=\"v1gmail-Apple-converted-space\">\u00a0<\/span><\/span><\/b><b><span lang=\"ES\">binacional del lago General Carrera: Los planteamientos de los<span class=\"v1gmail-Apple-converted-space\">\u00a0<\/span><\/span><\/b><b><span lang=\"X-NONE\">ayseninos al gobierno en la ONU<\/span><\/b><\/span><\/p>\n<div id=\"gtx-trans\" style=\"position: absolute; left: -50px; top: 4.31534px;\">\n<div class=\"gtx-trans-icon\"><\/div>\n<\/div>\n<\/div><\/section><\/div><div class=\"flex_column av_one_full  flex_column_div av-zero-column-padding first  avia-builder-el-4  el_after_av_one_full  el_before_av_hr  column-top-margin\" style='border-radius:0px; '><section class=\"av_textblock_section \"  itemscope=\"itemscope\" itemtype=\"https:\/\/schema.org\/BlogPosting\" itemprop=\"blogPost\" ><div class='avia_textblock  '   itemprop=\"text\" ><p class=\"v1MsoNormal\" style=\"text-align: justify;\"><span lang=\"ES\">Un llamado a las autoridades de gobierno a, efectivamente, aplicar en el pa<\/span><span lang=\"X-NONE\">\u00eds<span class=\"v1gmail-Apple-converted-space\">\u00a0<\/span><\/span><span lang=\"ES\">lo que anuncian ante organismos multilaterales como las Naciones Unidas, hicieron los integrantes de la delegaci<\/span><span lang=\"X-NONE\">\u00f3n aysenina que particip\u00f3 en la Conferencia sobre el Agua de la ONU. La cita, que se desarroll\u00f3 en Nueva York del 22 al 24 de marzo, reuni\u00f3 a representantes de estados y gobiernos de todo el mundo, empresas y dirigentes de la sociedad civil y comunidades.<\/span><\/p>\n<p class=\"v1MsoNormal\" style=\"text-align: justify;\"><span lang=\"ES\">El<span class=\"v1gmail-Apple-converted-space\">\u00a0<\/span>presidente de la Corporaci<\/span><span lang=\"X-NONE\">\u00f3n Privada para el Desarrollo de Ays\u00e9n (CODESA), Erwin Sandoval Gallardo<\/span><span lang=\"X-NONE\">, junto a los<span class=\"v1gmail-Apple-converted-space\">\u00a0<\/span>directores y ex presidentes Miriam Chible Contreras y Patricio Segura Ortiz, asistieron a las actividades en que la<span class=\"v1gmail-Apple-converted-space\">\u00a0<\/span>ministra del Medio Ambiente Maisa Rojas<span class=\"v1gmail-Apple-converted-space\">\u00a0<\/span>y el<span class=\"v1gmail-Apple-converted-space\">\u00a0<\/span>director general de Aguas (DGA) Rodrigo Sanhueza, se dirigieron a su pares a nivel mundial. En \u00e9stas, aludieron a los avances y compromisos de Chile en materia de protecci\u00f3n de cuencas y agua.<\/span><\/p>\n<p class=\"v1MsoNormal\" style=\"text-align: justify;\"><strong><span lang=\"X-NONE\">Protecci\u00f3n de humedales<\/span><\/strong><\/p>\n<p class=\"v1MsoNormal\" style=\"text-align: justify;\"><span lang=\"X-NONE\">Durante el di\u00e1logo interactivo \u00abAgua para el Clima, Resiliencia y Medioambiente: Fuente para los Oc\u00e9anos, la Biodiversidad, el Clima, la Resiliencia y Reducci\u00f3n de Riesgos de Desastre\u00bb, que se desarroll\u00f3 el jueves 23, la titular del Medio Ambiente expres\u00f3 que \u00abpara avanzar en darle seguridad h\u00eddrica a nuestras poblaciones, debemos encontrar \u00e1reas con muchos co-beneficios&#8230; lo que nos puede ayudar a avanzar para enfrentar tanto el cambio clim\u00e1tico como la p\u00e9rdida de biodiversidad y tambi\u00e9n la reducci\u00f3n del riesgo de desastre\u00bb. En este \u00e1mbito relev\u00f3 la \u00abprotecci\u00f3n de humedales, que proveen beneficios para estas tres \u00e1reas\u00bb.<\/span><\/p>\n<p class=\"v1MsoNormal\" style=\"text-align: justify;\"><span lang=\"X-NONE\">En este aspecto,<span class=\"v1gmail-Apple-converted-space\">\u00a0<\/span>Erwin<span class=\"v1gmail-Apple-converted-space\">\u00a0<\/span>Sandoval<span class=\"v1gmail-Apple-converted-space\">\u00a0<\/span>indic\u00f3 estar \u00abde acuerdo con la ministra Maisa Rojas: los humedales son clave ante la crisis clim\u00e1tica y la provisi\u00f3n de agua para las comunidades. Por eso mismo, lamentamos el retroceso en la tramitaci\u00f3n de la<span class=\"v1gmail-Apple-converted-space\">\u00a0<\/span><a href=\"https:\/\/www.camara.cl\/legislacion\/ProyectosDeLey\/tramitacion.aspx?prmID=12538&amp;prmBOLETIN=12017-12\" target=\"_blank\" rel=\"noopener noreferrer\">Ley de Protecci\u00f3n de Ambiental de las Turberas<\/a>, donde el Senado rechaz\u00f3 modificaciones de la C\u00e1mara de Diputados con el fin de forzar modificaci\u00f3n en una Comisi\u00f3n Mixta. La pasividad del Ejecutivo en esta materia es un grave error y no refleja lo que finalmente se declara, se expone y se compromete internacionalmente\u00bb.<span class=\"v1gmail-Apple-converted-space\">\u00a0<\/span><\/span><\/p>\n<p class=\"v1MsoNormal\" style=\"text-align: justify;\"><span lang=\"X-NONE\">En la ocasi\u00f3n, Rojas tambi\u00e9n inform\u00f3 que desde el ministerio est\u00e1n avanzando en la valorizaci\u00f3n econ\u00f3mica de la naturaleza, para obtener recursos econ\u00f3micos. \u00abHemos establecido un Comit\u00e9 de Capital Natural, que tiene la tarea de avanzar en la valorizaci\u00f3n econ\u00f3mica de la naturaleza y su biodiversidad&#8230; una vez identificado alg\u00fan ecosistema b\u00e1sico, crear l\u00edneas bases p\u00fablicas, eso debiera ser insumo para cuentas ambientales, valorando econ\u00f3micamente la naturaleza y de esa manera tambi\u00e9n encontrar financiamiento para su protecci\u00f3n\u00bb explic\u00f3.<\/span><\/p>\n<p class=\"v1MsoNormal\" style=\"text-align: justify;\"><span lang=\"X-NONE\">Al respecto,<span class=\"v1gmail-Apple-converted-space\">\u00a0<\/span>Patricio<span class=\"v1gmail-Apple-converted-space\">\u00a0<\/span>Segura<span class=\"v1gmail-Apple-converted-space\">\u00a0<\/span>se\u00f1al\u00f3 que puede ser una buena iniciativa a explorar, pero alert\u00f3 que \u00abno debemos exclusivamente ver la naturaleza en tanto servicios ecosist\u00e9micos para el ser humano y su aporte econ\u00f3mico. Sus funciones intr\u00ednsecas son fundamentales. El problema de la valorizaci\u00f3n econ\u00f3mica sin control es que abre paso a la compensaci\u00f3n en un contexto de mercado, donde se permite destruir ecosistemas y comunidades mediante el pago o compensaci\u00f3n. Esa mirada es, precisamente, parte del problema que tenemos hoy, la crisis clim\u00e1tica y de biodiversidad\u00bb.<\/span><\/p>\n<p class=\"v1MsoNormal\" style=\"text-align: justify;\"><strong><span lang=\"X-NONE\">Protocolo sobre Recursos H\u00eddricos Compartidos<\/span><\/strong><\/p>\n<p class=\"v1MsoNormal\" style=\"text-align: justify;\"><span lang=\"X-NONE\">El viernes 24 el director de la DGA expuso, a su vez, en el encuentro paralelo (side event) \u00ab<\/span><span lang=\"ES\">Compromisos globales para avanzar<span class=\"v1gmail-Apple-converted-space\">\u00a0<\/span><\/span><span lang=\"X-NONE\">en cooperaci\u00f3n por el agua a nivel transfronterizo para el desarrollo Sustentable, la Acci\u00f3n Clim\u00e1tica, la Estabilidad y la Paz<\/span><span lang=\"X-NONE\">\u00ab. En dicho espacio inform\u00f3 que se est\u00e1 organizando un seminario sobre Cooperaci\u00f3n de Aguas Transfronterizas en Am\u00e9rica Latina.<\/span><\/p>\n<p class=\"v1MsoNormal\" style=\"text-align: justify;\"><span lang=\"X-NONE\">Sanhueza record\u00f3, adem\u00e1s, la existencia del Protocolo Espec\u00edfico Adicional sobre Recursos H\u00eddricos Compartidos incluido en el Tratado de Medio Ambiente suscrito entre Chile y Argentina en 1991. \u00abHoy nos encontramos trabajando en la cuenca transfronteriza del<span class=\"v1gmail-Apple-converted-space\">\u00a0<\/span>\u00a0r\u00edo Puelo, que ser\u00e1 la primera en tener un instrumento de gesti\u00f3n que permita no solo mejorar el intercambio de informaci\u00f3n sino avanzar en arreglos sobre evaluaci\u00f3n ambiental transfronteriza\u00bb dijo en la oportunidad.<\/span><\/p>\n<p class=\"v1MsoNormal\" style=\"text-align: justify;\"><span lang=\"X-NONE\">Miriam Chible<\/span><span lang=\"X-NONE\"><span class=\"v1gmail-Apple-converted-space\">\u00a0<\/span>aplaudi\u00f3 la iniciativa, ya que permite una gesti\u00f3n integrada de las cuencas binacionales.\u00a0<span class=\"v1gmail-Apple-converted-space\">\u00a0<\/span>Sin embargo, en su calidad de tambi\u00e9n vicepresidenta de la Corporaci\u00f3n Chelenko, expres\u00f3 que esto debiera ampliarse a otras cuencas compartidas. \u00abEs el caso de la cuenca del Baker, que tiene m\u00faltiples r\u00edos y lagos transfronterizos, uno de ellos el m\u00e1s grande de Chile y el segundo de Sudam\u00e9rica, el General Carrera\/Buenos Aires\u00bb se\u00f1al\u00f3. Agreg\u00f3 que \u00abproducto de las actividades mineras de alto impacto que se desarrollan en zonas aleda\u00f1as, as\u00ed como el manifiesto inter\u00e9s argentino de extraer grandes cantidades para actividades humanas e industriales en la zona de la provincia de Santa Cruz, es urgente que nuestro pa\u00eds impulse una gesti\u00f3n de la cuenca como un todo y no parceladamente\u00bb.<\/span><\/p>\n<p class=\"v1MsoNormal\" style=\"text-align: justify;\"><span lang=\"X-NONE\">Record\u00f3 Chible que cuando se impuls\u00f3 el proyecto HidroAys\u00e9n, en el r\u00edo Baker que es parte de dicha cuenca compartida, \u00ablas autoridades de la \u00e9poca obviaron la aplicaci\u00f3n del protocolo, porque afectaba los intereses de una trasnacional espec\u00edfica. Hoy es la oportunidad para recuperar el camino perdido\u00bb.<\/span><\/p>\n<p class=\"v1MsoNormal\" style=\"text-align: justify;\"><span lang=\"X-NONE\">Explic\u00f3 la dirigenta que esto va en l\u00ednea con lo se\u00f1alado por la propia directora ejecutiva de la Organizaci\u00f3n Mundial del Turismo, Zoritsa Urosevic, quien se\u00f1al\u00f3 en la clausura de la Conferencia que \u00ab<\/span><span lang=\"ES\">el<span class=\"v1gmail-Apple-converted-space\">\u00a0<\/span><\/span><span lang=\"X-NONE\">agua permea toda la actividad tur\u00edstica. A medida que el mundo se enfrenta a retos cada vez m\u00e1s complejos, no debemos perder de vista que seguimos teniendo objetivos comunes<\/span><span lang=\"X-NONE\">\u00ab.\u00a0<\/span><\/p>\n<p class=\"v1MsoNormal\" style=\"text-align: justify;\"><span lang=\"X-NONE\">\u00abPor ello, las empresas familiares de turismo de Ays\u00e9n ya est\u00e1n\u00a0<span class=\"v1gmail-Apple-converted-space\">\u00a0<\/span>tomando medidas y los propios turistas est\u00e1n siendo m\u00e1s conscientes de esto. Si no hay agua limpia y que sea segura, no hay desarrollo del turismo, m\u00e1s a\u00fan cuando en pa\u00edses con serios d\u00e9ficit en t\u00e9rminos de desarrollo humano, esta actividad puede ser como un salvavidas pero tambi\u00e9n muy nociva si no hay un trabajo en conjunto para enfrentar los desaf\u00edos de la acci\u00f3n por el agua\u00bb puntualiz\u00f3.<\/span><\/p>\n<p class=\"v1MsoNormal\" style=\"text-align: justify;\"><span lang=\"X-NONE\">La delegaci\u00f3n tuvo la oportunidad de sostener una entrevista con la ministra Maisa Rojas, ocasi\u00f3n en que abordaron la situaci\u00f3n de las turberas y pomponales en Chilo\u00e9 y la Patagonia, que se extraen indiscriminadamente, planteando la necesidad de que el Ejecutivo tome alg\u00fan protagonismo en la ley que se discute en el Senado y que est\u00e1 manteniendo la cr\u00edtica desprotecci\u00f3n de estos fundamentales ecosistemas para la regulaci\u00f3n clim\u00e1tica y la adaptaci\u00f3n de las comunidades ante la creciente crisis h\u00eddrica.<\/span><\/p>\n<p class=\"v1MsoNormal\" style=\"text-align: justify;\"><span lang=\"X-NONE\">Asimismo, le hicieron entrega de un ejemplar del<span class=\"v1gmail-Apple-converted-space\">\u00a0<\/span><a href=\"https:\/\/www.chilesustentable.net\/publicacion\/crisis-climatica-en-aysen-desafios-y-propuestas-desde-la-ciudadania-y-la-academia\/\" target=\"_blank\" rel=\"noopener noreferrer\">documento<\/a><span class=\"v1gmail-Apple-converted-space\">\u00a0<\/span>\u00abCrisis Clim\u00e1tica en Ays\u00e9n: Desaf\u00edos y Propuestas desde la Ciudadan\u00eda y la Academia\u00bb, que fuera lanzado el jueves 26 de enero en Coyhaique. \u00c9ste fue desarrollado en conjunto entre Chile Sustentable, CODESA y la Agrupaci\u00f3n Ays\u00e9n Reserva de Vida, en el marco del convenio de colaboraci\u00f3n que estas entidades mantienen con la Universidad de Ays\u00e9n y busca dar propuestas de mitigaci\u00f3n, adaptaci\u00f3n y resiliencia para Ays\u00e9n, desde una mirada de soluciones basadas en la naturaleza y el modelo Ays\u00e9n reserva de vida.<\/span><\/p>\n<\/div><\/section><\/div><div  style='height:50px' class='hr hr-invisible   avia-builder-el-6  el_after_av_one_full  el_before_av_social_share '><span class='hr-inner ' ><span class='hr-inner-style'><\/span><\/span><\/div><\/p>\n<div  class='av-social-sharing-box  avia-builder-el-7  el_after_av_hr  el_before_av_hr  '><div class='av-share-box'><h5 class='av-share-link-description av-no-toc '>Compartir esta noticia<\/h5><ul class='av-share-box-list noLightbox'><li class='av-share-link av-social-link-facebook' ><a target=\"_blank\" aria-label=\"Compartir en Facebook\" href='https:\/\/www.facebook.com\/sharer.php?u=https:\/\/radiorevelacionfm.cl\/?p=29519&#038;t=Protecci%C3%B3n%20de%20turberas%20y%20gesti%C3%B3n%20binacional%20del%20lago%20General%20Carrera%3A%20Los%20planteamientos%20de%20los%20ayseninos%20al%20gobierno%20en%20la%20ONU' aria-hidden='false' data-av_icon='\ue8f3' data-av_iconfont='entypo-fontello' title='' data-avia-related-tooltip='Compartir en Facebook' rel=\"noopener\"><span class='avia_hidden_link_text'>Compartir en Facebook<\/span><\/a><\/li><li class='av-share-link av-social-link-twitter' ><a target=\"_blank\" aria-label=\"Compartir en Twitter\" href='https:\/\/twitter.com\/share?text=Protecci%C3%B3n%20de%20turberas%20y%20gesti%C3%B3n%20binacional%20del%20lago%20General%20Carrera%3A%20Los%20planteamientos%20de%20los%20ayseninos%20al%20gobierno%20en%20la%20ONU&#038;url=https:\/\/radiorevelacionfm.cl\/?p=29519' aria-hidden='false' data-av_icon='\ue8f1' data-av_iconfont='entypo-fontello' title='' data-avia-related-tooltip='Compartir en Twitter' rel=\"noopener\"><span class='avia_hidden_link_text'>Compartir en Twitter<\/span><\/a><\/li><li class='av-share-link av-social-link-whatsapp' ><a target=\"_blank\" aria-label=\"Compartir en Whatsapp\" href='https:\/\/api.whatsapp.com\/send?text=https:\/\/radiorevelacionfm.cl\/?p=29519' aria-hidden='false' data-av_icon='\uf232' data-av_iconfont='entypo-fontello' title='' data-avia-related-tooltip='Compartir en Whatsapp' rel=\"noopener\"><span class='avia_hidden_link_text'>Compartir en Whatsapp<\/span><\/a><\/li><li class='av-share-link av-social-link-linkedin' ><a target=\"_blank\" aria-label=\"Compartir en LinkedIn\" href='https:\/\/linkedin.com\/shareArticle?mini=true&#038;title=Protecci%C3%B3n%20de%20turberas%20y%20gesti%C3%B3n%20binacional%20del%20lago%20General%20Carrera%3A%20Los%20planteamientos%20de%20los%20ayseninos%20al%20gobierno%20en%20la%20ONU&#038;url=https:\/\/radiorevelacionfm.cl\/?p=29519' aria-hidden='false' data-av_icon='\ue8fc' data-av_iconfont='entypo-fontello' title='' data-avia-related-tooltip='Compartir en LinkedIn' rel=\"noopener\"><span class='avia_hidden_link_text'>Compartir en LinkedIn<\/span><\/a><\/li><li class='av-share-link av-social-link-mail' ><a  aria-label=\"Compartir por correo\" href='mailto:?subject=Protecci%C3%B3n%20de%20turberas%20y%20gesti%C3%B3n%20binacional%20del%20lago%20General%20Carrera%3A%20Los%20planteamientos%20de%20los%20ayseninos%20al%20gobierno%20en%20la%20ONU&#038;body=https:\/\/radiorevelacionfm.cl\/?p=29519' aria-hidden='false' data-av_icon='\ue805' data-av_iconfont='entypo-fontello' title='' data-avia-related-tooltip='Compartir por correo'><span class='avia_hidden_link_text'>Compartir por correo<\/span><\/a><\/li><\/ul><\/div><\/div>\n<div  style='height:50px' class='hr hr-invisible   avia-builder-el-8  el_after_av_social_share  el_before_av_comments_list '><span class='hr-inner ' ><span class='hr-inner-style'><\/span><\/span><\/div>\n<div  class='av-buildercomment  av-blog-meta-html-info-disabled av-blog-meta-tag-disabled  '><\/div>\n","protected":false},"excerpt":{"rendered":"","protected":false},"author":1,"featured_media":29520,"comment_status":"open","ping_status":"open","sticky":false,"template":"","format":"standard","meta":{"footnotes":""},"categories":[39],"tags":[],"class_list":["post-29519","post","type-post","status-publish","format-standard","has-post-thumbnail","hentry","category-medio-ambiente"],"jetpack_featured_media_url":"https:\/\/radiorevelacionfm.cl\/wp-content\/uploads\/2023\/03\/reunion-delegacion-con-ministra-maisa-rojas-1_optimized.jpg","_links":{"self":[{"href":"https:\/\/radiorevelacionfm.cl\/index.php?rest_route=\/wp\/v2\/posts\/29519","targetHints":{"allow":["GET"]}}],"collection":[{"href":"https:\/\/radiorevelacionfm.cl\/index.php?rest_route=\/wp\/v2\/posts"}],"about":[{"href":"https:\/\/radiorevelacionfm.cl\/index.php?rest_route=\/wp\/v2\/types\/post"}],"author":[{"embeddable":true,"href":"https:\/\/radiorevelacionfm.cl\/index.php?rest_route=\/wp\/v2\/users\/1"}],"replies":[{"embeddable":true,"href":"https:\/\/radiorevelacionfm.cl\/index.php?rest_route=%2Fwp%2Fv2%2Fcomments&post=29519"}],"version-history":[{"count":1,"href":"https:\/\/radiorevelacionfm.cl\/index.php?rest_route=\/wp\/v2\/posts\/29519\/revisions"}],"predecessor-version":[{"id":29521,"href":"https:\/\/radiorevelacionfm.cl\/index.php?rest_route=\/wp\/v2\/posts\/29519\/revisions\/29521"}],"wp:featuredmedia":[{"embeddable":true,"href":"https:\/\/radiorevelacionfm.cl\/index.php?rest_route=\/wp\/v2\/media\/29520"}],"wp:attachment":[{"href":"https:\/\/radiorevelacionfm.cl\/index.php?rest_route=%2Fwp%2Fv2%2Fmedia&parent=29519"}],"wp:term":[{"taxonomy":"category","embeddable":true,"href":"https:\/\/radiorevelacionfm.cl\/index.php?rest_route=%2Fwp%2Fv2%2Fcategories&post=29519"},{"taxonomy":"post_tag","embeddable":true,"href":"https:\/\/radiorevelacionfm.cl\/index.php?rest_route=%2Fwp%2Fv2%2Ftags&post=29519"}],"curies":[{"name":"wp","href":"https:\/\/api.w.org\/{rel}","templated":true}]}}