{"id":29510,"date":"2023-03-31T22:14:02","date_gmt":"2023-04-01T01:14:02","guid":{"rendered":"https:\/\/radiorevelacionfm.cl\/?p=29510"},"modified":"2023-03-31T22:14:02","modified_gmt":"2023-04-01T01:14:02","slug":"especialistas-aseguran-que-el-horario-de-invierno-es-el-mejor-para-la-salud","status":"publish","type":"post","link":"https:\/\/radiorevelacionfm.cl\/?p=29510","title":{"rendered":"Especialistas aseguran que el horario de invierno es el mejor para la salud"},"content":{"rendered":"<div class=\"flex_column av_one_full  flex_column_div av-zero-column-padding first  avia-builder-el-0  el_before_av_one_full  avia-builder-el-first  \" style='border-radius:0px; '><div  class='avia-image-container  av-styling-    avia-builder-el-1  avia-builder-el-no-sibling  avia-align-center '  itemprop=\"image\" itemscope=\"itemscope\" itemtype=\"https:\/\/schema.org\/ImageObject\"  ><div class='avia-image-container-inner'><div class='avia-image-overlay-wrap'><img decoding=\"async\" class='wp-image-29612 avia-img-lazy-loading-not-29612 avia_image' src=\"https:\/\/radiorevelacionfm.cl\/wp-content\/uploads\/2023\/03\/dormir-1-1.jpg\" alt='' title='dormir (1) (1)' height=\"600\" width=\"899\"  itemprop=\"thumbnailUrl\" srcset=\"https:\/\/radiorevelacionfm.cl\/wp-content\/uploads\/2023\/03\/dormir-1-1.jpg 899w, https:\/\/radiorevelacionfm.cl\/wp-content\/uploads\/2023\/03\/dormir-1-1-300x200.jpg 300w, https:\/\/radiorevelacionfm.cl\/wp-content\/uploads\/2023\/03\/dormir-1-1-768x513.jpg 768w, https:\/\/radiorevelacionfm.cl\/wp-content\/uploads\/2023\/03\/dormir-1-1-705x471.jpg 705w, https:\/\/radiorevelacionfm.cl\/wp-content\/uploads\/2023\/03\/dormir-1-1-450x300.jpg 450w, https:\/\/radiorevelacionfm.cl\/wp-content\/uploads\/2023\/03\/dormir-1-1-600x400.jpg 600w\" sizes=\"(max-width: 899px) 100vw, 899px\" \/><\/div><\/div><\/div><\/div><div class=\"flex_column av_one_full  flex_column_div av-zero-column-padding first  avia-builder-el-2  el_after_av_one_full  el_before_av_one_full  column-top-margin\" style='border-radius:0px; '><section class=\"av_textblock_section \"  itemscope=\"itemscope\" itemtype=\"https:\/\/schema.org\/BlogPosting\" itemprop=\"blogPost\" ><div class='avia_textblock  '   itemprop=\"text\" ><p style=\"text-align: center;\"><span style=\"font-size: 18pt;\"><b><span lang=\"ES\">Especialistas aseguran que el horario de invierno es el mejor para la salud<\/span><\/b><\/span><\/p>\n<div id=\"gtx-trans\" style=\"position: absolute; left: -50px; top: 4.31534px;\">\n<div class=\"gtx-trans-icon\"><\/div>\n<\/div>\n<\/div><\/section><\/div><div class=\"flex_column av_one_full  flex_column_div av-zero-column-padding first  avia-builder-el-4  el_after_av_one_full  el_before_av_hr  column-top-margin\" style='border-radius:0px; '><section class=\"av_textblock_section \"  itemscope=\"itemscope\" itemtype=\"https:\/\/schema.org\/BlogPosting\" itemprop=\"blogPost\" ><div class='avia_textblock  '   itemprop=\"text\" ><p style=\"font-weight: 400; text-align: justify;\">A partir de este s\u00e1bado 01 de abril, a las 00:00 hrs., los relojes se retrasar\u00e1n una hora. Seg\u00fan los expertos en trastornos del sue\u00f1o, es el cambio menos impactante para la salud, porque est\u00e1 alineado a los horarios de luz solar.<\/p>\n<p style=\"font-weight: 400; text-align: justify;\">\u201cEs menos dram\u00e1tico, porque se ajusta a la salida del sol, que es a las 7:00 hrs. Sin embargo, hay que tener en cuenta que todas las nuevas rutinas afectan a los ni\u00f1os, personas de mayor edad y a quienes tienen trastornos de sue\u00f1o\u201d, comenta el\u00a0Dr. Jos\u00e9 Luis Castillo, neur\u00f3logo del Centro del Sue\u00f1o de Cl\u00ednica Santa Mar\u00eda y autor del libro \u201cEl Buen Dormir\u201d.\u00a0En este sentido, la\u00a0Dra. Evelyn Benavides, neur\u00f3loga de Cl\u00ednica D\u00e1vila, concuerda y explica que esta modificaci\u00f3n horaria puede alterar el metabolismo del ser humano, disminuyendo su energ\u00eda y atenci\u00f3n en las actividades diarias, y presentando irritabilidad y dolor de cabeza, entre otros.<\/p>\n<p style=\"font-weight: 400; text-align: justify;\">Asimismo, el\u00a0Dr. Enzo Rivera, neur\u00f3logo de Cl\u00ednica Ciudad del Mar,\u00a0advierte que tambi\u00e9n se pueden producir modificaciones importantes en la rutina: \u201cPuede generar somnolencia al conducir o puede perjudicar el rendimiento de los ni\u00f1os, sobre todo en las primeras dos a tres horas de la ma\u00f1ana que van a ser las m\u00e1s dif\u00edciles\u201d, asegura.<\/p>\n<p style=\"font-weight: 400; text-align: justify;\">En cuanto a qui\u00e9nes podr\u00edan verse m\u00e1s afectados por esto,\u00a0Fernando Marchant, psic\u00f3logo de Vidaintegra, manifiesta que son pacientes diagnosticados con cuadros del orden ansioso, depresivo o de trastornos afectivos del espectro bipolar, generalmente, ya que son m\u00e1s sensibles a los cambios que el resto de la poblaci\u00f3n.<\/p>\n<p style=\"font-weight: 400; text-align: justify;\">Para poder enfrentar esta nueva rutina, la doctora Benavides dice que ser\u00e1 clave comenzar a modificar unos 3 o 4 d\u00edas antes el horario de dormir, para que\u00a0 se genere de forma paulatina, sobre todo en los grupos de riesgo antes mencionados. \u201cCada d\u00eda hay que ir adelantando 15 minutos idealmente la hora de dormir y despertar 15 min antes, para as\u00ed llegar al d\u00eda del cambio de horario de invierno con el desfase ya realizado\u201d, afirma.<\/p>\n<p style=\"font-weight: 400; text-align: justify;\">La\u00a0Dra. Paola Le\u00f3n, neur\u00f3loga infantojuvenil de Cl\u00ednica D\u00e1vila Vespucio, agrega: \u201cEn general, tenemos que volver a acostumbrarnos a un nuevo horario. Pasar\u00e1n algunos d\u00edas o semanas para adaptarnos, por lo que es importante cautelar la higiene del sue\u00f1o antes de dormir porque, con los est\u00edmulos de pantallas, la hormona melatonina no se secreta en la noche, lo que afecta a nuestro cerebro. Tambi\u00e9n se recomienda evitar los alimentos hasta muy tarde y hacer una rutina de buen dormir porque es una excelente inversi\u00f3n para tener un cerebro sano\u00bb.<\/p>\n<p style=\"font-weight: 400; text-align: justify;\">Adem\u00e1s, otras recomendaciones generales que entregan los especialistas son:<\/p>\n<ul style=\"font-weight: 400; text-align: justify;\">\n<li>Mantener horarios regulares de levantarse y acostarse.<\/li>\n<li>Dejar el dormitorio solo para dormir.<\/li>\n<li>Evitar los estimulantes en la tarde, como el t\u00e9, caf\u00e9, bebidas, alcohol.<\/li>\n<li>Exponerse a la luz solar durante las primeras horas de la ma\u00f1ana.<\/li>\n<li>Hacer actividad f\u00edsica al inicio del d\u00eda.<\/li>\n<li>Evitar siestas.<\/li>\n<\/ul>\n<p style=\"font-weight: 400; text-align: justify;\">\u201cSi a pesar de seguir las sugerencias se persiste con alg\u00fan trastorno de ansiedad, insomnio o dificultad en la concentraci\u00f3n que no ten\u00eda antes y que podr\u00eda ser atribuido al cambio de hora, es mejor consultar a un m\u00e9dico especialista porque podr\u00eda haber un trastorno de sue\u00f1o que haya profundizado su reacci\u00f3n a este cambio de hora\u201d, advierte el doctor Castillo.<\/p>\n<\/div><\/section><\/div><\/p>\n<div  style='height:50px' class='hr hr-invisible   avia-builder-el-6  el_after_av_one_full  el_before_av_social_share '><span class='hr-inner ' ><span class='hr-inner-style'><\/span><\/span><\/div>\n<div  class='av-social-sharing-box  avia-builder-el-7  el_after_av_hr  el_before_av_hr  '><div class='av-share-box'><h5 class='av-share-link-description av-no-toc '>Compartir esta noticia<\/h5><ul class='av-share-box-list noLightbox'><li class='av-share-link av-social-link-facebook' ><a target=\"_blank\" aria-label=\"Compartir en Facebook\" href='https:\/\/www.facebook.com\/sharer.php?u=https:\/\/radiorevelacionfm.cl\/?p=29510&#038;t=Especialistas%20aseguran%20que%20el%20horario%20de%20invierno%20es%20el%20mejor%20para%20la%20salud' aria-hidden='false' data-av_icon='\ue8f3' data-av_iconfont='entypo-fontello' title='' data-avia-related-tooltip='Compartir en Facebook' rel=\"noopener\"><span class='avia_hidden_link_text'>Compartir en Facebook<\/span><\/a><\/li><li class='av-share-link av-social-link-twitter' ><a target=\"_blank\" aria-label=\"Compartir en Twitter\" href='https:\/\/twitter.com\/share?text=Especialistas%20aseguran%20que%20el%20horario%20de%20invierno%20es%20el%20mejor%20para%20la%20salud&#038;url=https:\/\/radiorevelacionfm.cl\/?p=29510' aria-hidden='false' data-av_icon='\ue8f1' data-av_iconfont='entypo-fontello' title='' data-avia-related-tooltip='Compartir en Twitter' rel=\"noopener\"><span class='avia_hidden_link_text'>Compartir en Twitter<\/span><\/a><\/li><li class='av-share-link av-social-link-whatsapp' ><a target=\"_blank\" aria-label=\"Compartir en Whatsapp\" href='https:\/\/api.whatsapp.com\/send?text=https:\/\/radiorevelacionfm.cl\/?p=29510' aria-hidden='false' data-av_icon='\uf232' data-av_iconfont='entypo-fontello' title='' data-avia-related-tooltip='Compartir en Whatsapp' rel=\"noopener\"><span class='avia_hidden_link_text'>Compartir en Whatsapp<\/span><\/a><\/li><li class='av-share-link av-social-link-linkedin' ><a target=\"_blank\" aria-label=\"Compartir en LinkedIn\" href='https:\/\/linkedin.com\/shareArticle?mini=true&#038;title=Especialistas%20aseguran%20que%20el%20horario%20de%20invierno%20es%20el%20mejor%20para%20la%20salud&#038;url=https:\/\/radiorevelacionfm.cl\/?p=29510' aria-hidden='false' data-av_icon='\ue8fc' data-av_iconfont='entypo-fontello' title='' data-avia-related-tooltip='Compartir en LinkedIn' rel=\"noopener\"><span class='avia_hidden_link_text'>Compartir en LinkedIn<\/span><\/a><\/li><li class='av-share-link av-social-link-mail' ><a  aria-label=\"Compartir por correo\" href='mailto:?subject=Especialistas%20aseguran%20que%20el%20horario%20de%20invierno%20es%20el%20mejor%20para%20la%20salud&#038;body=https:\/\/radiorevelacionfm.cl\/?p=29510' aria-hidden='false' data-av_icon='\ue805' data-av_iconfont='entypo-fontello' title='' data-avia-related-tooltip='Compartir por correo'><span class='avia_hidden_link_text'>Compartir por correo<\/span><\/a><\/li><\/ul><\/div><\/div>\n<div  style='height:50px' class='hr hr-invisible   avia-builder-el-8  el_after_av_social_share  el_before_av_comments_list '><span class='hr-inner ' ><span class='hr-inner-style'><\/span><\/span><\/div>\n<div  class='av-buildercomment  av-blog-meta-html-info-disabled av-blog-meta-tag-disabled  '><\/div>\n","protected":false},"excerpt":{"rendered":"","protected":false},"author":1,"featured_media":29612,"comment_status":"open","ping_status":"open","sticky":false,"template":"","format":"standard","meta":{"footnotes":""},"categories":[61],"tags":[],"class_list":["post-29510","post","type-post","status-publish","format-standard","has-post-thumbnail","hentry","category-nacional"],"jetpack_featured_media_url":"https:\/\/radiorevelacionfm.cl\/wp-content\/uploads\/2023\/03\/dormir-1-1.jpg","_links":{"self":[{"href":"https:\/\/radiorevelacionfm.cl\/index.php?rest_route=\/wp\/v2\/posts\/29510","targetHints":{"allow":["GET"]}}],"collection":[{"href":"https:\/\/radiorevelacionfm.cl\/index.php?rest_route=\/wp\/v2\/posts"}],"about":[{"href":"https:\/\/radiorevelacionfm.cl\/index.php?rest_route=\/wp\/v2\/types\/post"}],"author":[{"embeddable":true,"href":"https:\/\/radiorevelacionfm.cl\/index.php?rest_route=\/wp\/v2\/users\/1"}],"replies":[{"embeddable":true,"href":"https:\/\/radiorevelacionfm.cl\/index.php?rest_route=%2Fwp%2Fv2%2Fcomments&post=29510"}],"version-history":[{"count":3,"href":"https:\/\/radiorevelacionfm.cl\/index.php?rest_route=\/wp\/v2\/posts\/29510\/revisions"}],"predecessor-version":[{"id":29613,"href":"https:\/\/radiorevelacionfm.cl\/index.php?rest_route=\/wp\/v2\/posts\/29510\/revisions\/29613"}],"wp:featuredmedia":[{"embeddable":true,"href":"https:\/\/radiorevelacionfm.cl\/index.php?rest_route=\/wp\/v2\/media\/29612"}],"wp:attachment":[{"href":"https:\/\/radiorevelacionfm.cl\/index.php?rest_route=%2Fwp%2Fv2%2Fmedia&parent=29510"}],"wp:term":[{"taxonomy":"category","embeddable":true,"href":"https:\/\/radiorevelacionfm.cl\/index.php?rest_route=%2Fwp%2Fv2%2Fcategories&post=29510"},{"taxonomy":"post_tag","embeddable":true,"href":"https:\/\/radiorevelacionfm.cl\/index.php?rest_route=%2Fwp%2Fv2%2Ftags&post=29510"}],"curies":[{"name":"wp","href":"https:\/\/api.w.org\/{rel}","templated":true}]}}