{"id":29507,"date":"2023-03-30T11:44:07","date_gmt":"2023-03-30T14:44:07","guid":{"rendered":"https:\/\/radiorevelacionfm.cl\/?p=29507"},"modified":"2023-03-30T11:44:07","modified_gmt":"2023-03-30T14:44:07","slug":"instituto-forestal-realizo-dia-de-bosque-en-la-provincia-capitan-prat","status":"publish","type":"post","link":"https:\/\/radiorevelacionfm.cl\/?p=29507","title":{"rendered":"Instituto Forestal realiz\u00f3 D\u00eda de Bosque en la Provincia Capit\u00e1n Prat"},"content":{"rendered":"<div class=\"flex_column av_one_full  flex_column_div av-zero-column-padding first  avia-builder-el-0  el_before_av_one_full  avia-builder-el-first  \" style='border-radius:0px; '><div  class='avia-image-container  av-styling-    avia-builder-el-1  avia-builder-el-no-sibling  avia-align-center '  itemprop=\"image\" itemscope=\"itemscope\" itemtype=\"https:\/\/schema.org\/ImageObject\"  ><div class='avia-image-container-inner'><div class='avia-image-overlay-wrap'><img decoding=\"async\" class='wp-image-29508 avia-img-lazy-loading-not-29508 avia_image' src=\"https:\/\/radiorevelacionfm.cl\/wp-content\/uploads\/2023\/03\/02-dia-de-bosque-1-1_optimized-1.jpg\" alt='' title='02-dia-de-bosque-(1)-(1)_optimized (1)' height=\"600\" width=\"912\"  itemprop=\"thumbnailUrl\" srcset=\"https:\/\/radiorevelacionfm.cl\/wp-content\/uploads\/2023\/03\/02-dia-de-bosque-1-1_optimized-1.jpg 912w, https:\/\/radiorevelacionfm.cl\/wp-content\/uploads\/2023\/03\/02-dia-de-bosque-1-1_optimized-1-300x197.jpg 300w, https:\/\/radiorevelacionfm.cl\/wp-content\/uploads\/2023\/03\/02-dia-de-bosque-1-1_optimized-1-768x505.jpg 768w, https:\/\/radiorevelacionfm.cl\/wp-content\/uploads\/2023\/03\/02-dia-de-bosque-1-1_optimized-1-705x464.jpg 705w, https:\/\/radiorevelacionfm.cl\/wp-content\/uploads\/2023\/03\/02-dia-de-bosque-1-1_optimized-1-450x296.jpg 450w, https:\/\/radiorevelacionfm.cl\/wp-content\/uploads\/2023\/03\/02-dia-de-bosque-1-1_optimized-1-600x395.jpg 600w\" sizes=\"(max-width: 912px) 100vw, 912px\" \/><\/div><\/div><\/div><\/div><div class=\"flex_column av_one_full  flex_column_div av-zero-column-padding first  avia-builder-el-2  el_after_av_one_full  el_before_av_one_full  column-top-margin\" style='border-radius:0px; '><section class=\"av_textblock_section \"  itemscope=\"itemscope\" itemtype=\"https:\/\/schema.org\/BlogPosting\" itemprop=\"blogPost\" ><div class='avia_textblock  '   itemprop=\"text\" ><p style=\"text-align: center;\"><strong><span style=\"font-size: 18pt;\">Instituto Forestal realiz\u00f3 D\u00eda de Bosque en la Provincia Capit\u00e1n Prat<\/span><\/strong><\/p>\n<div id=\"gtx-trans\" style=\"position: absolute; left: -50px; top: 4.31534px;\">\n<div class=\"gtx-trans-icon\"><\/div>\n<\/div>\n<\/div><\/section><\/div><div class=\"flex_column av_one_full  flex_column_div av-zero-column-padding first  avia-builder-el-4  el_after_av_one_full  el_before_av_hr  column-top-margin\" style='border-radius:0px; '><section class=\"av_textblock_section \"  itemscope=\"itemscope\" itemtype=\"https:\/\/schema.org\/BlogPosting\" itemprop=\"blogPost\" ><div class='avia_textblock  '   itemprop=\"text\" ><p style=\"text-align: justify;\">El Instituto Forestal (INFOR) -organismo dependiente del Ministerio de Agricultura- sede Patagonia, llev\u00f3 a cabo un D\u00eda de Bosque como parte del Programa FNDR \u00abTransferencia Desarrollo Productivo para el Sector Silv\u00edcola de la Provincia de Capit\u00e1n Prat\u00bb, en el predio \u00daltima Esperanza, sector Tres Lagos de la comuna de Cochrane, actividad que cont\u00f3 con la presencia de la Delegada Provincial Marta Montiel; el alcalde de Cochrane, Jorge Calder\u00f3n y los funcionarios de otras reparticiones del agro como CONAF, SAG e INDAP, contribuyendo a fortalecer el trabajo colaborativo del sector.<\/p>\n<p style=\"text-align: justify;\">En la jornada, cerca de 15 productores silv\u00edcolas y beneficiarios del programa que es parte de la pol\u00edtica de Zona de Rezago y cuenta con el financiamiento del Gobierno Regional de Ays\u00e9n y su Consejo, recibieron capacitaci\u00f3n en el manejo y uso de un aserradero m\u00f3vil, herramienta altamente vers\u00e1til para la elaboraci\u00f3n de madera en los campos de la Patagonia. Asimismo, pudieron conocer las particularidades del armado y cuidados necesarios para el uso de este tipo de maquinarias, las que pueden optar a tener en sus campos como parte de los beneficios del programa silv\u00edcola que ejecuta INFOR en la zona sur de la regi\u00f3n de Ays\u00e9n.<\/p>\n<p style=\"text-align: justify;\">El gerente de la se Patagonia de INFOR, Jaime Salinas, destac\u00f3 el trabajo realizado en la ocasi\u00f3n: \u00abEstamos en un D\u00eda de Bosque, con un grupo de productores que participan activamente del programa silv\u00edcola de Capit\u00e1n Prat, el que busca transferir y mejorar las competencias de los productores forestales de la provincia\u201d, manifest\u00f3.<\/p>\n<p style=\"text-align: justify;\">\u201cEl objetivo de esta actividad es que los productores conozcan y aprendan a utilizar esta tecnolog\u00eda que dispone el programa para el aserr\u00edo de madera nativa de esta provincia y con ello disminuir las brechas del sector forestal y ayudamos a los campesinos, a los productores, a mejorar su ingreso familiar\u00bb, puntualiz\u00f3 Salinas.<\/p>\n<p style=\"text-align: justify;\">Durante algunas semanas y mediante un comodato, Jorge Rivera, quien es propietario del predio \u00daltima Esperanza y beneficiario del programa, tendr\u00e1 a su cargo el aserradero lo que permitir\u00e1 optimizar la producci\u00f3n y desarrollo del rubro en la zona. \u00abEstoy muy agradecido, porque a veces le cierran las puertas a la gente por ser joven y no fue as\u00ed en esta ocasi\u00f3n\u201d, sostuvo.<\/p>\n<p style=\"text-align: justify;\">Rivera se mostr\u00f3 \u201cmuy contento por todo, por la capacitaci\u00f3n y por la posibilidad que me ha dado (INFOR) de ocupar este aserradero para mejorar mi infraestructura\u201d. Al hablar de sus planes manifest\u00f3 que \u201cquiero hacer madera para un galp\u00f3n de secado de le\u00f1a, tambi\u00e9n quiero alguna manga para mis animales y ser\u00eda ideal poder llegar a tener un aserradero propio, donde yo disponga mi tiempo ya que sirve para hacer todas las cosas con una mayor rapidez, porque con la motosierra de repente no sale tambi\u00e9n como un aserradero\u00bb.<\/p>\n<p style=\"text-align: justify;\">Cabe recordar que la realizaci\u00f3n del D\u00eda de Bosque es una de las acciones que ejecuta el INFOR para mejorar el desarrollo productivo del rubro silv\u00edcola y de los productores de Cochrane, O\u00b4Higgins y Tortel, para potenciar el sector y contribuir al desarrollo de la regi\u00f3n.<\/p>\n<\/div><\/section><\/div><div  style='height:50px' class='hr hr-invisible   avia-builder-el-6  el_after_av_one_full  el_before_av_social_share '><span class='hr-inner ' ><span class='hr-inner-style'><\/span><\/span><\/div><\/p>\n<div  class='av-social-sharing-box  avia-builder-el-7  el_after_av_hr  el_before_av_hr  '><div class='av-share-box'><h5 class='av-share-link-description av-no-toc '>Compartir esta noticia<\/h5><ul class='av-share-box-list noLightbox'><li class='av-share-link av-social-link-facebook' ><a target=\"_blank\" aria-label=\"Compartir en Facebook\" href='https:\/\/www.facebook.com\/sharer.php?u=https:\/\/radiorevelacionfm.cl\/?p=29507&#038;t=Instituto%20Forestal%20realiz%C3%B3%20D%C3%ADa%20de%20Bosque%20en%20la%20Provincia%20Capit%C3%A1n%20Prat' aria-hidden='false' data-av_icon='\ue8f3' data-av_iconfont='entypo-fontello' title='' data-avia-related-tooltip='Compartir en Facebook' rel=\"noopener\"><span class='avia_hidden_link_text'>Compartir en Facebook<\/span><\/a><\/li><li class='av-share-link av-social-link-twitter' ><a target=\"_blank\" aria-label=\"Compartir en Twitter\" href='https:\/\/twitter.com\/share?text=Instituto%20Forestal%20realiz%C3%B3%20D%C3%ADa%20de%20Bosque%20en%20la%20Provincia%20Capit%C3%A1n%20Prat&#038;url=https:\/\/radiorevelacionfm.cl\/?p=29507' aria-hidden='false' data-av_icon='\ue8f1' data-av_iconfont='entypo-fontello' title='' data-avia-related-tooltip='Compartir en Twitter' rel=\"noopener\"><span class='avia_hidden_link_text'>Compartir en Twitter<\/span><\/a><\/li><li class='av-share-link av-social-link-whatsapp' ><a target=\"_blank\" aria-label=\"Compartir en Whatsapp\" href='https:\/\/api.whatsapp.com\/send?text=https:\/\/radiorevelacionfm.cl\/?p=29507' aria-hidden='false' data-av_icon='\uf232' data-av_iconfont='entypo-fontello' title='' data-avia-related-tooltip='Compartir en Whatsapp' rel=\"noopener\"><span class='avia_hidden_link_text'>Compartir en Whatsapp<\/span><\/a><\/li><li class='av-share-link av-social-link-linkedin' ><a target=\"_blank\" aria-label=\"Compartir en LinkedIn\" href='https:\/\/linkedin.com\/shareArticle?mini=true&#038;title=Instituto%20Forestal%20realiz%C3%B3%20D%C3%ADa%20de%20Bosque%20en%20la%20Provincia%20Capit%C3%A1n%20Prat&#038;url=https:\/\/radiorevelacionfm.cl\/?p=29507' aria-hidden='false' data-av_icon='\ue8fc' data-av_iconfont='entypo-fontello' title='' data-avia-related-tooltip='Compartir en LinkedIn' rel=\"noopener\"><span class='avia_hidden_link_text'>Compartir en LinkedIn<\/span><\/a><\/li><li class='av-share-link av-social-link-mail' ><a  aria-label=\"Compartir por correo\" href='mailto:?subject=Instituto%20Forestal%20realiz%C3%B3%20D%C3%ADa%20de%20Bosque%20en%20la%20Provincia%20Capit%C3%A1n%20Prat&#038;body=https:\/\/radiorevelacionfm.cl\/?p=29507' aria-hidden='false' data-av_icon='\ue805' data-av_iconfont='entypo-fontello' title='' data-avia-related-tooltip='Compartir por correo'><span class='avia_hidden_link_text'>Compartir por correo<\/span><\/a><\/li><\/ul><\/div><\/div>\n<div  style='height:50px' class='hr hr-invisible   avia-builder-el-8  el_after_av_social_share  el_before_av_comments_list '><span class='hr-inner ' ><span class='hr-inner-style'><\/span><\/span><\/div>\n<div  class='av-buildercomment  av-blog-meta-html-info-disabled av-blog-meta-tag-disabled  '><\/div>\n","protected":false},"excerpt":{"rendered":"","protected":false},"author":1,"featured_media":29508,"comment_status":"open","ping_status":"open","sticky":false,"template":"","format":"standard","meta":{"footnotes":""},"categories":[58],"tags":[],"class_list":["post-29507","post","type-post","status-publish","format-standard","has-post-thumbnail","hentry","category-agricultura"],"jetpack_featured_media_url":"https:\/\/radiorevelacionfm.cl\/wp-content\/uploads\/2023\/03\/02-dia-de-bosque-1-1_optimized-1.jpg","_links":{"self":[{"href":"https:\/\/radiorevelacionfm.cl\/index.php?rest_route=\/wp\/v2\/posts\/29507","targetHints":{"allow":["GET"]}}],"collection":[{"href":"https:\/\/radiorevelacionfm.cl\/index.php?rest_route=\/wp\/v2\/posts"}],"about":[{"href":"https:\/\/radiorevelacionfm.cl\/index.php?rest_route=\/wp\/v2\/types\/post"}],"author":[{"embeddable":true,"href":"https:\/\/radiorevelacionfm.cl\/index.php?rest_route=\/wp\/v2\/users\/1"}],"replies":[{"embeddable":true,"href":"https:\/\/radiorevelacionfm.cl\/index.php?rest_route=%2Fwp%2Fv2%2Fcomments&post=29507"}],"version-history":[{"count":1,"href":"https:\/\/radiorevelacionfm.cl\/index.php?rest_route=\/wp\/v2\/posts\/29507\/revisions"}],"predecessor-version":[{"id":29509,"href":"https:\/\/radiorevelacionfm.cl\/index.php?rest_route=\/wp\/v2\/posts\/29507\/revisions\/29509"}],"wp:featuredmedia":[{"embeddable":true,"href":"https:\/\/radiorevelacionfm.cl\/index.php?rest_route=\/wp\/v2\/media\/29508"}],"wp:attachment":[{"href":"https:\/\/radiorevelacionfm.cl\/index.php?rest_route=%2Fwp%2Fv2%2Fmedia&parent=29507"}],"wp:term":[{"taxonomy":"category","embeddable":true,"href":"https:\/\/radiorevelacionfm.cl\/index.php?rest_route=%2Fwp%2Fv2%2Fcategories&post=29507"},{"taxonomy":"post_tag","embeddable":true,"href":"https:\/\/radiorevelacionfm.cl\/index.php?rest_route=%2Fwp%2Fv2%2Ftags&post=29507"}],"curies":[{"name":"wp","href":"https:\/\/api.w.org\/{rel}","templated":true}]}}